{"links": [{"rel": "self", "href": "https://data.education.gouv.fr/api/v2/catalog/datasets/lve-renforce"}, {"rel": "datasets", "href": "https://data.education.gouv.fr/api/v2/catalog/datasets"}, {"rel": "records", "href": "https://data.education.gouv.fr/api/v2/catalog/datasets/lve-renforce/records"}, {"rel": "exports", "href": "https://data.education.gouv.fr/api/v2/catalog/datasets/lve-renforce/exports"}, {"rel": "facets", "href": "https://data.education.gouv.fr/api/v2/catalog/datasets/lve-renforce/facets"}], "dataset": {"visibility": "domain", "dataset_id": "lve-renforce", "dataset_uid": "da_t1zzmu", "has_records": true, "features": ["geo", "analyze"], "attachments": [], "alternative_exports": [], "data_visible": true, "fields": [{"name": "uai", "description": "Num\u00e9ro UAI de l'\u00e9cole", "annotations": {}, "label": "UAI", "type": "text"}, {"name": "pres_lv", "description": "Pr\u00e9sence d'un enseignement en langue vivante", "annotations": {"facet": true, "disjunctive": true, "sortable": true, "facetsort": "-alphanum"}, "label": "Pr\u00e9sence LV", "type": "text"}, {"name": "lv1", "description": "Langue vivante enseign\u00e9e 1", "annotations": {"facet": true, "facetsort": "-count", "disjunctive": true, "sortable": true}, "label": "LV1", "type": "text"}, {"name": "lv2", "description": "Langue vivante enseign\u00e9e 2", "annotations": {"facet": true, "disjunctive": true, "facetsort": "-count", "sortable": true}, "label": "LV2", "type": "text"}, {"name": "ep", "description": "Appartenance de l'\u00e9cole \u00e0 l'\u00e9ducation prioritaire", "annotations": {"facet": true, "disjunctive": true, "sortable": true}, "label": "Education prioritaire", "type": "text"}, {"name": "preel", "description": "Enseignement en langue vivante renforc\u00e9 (R) ou \u00e0 parit\u00e9 horaire (P) en maternelle", "annotations": {"facet": true}, "label": "Enseignement pr\u00e9\u00e9l\u00e9mentaire", "type": "text"}, {"name": "elem", "description": "Enseignement en langue vivante renforc\u00e9 (R) ou \u00e0 parit\u00e9 horaire (P) en \u00e9l\u00e9mentaire", "annotations": {"facet": true}, "label": "Enseignement \u00e9l\u00e9mentaire", "type": "text"}, {"name": "appellation", "description": "Appellation officielle de l'\u00e9cole", "annotations": {}, "label": "Appellation", "type": "text"}, {"name": "secteur", "description": "Secteur de l'\u00e9cole", "annotations": {}, "label": "Secteur", "type": "text"}, {"name": "localite", "description": "Commune d'implantation de l'\u00e9cole", "annotations": {}, "label": "Localit\u00e9", "type": "text"}, {"name": "latitude", "description": "Latitude", "annotations": {}, "label": "Latitude", "type": "double"}, {"name": "longitude", "description": "Longitude", "annotations": {}, "label": "Longitude", "type": "double"}, {"name": "academie", "description": "Acad\u00e9mie d'implantation de l'\u00e9cole", "annotations": {"facet": true, "facetsort": "alphanum", "disjunctive": true, "sortable": true}, "label": "Acad\u00e9mie", "type": "text"}, {"name": "dep", "description": "D\u00e9partement d'implantation de l'\u00e9cole", "annotations": {"facet": true, "disjunctive": true, "facetsort": "alphanum", "sortable": true}, "label": "D\u00e9partement", "type": "text"}, {"name": "region", "description": "R\u00e9gion d'implantation de l'\u00e9cole", "annotations": {"facet": true, "facetsort": "alphanum", "disjunctive": true, "sortable": true}, "label": "R\u00e9gion", "type": "text"}, {"name": "geo", "description": "Coordonn\u00e9es g\u00e9ographiques de l'\u00e9cole", "annotations": {}, "label": "geo", "type": "geo_point_2d"}, {"name": "type", "description": "Nature de l'\u00e9cole", "annotations": {"facet": true}, "label": "Type d'\u00e9cole", "type": "text"}, {"name": "code_dep", "description": "Code du d\u00e9partement d'implantation de l'\u00e9cole", "annotations": {}, "label": "CODE_DEP", "type": "text"}, {"name": "code_reg", "description": "Code de la r\u00e9gion d'implantation de l'\u00e9cole", "annotations": {}, "label": "CODE_REG", "type": "text"}, {"name": "code_acad", "description": "Code de l'acad\u00e9mie d'implantation de l'\u00e9cole", "annotations": {}, "label": "CODE_ACAD", "type": "text"}], "metas": {"dcat": {"created": null, "issued": null, "creator": null, "contributor": null, "contact_name": null, "contact_email": null, "accrualperiodicity": "Annuelle", "spatial": "France", "temporal": "Ann\u00e9e scolaire 2025-2026", "granularity": null, "dataquality": null, "publisher_type": null, "conforms_to": null, "temporal_coverage_start": "2025-08-31T22:00:00+00:00", "temporal_coverage_end": "2026-08-30T22:00:00+00:00", "accessRights": null, "relation": null}, "default": {"title": "LVE renforc\u00e9", "description": "Enseignements renforc\u00e9 et \u00e0 parit\u00e9 horaire d'une langue vivante dans les \u00e9coles du 1er degr\u00e9, selon le niveau (pr\u00e9\u00e9l\u00e9mentaire/\u00e9l\u00e9mentaire), \u00e0 la rentr\u00e9e scolaire 2025.<br><p><br></p>", "theme": ["Enseignements (dont formation, sp\u00e9cialit\u00e9, langue, sport)", "Etablissements (dont IPS)"], "keyword": ["langues vivantes"], "license": "Licence Ouverte v2.0 (Etalab)", "license_url": "http://www.etalab.gouv.fr/wp-content/uploads/2017/04/ETALAB-Licence-Ouverte-v2.0.pdf", "language": "fr", "metadata_languages": ["fr"], "timezone": null, "modified": "2026-01-29T18:46:57.198000+00:00", "modified_updates_on_metadata_change": false, "modified_updates_on_data_change": true, "data_processed": "2026-01-29T18:46:57.198000+00:00", "metadata_processed": "2026-01-29T18:46:57.358000+00:00", "geographic_reference": ["world"], "geographic_reference_auto": true, "territory": ["World"], "geometry_types": ["Point"], "bbox": {"type": "Feature", "geometry": {"coordinates": [[[55.82549306564033, 51.06960946228355], [-63.10663995333016, 51.06960946228355], [-63.10663995333016, -21.386912930756807], [55.82549306564033, -21.386912930756807], [55.82549306564033, 51.06960946228355]]], "type": "Polygon"}, "properties": {}}, "publisher": "DGESCO - Minist\u00e8re de l'\u00e9ducation nationale", "references": null, "records_count": 42836, "attributions": null, "source_domain": null, "source_domain_title": null, "source_domain_address": null, "source_dataset": null, "shared_catalog": null, "federated": false, "parent_domain": null, "update_frequency": null}, "metadonnees-complementaires": {"date-observation": null, "periode-donnees": null, "champ": null, "couverture-geographique": null, "unite-statistique": null, "secret-statistique": null}}}}