{"links": [{"rel": "self", "href": "https://data.education.gouv.fr/api/v2/catalog/datasets/fr-en-taux-de-pression-et-demploi"}, {"rel": "datasets", "href": "https://data.education.gouv.fr/api/v2/catalog/datasets"}, {"rel": "records", "href": "https://data.education.gouv.fr/api/v2/catalog/datasets/fr-en-taux-de-pression-et-demploi/records"}, {"rel": "exports", "href": "https://data.education.gouv.fr/api/v2/catalog/datasets/fr-en-taux-de-pression-et-demploi/exports"}, {"rel": "facets", "href": "https://data.education.gouv.fr/api/v2/catalog/datasets/fr-en-taux-de-pression-et-demploi/facets"}], "dataset": {"visibility": "domain", "dataset_id": "fr-en-taux-de-pression-et-demploi", "dataset_uid": "da_2q9jnl", "has_records": true, "features": ["timeserie", "analyze", "custom_view"], "attachments": [], "alternative_exports": [], "data_visible": true, "fields": [{"name": "anne_inser", "description": "Ann\u00e9e de sortie des \u00e9l\u00e8ves dipl\u00f4m\u00e9s", "annotations": {"timeserie_precision": "year"}, "label": "Ann\u00e9e dipl\u00f4me", "type": "date"}, {"name": "diplome", "description": "Libell\u00e9 du dipl\u00f4me de la voie professionnelle (type de dipl\u00f4me+libell\u00e9 de la sp\u00e9cialit\u00e9 du dipl\u00f4me)", "annotations": {"facet": true, "facetsort": "alphanum", "disjunctive": true, "sortable": true}, "label": "Dipl\u00f4me", "type": "text"}, {"name": "type_dip_lib", "description": "Type de dipl\u00f4me de la voie professionnelle (CAP ou BAC PRO)", "annotations": {"facet": true, "disjunctive": true}, "label": "Type de dipl\u00f4me", "type": "text"}, {"name": "filiere", "description": null, "annotations": {"facet": true, "disjunctive": true, "sortable": true, "facetsort": "alphanum"}, "label": "Fili\u00e8re", "type": "text"}, {"name": "specialite_lib", "description": "Libell\u00e9 de la sp\u00e9cialit\u00e9 du dipl\u00f4me de la voie professionnelle", "annotations": {"facet": true, "facetsort": "alphanum", "disjunctive": true, "sortable": true}, "label": "Sp\u00e9cialit\u00e9 libell\u00e9", "type": "text"}, {"name": "taux_emploi", "description": "Taux d'emploi voie scolaire + apprentissage (sortants 2019)", "annotations": {"unit": "%"}, "label": "Taux d'emploi", "type": "double"}, {"name": "annee_ori", "description": "Ann\u00e9e d'entr\u00e9e dans la premi\u00e8re ann\u00e9e de formation correspondant au dipl\u00f4me", "annotations": {}, "label": "Ann\u00e9e premi\u00e8re ann\u00e9e", "type": "double"}, {"name": "mefstat_lib_2nde", "description": "Libell\u00e9 complet de la premi\u00e8re ann\u00e9e de formation", "annotations": {"facet": true}, "label": "MEFSTAT libell\u00e9", "type": "text"}, {"name": "pression", "description": "Demandes/capacit\u00e9", "annotations": {}, "label": "Taux de pression", "type": "double"}, {"name": "demandes", "description": "Demandes en premi\u00e8re ann\u00e9e de formation", "annotations": {}, "label": "Demandes", "type": "double"}, {"name": "capacite", "description": "Capacit\u00e9 th\u00e9orique d'accueil dans la premi\u00e8re ann\u00e9e de formation", "annotations": {}, "label": "Capacit\u00e9", "type": "double"}, {"name": "dipspe", "description": "Num\u00e9ro du dipl\u00f4me (code du type du dipl\u00f4me sur 3 caract\u00e8res+code de la sp\u00e9cialit\u00e9 du dipl\u00f4me sur 5 caract\u00e8res)", "annotations": {}, "label": "Code dipl\u00f4me", "type": "text"}, {"name": "mefstat11", "description": "Code complet de la premi\u00e8re ann\u00e9e de formation", "annotations": {}, "label": "MEFSTAT11", "type": "text"}, {"name": "type_dip", "description": "Code du type de dipl\u00f4me de la voie professionnelle", "annotations": {}, "label": "Code type dipl\u00f4me", "type": "double"}, {"name": "dipspe_2nde", "description": "Num\u00e9ro du dipl\u00f4me (code du type du dipl\u00f4me sur 3 caract\u00e8res+code de la sp\u00e9cialit\u00e9 du dipl\u00f4me sur 5 caract\u00e8res)", "annotations": {}, "label": "Code dipl\u00f4me", "type": "text"}, {"name": "mefstat_lib_court_2nde", "description": "Libell\u00e9 court de la premi\u00e8re ann\u00e9e de formation", "annotations": {}, "label": "MEFSTAT libell\u00e9 court", "type": "text"}, {"name": "admis_apprentissage_2019", "description": "Nombre d'\u00e9l\u00e8ves sous statut d'apprenti re\u00e7us \u00e0 l'examen \u00e0 la session 2019", "annotations": {}, "label": "Admis apprentissage 2019", "type": "double"}, {"name": "admis_voie_scolaire_2019", "description": "Nombre d'\u00e9l\u00e8ves sous statut scolaire re\u00e7us \u00e0 l'examen \u00e0 la session 2019", "annotations": {"facetsort": "-count"}, "label": "Admis voie scolaire 2019", "type": "int"}], "metas": {"dcat": {"created": null, "issued": null, "creator": null, "contributor": null, "contact_name": null, "contact_email": null, "accrualperiodicity": "Ponctuelle", "spatial": "France", "temporal": "2019", "granularity": null, "dataquality": null, "publisher_type": null, "conforms_to": null, "temporal_coverage_start": "2018-12-31T23:00:00+00:00", "temporal_coverage_end": "2019-12-30T23:00:00+00:00", "accessRights": null, "relation": null}, "default": {"title": "Taux de pression et d'emploi pour les dipl\u00f4mes de la voie professionnelle", "description": "<div class=\"ods-asset-customview-crosslink\"><p>Cet actif a \u00e9t\u00e9 li\u00e9 \u00e0 l'actif suivant : <a href=\"/explore/assets/visualisation-fr-en-taux-de-pression-et-demploi/\">Taux de pression et d'emploi pour les dipl\u00f4mes de la voie professionnelle - Visualization</a></p><hr></div><p>Mise en perspective pour l'ensemble des sp\u00e9cialit\u00e9s de la voie professionnelle du taux d'emploi en sortie d'\u00e9tudes au taux de pression en premi\u00e8re ann\u00e9e de formation et au volume d'\u00e9l\u00e8ves dipl\u00f4m\u00e9s.</p><p><br></p><p>Source : Inserjeunes / SIECLE Orientation</p><p>Champ :</p><p>- Taux d'emploi : secteurs public et priv\u00e9 (sous contrat pour les scolaires), \u00e9l\u00e8ves sous statut scolaire et apprentis </p><p>- Taux de pression : secteur public, \u00e9l\u00e8ves sous statut scolaire</p><p>- El\u00e8ves dipl\u00f4m\u00e9s : secteurs public et priv\u00e9 (sous et hors contrat), tout statut de candidat (scolaire, apprenti, individuel...) <br></p>", "theme": ["Dipl\u00f4mes et examens", "Parcours et insertion professionnelle"], "keyword": ["insertion", "taux pression", "formation professionnelle", "voie professionnelle"], "license": "Licence Ouverte v2.0 (Etalab)", "license_url": "http://www.etalab.gouv.fr/wp-content/uploads/2017/04/ETALAB-Licence-Ouverte-v2.0.pdf", "language": "fr", "metadata_languages": ["fr"], "timezone": null, "modified": "2026-01-29T18:45:44.138000+00:00", "modified_updates_on_metadata_change": false, "modified_updates_on_data_change": true, "data_processed": "2026-01-29T18:45:44.138000+00:00", "metadata_processed": "2026-02-02T21:55:04.065000+00:00", "geographic_reference": ["world_fr"], "geographic_reference_auto": true, "territory": ["France"], "geometry_types": null, "bbox": null, "publisher": "DGESCO - Minist\u00e8re de l'\u00e9ducation nationale", "references": null, "records_count": 185, "attributions": null, "source_domain": null, "source_domain_title": null, "source_domain_address": null, "source_dataset": null, "shared_catalog": null, "federated": false, "parent_domain": null, "update_frequency": null}, "metadonnees-complementaires": {"date-observation": null, "periode-donnees": null, "champ": null, "couverture-geographique": null, "unite-statistique": null, "secret-statistique": null}}}}