{"links": [{"rel": "self", "href": "https://data.education.gouv.fr/api/v2/catalog/datasets/fr-en-sections-sportives-scolaires"}, {"rel": "datasets", "href": "https://data.education.gouv.fr/api/v2/catalog/datasets"}, {"rel": "records", "href": "https://data.education.gouv.fr/api/v2/catalog/datasets/fr-en-sections-sportives-scolaires/records"}, {"rel": "exports", "href": "https://data.education.gouv.fr/api/v2/catalog/datasets/fr-en-sections-sportives-scolaires/exports"}, {"rel": "facets", "href": "https://data.education.gouv.fr/api/v2/catalog/datasets/fr-en-sections-sportives-scolaires/facets"}], "dataset": {"visibility": "domain", "dataset_id": "fr-en-sections-sportives-scolaires", "dataset_uid": "da_ml7ig6", "has_records": true, "features": ["analyze", "geo"], "attachments": [], "alternative_exports": [], "data_visible": true, "fields": [{"name": "uai", "description": "Num\u00e9ro d'immatriculation de l'\u00e9tablissement", "annotations": {}, "label": "UAI", "type": "text"}, {"name": "nom_etablissement", "description": "nom de l'\u00e9tablissement", "annotations": {}, "label": "Nom de l'\u00e9tablissement", "type": "text"}, {"name": "sections_scolaires", "description": "D\u00e9tail des sports de section pr\u00e9sents dans l'\u00e9tablissement", "annotations": {"facet": true, "multivalued": ";", "disjunctive": true}, "label": "Sections scolaires", "type": "text"}, {"name": "type_etablissement", "description": "type regroup\u00e9 d'\u00e9tablissement : \u00e9cole, coll\u00e8ge, lyc\u00e9e, EREA, ...", "annotations": {"facet": true}, "label": "Type d'\u00e9tablissement", "type": "text"}, {"name": "statut_public_prive", "description": "Statut public ou priv\u00e9", "annotations": {"facet": true}, "label": "Statut", "type": "text"}, {"name": "nom_commune", "description": "nom de la commune", "annotations": {}, "label": "Nom de commune", "type": "text"}, {"name": "code_postal", "description": "code postal", "annotations": {}, "label": "Code_postal", "type": "text"}, {"name": "adresse_1", "description": "premier \u00e9l\u00e9ment de l'adresse", "annotations": {}, "label": "Adresse 1", "type": "text"}, {"name": "adresse_2", "description": "deuxi\u00e8me \u00e9l\u00e9ment de l'adresse", "annotations": {}, "label": "Adresse 2", "type": "text"}, {"name": "adresse_3", "description": "troisi\u00e8me \u00e9l\u00e9ment de l'adresse", "annotations": {}, "label": "Adresse 3", "type": "text"}, {"name": "telephone", "description": "num\u00e9ro de t\u00e9l\u00e9phone", "annotations": {}, "label": "T\u00e9l\u00e9phone", "type": "text"}, {"name": "web", "description": "site web", "annotations": {}, "label": "Site internet", "type": "text"}, {"name": "mail", "description": "adresse mail", "annotations": {}, "label": "Courriel", "type": "text"}, {"name": "hebergement", "description": "Pr\u00e9sence d'un h\u00e9bergement dans l'\u00e9tablissement", "annotations": {"facetsort": "-count", "facet": true}, "label": "H\u00e9bergement", "type": "text"}, {"name": "appartenance_education_prioritaire", "description": "Appartenance \u00e0 un r\u00e9seau d'\u00e9ducation prioritaire, ou prioritaire renforc\u00e9", "annotations": {"facet": true}, "label": "Appartenance \u00e0 l'Education Prioritaire", "type": "text"}, {"name": "fiche_onisep", "description": "Lien vers la fiche ONISEP de l'\u00e9tablissement", "annotations": {}, "label": "Fiche onisep", "type": "text"}, {"name": "libelle_region", "description": "nom de la r\u00e9gion", "annotations": {"facet": true}, "label": "R\u00e9gion", "type": "text"}, {"name": "libelle_academie", "description": "nom de l'acad\u00e9mie", "annotations": {"facet": true}, "label": "Acad\u00e9mie", "type": "text"}, {"name": "libelle_departement", "description": "nom du d\u00e9partement", "annotations": {"facet": true}, "label": "D\u00e9partement", "type": "text"}, {"name": "position", "description": "position (latitude/longitude WGS 84) de l'\u00e9tablissement", "annotations": {}, "label": "position", "type": "geo_point_2d"}], "metas": {"dcat": {"created": null, "issued": null, "creator": null, "contributor": null, "contact_name": null, "contact_email": null, "accrualperiodicity": "Ponctuelle", "spatial": "France", "temporal": "Ann\u00e9e scolaire 2025-2026", "granularity": null, "dataquality": null, "publisher_type": null, "conforms_to": null, "temporal_coverage_start": "2025-08-31T22:00:00+00:00", "temporal_coverage_end": "2026-08-30T22:00:00+00:00", "accessRights": null, "relation": null}, "default": {"title": "Sections Sportives Scolaires", "description": "<p>Listes des sections sportives scolaires implant\u00e9es dans les \u00e9tablissements du 2nd degr\u00e9 \u00e0 la rentr\u00e9e scolaire 2025.</p>", "theme": ["Enseignements (dont formation, sp\u00e9cialit\u00e9, langue, sport)", "Etablissements (dont IPS)", "Organisation du syst\u00e8me scolaire", "Sport, jeunesse et vie associative"], "keyword": ["sport"], "license": "Licence Ouverte v2.0 (Etalab)", "license_url": "http://www.etalab.gouv.fr/wp-content/uploads/2017/04/ETALAB-Licence-Ouverte-v2.0.pdf", "language": "fr", "metadata_languages": ["fr"], "timezone": ["Europe/Paris"], "modified": "2026-02-18T17:06:12.424000+00:00", "modified_updates_on_metadata_change": true, "modified_updates_on_data_change": true, "data_processed": "2026-02-18T17:06:12.424000+00:00", "metadata_processed": "2026-02-18T17:06:12.560000+00:00", "geographic_reference": ["world"], "geographic_reference_auto": true, "territory": ["World"], "geometry_types": ["Point"], "bbox": {"type": "Feature", "geometry": {"coordinates": [[[55.74314740486443, 51.07081616297364], [-63.07941989041865, 51.07081616297364], [-63.07941989041865, -21.37721381150186], [55.74314740486443, -21.37721381150186], [55.74314740486443, 51.07081616297364]]], "type": "Polygon"}, "properties": {}}, "publisher": "DGESCO - Minist\u00e8re de l'\u00e9ducation nationale", "references": null, "records_count": 2763, "attributions": null, "source_domain": null, "source_domain_title": null, "source_domain_address": null, "source_dataset": null, "shared_catalog": null, "federated": false, "parent_domain": null, "update_frequency": null}, "metadonnees-complementaires": {"date-observation": null, "periode-donnees": null, "champ": null, "couverture-geographique": null, "unite-statistique": null, "secret-statistique": null}}}}