{"links": [{"rel": "self", "href": "https://data.education.gouv.fr/api/v2/catalog/datasets/fr-en-sections-internationales"}, {"rel": "datasets", "href": "https://data.education.gouv.fr/api/v2/catalog/datasets"}, {"rel": "records", "href": "https://data.education.gouv.fr/api/v2/catalog/datasets/fr-en-sections-internationales/records"}, {"rel": "exports", "href": "https://data.education.gouv.fr/api/v2/catalog/datasets/fr-en-sections-internationales/exports"}, {"rel": "facets", "href": "https://data.education.gouv.fr/api/v2/catalog/datasets/fr-en-sections-internationales/facets"}], "dataset": {"visibility": "domain", "dataset_id": "fr-en-sections-internationales", "dataset_uid": "da_kxi8va", "has_records": true, "features": ["geo", "analyze", "custom_view"], "attachments": [], "alternative_exports": [], "data_visible": true, "fields": [{"name": "annee", "description": "Rentr\u00e9e scolaire", "annotations": {"facet": true}, "label": "Rentr\u00e9e scolaire", "type": "text"}, {"name": "academie", "description": "Acad\u00e9mie ou Pays", "annotations": {"facet": true}, "label": "Academie", "type": "text"}, {"name": "section", "description": "D\u00e9tail de la section internationale : langue, r\u00e9gion", "annotations": {"facet": true, "disjunctive": true, "sortable": true}, "label": "Section", "type": "text"}, {"name": "uai", "description": "Identifiant de l'\u00e9tablissement", "annotations": {"facet": true}, "label": "UAI", "type": "text"}, {"name": "nom_etab", "description": "Nom de l'\u00e9tablissement", "annotations": {}, "label": "Nom \u00e9tablissement", "type": "text"}, {"name": "niveau", "description": "E : \u00e9cole, C : coll\u00e8ge, L : lyc\u00e9e", "annotations": {"facet": true}, "label": "Niveau", "type": "text"}, {"name": "ville", "description": "Ville o\u00f9 est situ\u00e9 l'\u00e9tablissement scolaire", "annotations": {"facet": true}, "label": "Ville", "type": "text"}, {"name": "premiere_session_oib_ou_dnb_option_internationale_a_venir", "description": "Ann\u00e9e de la premi\u00e8re session de l'option internationale du baccalaur\u00e9at ou du dipl\u00f4me national du brevet, si elle est post\u00e9rieure ou \u00e9gale \u00e0 celle de la rentr\u00e9e scolaire", "annotations": {"facet": true}, "label": "Premiere_session_OIB_ou_DNB_option_internationale_a_venir", "type": "text"}, {"name": "ouverture_rentree_suivante", "description": "Ann\u00e9e d'ouverture de la section internationale", "annotations": {"facet": true}, "label": "Ouverture de la section internationale", "type": "text"}, {"name": "latitude", "description": "Latitude de l'\u00e9tablissement scolaire", "annotations": {}, "label": "Latitude", "type": "double"}, {"name": "longitude", "description": "Longitude de l'\u00e9tablissement scolaire", "annotations": {}, "label": "Longitude", "type": "double"}, {"name": "position", "description": "Position g\u00e9ographique", "annotations": {"facetsort": "-count"}, "label": "Position", "type": "geo_point_2d"}], "metas": {"dcat": {"created": "2020-07-10", "issued": "2020-07-09", "creator": null, "contributor": null, "contact_name": null, "contact_email": null, "accrualperiodicity": "Ponctuelle", "spatial": "Monde", "temporal": "2023", "granularity": null, "dataquality": null, "publisher_type": null, "conforms_to": null, "temporal_coverage_start": "2022-12-31T23:00:00+00:00", "temporal_coverage_end": "2023-12-30T23:00:00+00:00", "accessRights": null, "relation": null}, "default": {"title": "Sections internationales et classes menant au baccalaur\u00e9at fran\u00e7ais international (BFI) en France et dans les \u00e9tablissements fran\u00e7ais \u00e0 l\u2019\u00e9tranger", "description": "<div class=\"ods-asset-customview-crosslink\"><p>Cet actif a \u00e9t\u00e9 li\u00e9 \u00e0 l'actif suivant : <a href=\"/explore/assets/visualisation-fr-en-sections-internationales/\">Sections internationales et classes menant au baccalaur\u00e9at fran\u00e7ais international (BFI) en France et dans les \u00e9tablissements fran\u00e7ais \u00e0 l\u2019\u00e9tranger - Visualization</a></p><hr></div><p>Liste des sections internationales dans les \u00e9coles, coll\u00e8ges et lyc\u00e9es</p><p>Pour la rentr\u00e9e scolaire 2020, les donn\u00e9es sont issues de l'annexe de l'arr\u00eat\u00e9 du 27 d\u00e9cembre 2019 modifiant l\u2019arr\u00eat\u00e9 du 30 mars 2012 modifi\u00e9 fixant la liste des sections internationales dans les \u00e9coles, coll\u00e8ges et lyc\u00e9es NOR : MENE1937682A<br></p>", "theme": ["Etablissements (dont IPS)", "Politique \u00e9ducative (dont \u00e9ducation prioritaire)", "Dipl\u00f4mes et examens"], "keyword": ["langues vivantes"], "license": "Licence Ouverte v2.0 (Etalab)", "license_url": "http://www.etalab.gouv.fr/wp-content/uploads/2017/04/ETALAB-Licence-Ouverte-v2.0.pdf", "language": "fr", "metadata_languages": ["fr"], "timezone": null, "modified": "2026-02-02T21:47:23.721000+00:00", "modified_updates_on_metadata_change": true, "modified_updates_on_data_change": true, "data_processed": "2026-01-29T18:31:02.251000+00:00", "metadata_processed": "2026-02-02T21:47:26.427000+00:00", "geographic_reference": ["world"], "geographic_reference_auto": true, "territory": ["World"], "geometry_types": ["Point"], "bbox": {"type": "Feature", "geometry": {"coordinates": [[[168.31999998539686, 59.32089999318123], [-176.21013404801488, 59.32089999318123], [-176.21013404801488, -35.31480002682656], [168.31999998539686, -35.31480002682656], [168.31999998539686, 59.32089999318123]]], "type": "Polygon"}, "properties": {}}, "publisher": "DREIC - Minist\u00e8re de l'\u00e9ducation nationale", "references": null, "records_count": 1044, "attributions": null, "source_domain": null, "source_domain_title": null, "source_domain_address": null, "source_dataset": null, "shared_catalog": null, "federated": false, "parent_domain": null, "update_frequency": null}, "metadonnees-complementaires": {"date-observation": null, "periode-donnees": null, "champ": null, "couverture-geographique": null, "unite-statistique": null, "secret-statistique": null}}}}