{"links": [{"rel": "self", "href": "https://data.education.gouv.fr/api/v2/catalog/datasets/fr-en-sante-enfants-grande-section-et-cm2"}, {"rel": "datasets", "href": "https://data.education.gouv.fr/api/v2/catalog/datasets"}, {"rel": "records", "href": "https://data.education.gouv.fr/api/v2/catalog/datasets/fr-en-sante-enfants-grande-section-et-cm2/records"}, {"rel": "exports", "href": "https://data.education.gouv.fr/api/v2/catalog/datasets/fr-en-sante-enfants-grande-section-et-cm2/exports"}, {"rel": "facets", "href": "https://data.education.gouv.fr/api/v2/catalog/datasets/fr-en-sante-enfants-grande-section-et-cm2/facets"}], "dataset": {"visibility": "domain", "dataset_id": "fr-en-sante-enfants-grande-section-et-cm2", "dataset_uid": "da_l599re", "has_records": true, "features": ["analyze"], "attachments": [], "alternative_exports": [], "data_visible": true, "fields": [{"name": "indicateur", "description": "description de l'indicateur statistique", "annotations": {"facet": true}, "label": "Indicateur", "type": "text"}, {"name": "classe", "description": "classe des \u00e9l\u00e8ves", "annotations": {"facet": true}, "label": "classe", "type": "text"}, {"name": "education_prioritaire", "description": "statut de l'\u00e9cole au regard de l'\u00e9ducation prioritaire", "annotations": {"facet": true}, "label": "education prioritaire", "type": "text"}, {"name": "csp_des_parents", "description": "cat\u00e9gorie sociale des parents", "annotations": {"facet": true}, "label": "CSP des parents", "type": "text"}, {"name": "annee_de_l_enquete", "description": "ann\u00e9e de l'enqu\u00eate", "annotations": {"facet": true}, "label": "ann\u00e9e de l'enqu\u00eate", "type": "text"}, {"name": "proportion_d_eleves", "description": "valeur de l'indicateur statistique, en proportion d'\u00e9l\u00e8ves", "annotations": {}, "label": "Proportion d'\u00e9l\u00e8ves (%)", "type": "double"}], "metas": {"dcat": {"created": "2016-12-06", "issued": null, "creator": null, "contributor": null, "contact_name": null, "contact_email": null, "accrualperiodicity": "Ponctuelle", "spatial": "France", "temporal": "1999-2015", "granularity": null, "dataquality": null, "publisher_type": null, "conforms_to": null, "temporal_coverage_start": "1998-12-31T23:00:00+00:00", "temporal_coverage_end": "2015-12-30T23:00:00+00:00", "accessRights": null, "relation": null}, "default": {"title": "La sant\u00e9 des enfants en grande section de maternelle et en CM2", "description": "<p>Tableaux statistiques : \u00e9tat de sant\u00e9 des enfants de 5 et 6 ans  scolaris\u00e9s en grande section de maternelle ; \u00e9tat de sant\u00e9 des enfants  scolaris\u00e9s en CM2</p><p>Source : RERS - Rep\u00e8res et r\u00e9f\u00e9rences statistiques sur les enseignements, la formation et la recherche</p>", "theme": ["El\u00e8ves, \u00e9tudiants, et apprentis"], "keyword": ["sant\u00e9", "\u00e9cole", "\u00e9l\u00e8ves", "bilan sant\u00e9"], "license": "Licence Ouverte v2.0 (Etalab)", "license_url": "http://www.etalab.gouv.fr/wp-content/uploads/2017/04/ETALAB-Licence-Ouverte-v2.0.pdf", "language": "fr", "metadata_languages": ["fr"], "timezone": null, "modified": "2026-01-29T18:25:51.308000+00:00", "modified_updates_on_metadata_change": true, "modified_updates_on_data_change": true, "data_processed": "2026-01-29T18:25:51.308000+00:00", "metadata_processed": "2026-01-29T18:25:51.434000+00:00", "geographic_reference": ["world_fr"], "geographic_reference_auto": true, "territory": ["France"], "geometry_types": null, "bbox": null, "publisher": "Minist\u00e8re de l'\u00c9ducation nationale", "references": null, "records_count": 196, "attributions": null, "source_domain": null, "source_domain_title": null, "source_domain_address": null, "source_dataset": null, "shared_catalog": null, "federated": false, "parent_domain": null, "update_frequency": null}, "metadonnees-complementaires": {"date-observation": null, "periode-donnees": null, "champ": null, "couverture-geographique": null, "unite-statistique": null, "secret-statistique": null}}}}