{"links": [{"rel": "self", "href": "https://data.education.gouv.fr/api/v2/catalog/datasets/fr-en-proportion-de-bacheliers-dans-une-generation"}, {"rel": "datasets", "href": "https://data.education.gouv.fr/api/v2/catalog/datasets"}, {"rel": "records", "href": "https://data.education.gouv.fr/api/v2/catalog/datasets/fr-en-proportion-de-bacheliers-dans-une-generation/records"}, {"rel": "exports", "href": "https://data.education.gouv.fr/api/v2/catalog/datasets/fr-en-proportion-de-bacheliers-dans-une-generation/exports"}, {"rel": "facets", "href": "https://data.education.gouv.fr/api/v2/catalog/datasets/fr-en-proportion-de-bacheliers-dans-une-generation/facets"}], "dataset": {"visibility": "domain", "dataset_id": "fr-en-proportion-de-bacheliers-dans-une-generation", "dataset_uid": "da_67fvfj", "has_records": true, "features": ["timeserie", "analyze"], "attachments": [], "alternative_exports": [], "data_visible": true, "fields": [{"name": "annee", "description": "Ann\u00e9e de l'examen au format YYYY", "annotations": {"facet": true, "sortable": true, "disjunctive": true, "facetsort": "-alphanum", "timeserie_precision": "year"}, "label": "Ann\u00e9e", "type": "date"}, {"name": "perimetre_geo", "description": "France hors DROM jusqu'en 2000, France hors Mayotte depuis 2001", "annotations": {}, "label": "P\u00e9rim\u00e8tre g\u00e9ographique", "type": "text"}, {"name": "serie", "description": "Bac g\u00e9n\u00e9ral, Bac technologique, Bac professionnel, Tous baccalaur\u00e9ats", "annotations": {"facet": true, "sortable": true}, "label": "S\u00e9rie", "type": "text"}, {"name": "caracteristique", "description": "Donn\u00e9es provisoires ou d\u00e9finitives", "annotations": {}, "label": "Caract\u00e9ristique", "type": "text"}, {"name": "pourcentage_de_garcons_bacheliers_dans_une_generation", "description": "Pourcentage de gar\u00e7ons bacheliers dans une g\u00e9n\u00e9ration, \u00e0 partir de 2000", "annotations": {}, "label": "Pourcentage de gar\u00e7ons bacheliers dans une g\u00e9n\u00e9ration", "type": "double"}, {"name": "pourcentage_de_filles_bachelieres_dans_une_generation", "description": "Pourcentage de filles bacheli\u00e8res dans une g\u00e9n\u00e9ration, \u00e0 partir de 2000", "annotations": {}, "label": "Pourcentage de filles bacheli\u00e8res dans une g\u00e9n\u00e9ration", "type": "double"}, {"name": "pourcentage_de_bacheliers_dans_une_generation", "description": "Pourcentage de bacheliers dans une g\u00e9n\u00e9ration", "annotations": {}, "label": "Pourcentage de bacheliers dans une g\u00e9n\u00e9ration", "type": "double"}], "metas": {"dcat": {"created": "2016-12-07", "issued": "2016-12-06", "creator": "Bureau des \u00e9tudes statistiques sur les \u00e9l\u00e8ves", "contributor": null, "contact_name": null, "contact_email": null, "accrualperiodicity": "Annuelle", "spatial": "France hors DROM jusqu'en 2000, France hors Mayotte depuis 2001", "temporal": "Session annuelle des examens du baccalaur\u00e9at de Juin \u00e0 Septembre", "granularity": null, "dataquality": null, "publisher_type": null, "conforms_to": null, "temporal_coverage_start": "1970-06-29T23:00:00+00:00", "temporal_coverage_end": "2025-06-29T22:00:00+00:00", "accessRights": null, "relation": null}, "default": {"title": "La proportion de bacheliers dans une g\u00e9n\u00e9ration", "description": "<div class=\"ods-asset-customview-crosslink\"><br><hr></div><p>Ce jeu de donn\u00e9es contient l'\u00e9volution de la proportion de bacheliers dans une g\u00e9n\u00e9ration selon la voie et le sexe (\u00e0 partir de 2000).\u00a0 Le baccalaur\u00e9at est un dipl\u00f4me national qui sanctionne la fin des \u00e9tudes secondaires g\u00e9n\u00e9rale, technologique ou professionnelle.<br><br>Donn\u00e9es d\u00e9mographiques : la population par \u00e2ge est issue des estimations publi\u00e9es par l'Insee pour la France hors Mayotte. La population connue en mars de l'ann\u00e9e N est utilis\u00e9e ici. Elle permet le calcul des proportions provisoires de bacheliers dans une g\u00e9n\u00e9ration pour les deux sessions les plus r\u00e9centes, et d\u00e9finitives pour les sessions ant\u00e9rieures.<br><br>Ce jeu de donn\u00e9es regroupe l'ensemble des candidats au baccalaur\u00e9at des sessions de juin et de septembre. <br><br>La date d'observation est d\u00e9finie au 30 juin de chaque ann\u00e9e m\u00eame si la date des \u00e9preuves varie d'une ann\u00e9e \u00e0 l'autre.<br><br>Derni\u00e8re observation : Session 2025 du baccalaur\u00e9at</p><p>Pour en savoir plus :</p><p><a href=\"https://www.education.gouv.fr/depp/resultats-definitifs-du-baccalaureat-2025-moins-de-bacheliers-dans-les-voies-generale-et-469403\" target=\"_blank\">Thomas F., 2026, \u00ab R\u00e9sultats d\u00e9finitifs du baccalaur\u00e9at 2025 : moins de bacheliers dans les voies g\u00e9n\u00e9rale et technologique, plus dans la voie professionnelle \u00bb, <i>Note d'Information</i>, n\u00b0 26-05, DEPP.</a></p><p><a href=\"https://www.education.gouv.fr/resultats-definitifs-de-la-session-2024-du-baccalaureat-un-taux-de-reussite-en-hausse-dans-chacune-416467\" target=\"_blank\">Thomas\n F., 2025, \"R\u00e9sultats d\u00e9finitifs de la session 2024 du baccalaur\u00e9at : un\n taux de r\u00e9ussite en hausse dans chacune des voies\", <i>Note d'Information</i>, n\u00b0 25-05, DEPP.<br></a>https://doi.org/10.48464/ni-25-05</p><p><a href=\"https://www.education.gouv.fr/resultats-definitifs-de-la-session-2023-du-baccalaureat-stabilisation-des-resultats-apres-la-crise-413901\" target=\"_blank\">Thomas\n F., 2024,\"R\u00e9sultats d\u00e9finitifs de la session 2023 du baccalaur\u00e9at : \nstabilisation des r\u00e9sultats apr\u00e8s la crise sanitaire et la mise en place\n du nouveau baccalaur\u00e9at g\u00e9n\u00e9ral\", Note d'Information, n\u00b0 24.07, DEPP.</a>\u00a0<br><a href=\"https://shs.hal.science/halshs-04513205\" target=\"_blank\">https://doi.org/10.48464/ni-24-07</a></p><p>S\u00e9rie chronologique : <a href=\"https://www.education.gouv.fr/series-chronologiques-de-donnees-statistiques-sur-le-systeme-educatif-12530\" target=\"_blank\">la proportion de bacheliers dans une g\u00e9n\u00e9ration</a></p>", "theme": ["Dipl\u00f4mes et examens"], "keyword": ["terminale", "second degr\u00e9", "2nd degr\u00e9", "BAC", "baccalaur\u00e9at", "examen", "r\u00e9ussite", "esp\u00e9rance", "g\u00e9n\u00e9ration", "cohorte", "r\u00e9sultat scolaire", "national"], "license": "Licence Ouverte v2.0 (Etalab)", "license_url": "http://www.etalab.gouv.fr/wp-content/uploads/2017/04/ETALAB-Licence-Ouverte-v2.0.pdf", "language": "fr", "metadata_languages": ["fr"], "timezone": null, "modified": "2026-02-19T21:28:21.751000+00:00", "modified_updates_on_metadata_change": true, "modified_updates_on_data_change": true, "data_processed": "2026-02-17T09:08:10.701000+00:00", "metadata_processed": "2026-02-19T21:28:23.030000+00:00", "geographic_reference": ["world_fr"], "geographic_reference_auto": true, "territory": ["France"], "geometry_types": null, "bbox": null, "publisher": "DEPP \u2013 Minist\u00e8re en charge de l\u2019\u00e9ducation nationale", "references": null, "records_count": 243, "attributions": null, "source_domain": null, "source_domain_title": null, "source_domain_address": null, "source_dataset": null, "shared_catalog": null, "federated": false, "parent_domain": null, "update_frequency": ["ANNUAL"]}, "metadonnees-complementaires": {"date-observation": "30/06/2025", "periode-donnees": "1970-2025", "champ": "Candidats aux dipl\u00f4mes d\u00e9livr\u00e9s par le minist\u00e8re charg\u00e9 de l'\u00c9ducation nationale et le minist\u00e8re charg\u00e9 de l'Agriculture. Tous les statuts des candidats sont pris en compte, qu'ils soient scolaires, apprentis ou autres (formation continue, candidat individuel ou en enseignement \u00e0 distance).", "couverture-geographique": ["France hors Mayotte"], "unite-statistique": "Les candidats au baccalaur\u00e9at", "secret-statistique": null}}}}