{"links": [{"rel": "self", "href": "https://data.education.gouv.fr/api/v2/catalog/datasets/fr-en-programmes-mobilite-enseignante-fei"}, {"rel": "datasets", "href": "https://data.education.gouv.fr/api/v2/catalog/datasets"}, {"rel": "records", "href": "https://data.education.gouv.fr/api/v2/catalog/datasets/fr-en-programmes-mobilite-enseignante-fei/records"}, {"rel": "exports", "href": "https://data.education.gouv.fr/api/v2/catalog/datasets/fr-en-programmes-mobilite-enseignante-fei/exports"}, {"rel": "facets", "href": "https://data.education.gouv.fr/api/v2/catalog/datasets/fr-en-programmes-mobilite-enseignante-fei/facets"}], "dataset": {"visibility": "domain", "dataset_id": "fr-en-programmes-mobilite-enseignante-fei", "dataset_uid": "da_w37324", "has_records": true, "features": ["timeserie", "analyze"], "attachments": [], "alternative_exports": [], "data_visible": true, "fields": [{"name": "programmes_de_mobilite", "description": null, "annotations": {}, "label": "Programmes de mobilit\u00e9", "type": "text"}, {"name": "pays", "description": null, "annotations": {}, "label": "Pays ", "type": "text"}, {"name": "annee", "description": null, "annotations": {"timeserie_precision": "year"}, "label": "Ann\u00e9e", "type": "date"}, {"name": "postes", "description": null, "annotations": {}, "label": "Postes", "type": "int"}], "metas": {"dcat": {"created": "2025-01-17", "issued": "2025-01-17", "creator": "France \u00c9ducation international ", "contributor": null, "contact_name": "C\u00e9line Brun", "contact_email": "brun@france-education-international.fr", "accrualperiodicity": "annual", "spatial": null, "temporal": null, "granularity": null, "dataquality": null, "publisher_type": ["NationalAuthority"], "conforms_to": null, "temporal_coverage_start": "2023-12-31T23:00:00+00:00", "temporal_coverage_end": null, "accessRights": null, "relation": null}, "default": {"title": "Programmes de mobilit\u00e9 enseignante g\u00e9r\u00e9s par France \u00c9ducation international", "description": "<div style='border: 0px; font-style: normal; font-variant-ligatures: normal; font-variant-caps: normal; font-variant-numeric: inherit; font-variant-east-asian: inherit; font-variant-alternates: inherit; font-variant-position: inherit; font-variant-emoji: inherit; font-weight: 400; font-stretch: inherit; font-size: 15px; line-height: inherit; font-family: \"Segoe UI\", \"Segoe UI Web (West European)\", -apple-system, BlinkMacSystemFont, Roboto, \"Helvetica Neue\", sans-serif; font-optical-sizing: inherit; font-size-adjust: inherit; font-kerning: inherit; font-feature-settings: inherit; font-variation-settings: inherit; margin: 0px 0px 8pt; padding: 0px; vertical-align: baseline; color: rgb(36, 36, 36); letter-spacing: normal; orphans: 2; text-align: start; text-indent: 0px; text-transform: none; widows: 2; word-spacing: 0px; -webkit-text-stroke-width: 0px; white-space: normal; background-color: rgb(255, 255, 255); text-decoration-thickness: initial; text-decoration-style: initial; text-decoration-color: initial;'><p class=\"x_MsoNormal\" style=\"margin: 0cm; font-size: 12pt; font-family: Aptos, sans-serif;\"><span data-olk-copy-source=\"MessageBody\" style=\"border: 0px; font: inherit; margin: 0px; padding: 0px; vertical-align: baseline; color: black !important;\">Ce jeu de donn\u00e9es pr\u00e9sente les postes de mobilit\u00e9 enseignante g\u00e9r\u00e9s par FEI offerts par pays depuis 2024.</span></p></div><div style='border: 0px; font-style: normal; font-variant-ligatures: normal; font-variant-caps: normal; font-variant-numeric: inherit; font-variant-east-asian: inherit; font-variant-alternates: inherit; font-variant-position: inherit; font-variant-emoji: inherit; font-weight: 400; font-stretch: inherit; font-size: 15px; line-height: inherit; font-family: \"Segoe UI\", \"Segoe UI Web (West European)\", -apple-system, BlinkMacSystemFont, Roboto, \"Helvetica Neue\", sans-serif; font-optical-sizing: inherit; font-size-adjust: inherit; font-kerning: inherit; font-feature-settings: inherit; font-variation-settings: inherit; margin: 0px 0px 8pt; padding: 0px; vertical-align: baseline; color: rgb(36, 36, 36); letter-spacing: normal; orphans: 2; text-align: start; text-indent: 0px; text-transform: none; widows: 2; word-spacing: 0px; -webkit-text-stroke-width: 0px; white-space: normal; background-color: rgb(255, 255, 255); text-decoration-thickness: initial; text-decoration-style: initial; text-decoration-color: initial;'><p class=\"x_MsoNormal\" style=\"margin: 0cm; font-size: 12pt; font-family: Aptos, sans-serif;\"><span style=\"border: 0px; font: inherit; margin: 0px; padding: 0px; vertical-align: baseline; color: black !important;\">Descriptif des programmes\u00a0:</span></p></div><div style='border: 0px; font-style: normal; font-variant-ligatures: normal; font-variant-caps: normal; font-variant-numeric: inherit; font-variant-east-asian: inherit; font-variant-alternates: inherit; font-variant-position: inherit; font-variant-emoji: inherit; font-weight: 400; font-stretch: inherit; font-size: 15px; line-height: inherit; font-family: \"Segoe UI\", \"Segoe UI Web (West European)\", -apple-system, BlinkMacSystemFont, Roboto, \"Helvetica Neue\", sans-serif; font-optical-sizing: inherit; font-size-adjust: inherit; font-kerning: inherit; font-feature-settings: inherit; font-variation-settings: inherit; margin: 0px 0px 8pt; padding: 0px; vertical-align: baseline; color: rgb(36, 36, 36); letter-spacing: normal; orphans: 2; text-align: start; text-indent: 0px; text-transform: none; widows: 2; word-spacing: 0px; -webkit-text-stroke-width: 0px; white-space: normal; background-color: rgb(255, 255, 255); text-decoration-thickness: initial; text-decoration-style: initial; text-decoration-color: initial;'><p class=\"x_MsoNormal\" style=\"margin: 0cm; font-size: 12pt; font-family: Aptos, sans-serif;\"><b><span style=\"border: 0px; font: inherit; margin: 0px; padding: 0px; vertical-align: baseline; color: black !important;\">Stages de perfectionnement linguistique, p\u00e9dagogique et culturel</span></b><span style=\"border: 0px; font: inherit; margin: 0px; padding: 0px; vertical-align: baseline; color: black !important;\"></span></p></div><div style='border: 0px; font-style: normal; font-variant-ligatures: normal; font-variant-caps: normal; font-variant-numeric: inherit; font-variant-east-asian: inherit; font-variant-alternates: inherit; font-variant-position: inherit; font-variant-emoji: inherit; font-weight: 400; font-stretch: inherit; font-size: 15px; line-height: inherit; font-family: \"Segoe UI\", \"Segoe UI Web (West European)\", -apple-system, BlinkMacSystemFont, Roboto, \"Helvetica Neue\", sans-serif; font-optical-sizing: inherit; font-size-adjust: inherit; font-kerning: inherit; font-feature-settings: inherit; font-variation-settings: inherit; margin: 0px 0px 8pt; padding: 0px; vertical-align: baseline; color: rgb(36, 36, 36); letter-spacing: normal; orphans: 2; text-align: start; text-indent: 0px; text-transform: none; widows: 2; word-spacing: 0px; -webkit-text-stroke-width: 0px; white-space: normal; background-color: rgb(255, 255, 255); text-decoration-thickness: initial; text-decoration-style: initial; text-decoration-color: initial;'><p class=\"x_MsoNormal\" style=\"margin: 0cm; font-size: 12pt; font-family: Aptos, sans-serif;\"><span style=\"border: 0px; font: inherit; margin: 0px; padding: 0px; vertical-align: baseline; color: black !important;\">\u00c0 la demande du MENESR, FEI organise chaque ann\u00e9e, pendant les vacances scolaires d\u2019\u00e9t\u00e9, des stages linguistiques permettant aux enseignants de langue vivante des premier et second degr\u00e9s et aux professeurs de DNL d\u2019am\u00e9liorer leurs connaissances linguistiques et culturelles.</span></p></div><div style='border: 0px; font-style: normal; font-variant-ligatures: normal; font-variant-caps: normal; font-variant-numeric: inherit; font-variant-east-asian: inherit; font-variant-alternates: inherit; font-variant-position: inherit; font-variant-emoji: inherit; font-weight: 400; font-stretch: inherit; font-size: 15px; line-height: inherit; font-family: \"Segoe UI\", \"Segoe UI Web (West European)\", -apple-system, BlinkMacSystemFont, Roboto, \"Helvetica Neue\", sans-serif; font-optical-sizing: inherit; font-size-adjust: inherit; font-kerning: inherit; font-feature-settings: inherit; font-variation-settings: inherit; margin: 0px 0px 8pt; padding: 0px; vertical-align: baseline; color: rgb(36, 36, 36); letter-spacing: normal; orphans: 2; text-align: start; text-indent: 0px; text-transform: none; widows: 2; word-spacing: 0px; -webkit-text-stroke-width: 0px; white-space: normal; background-color: rgb(255, 255, 255); text-decoration-thickness: initial; text-decoration-style: initial; text-decoration-color: initial;'><p class=\"x_MsoNormal\" style=\"margin: 0cm; font-size: 12pt; font-family: Aptos, sans-serif;\"><b><span style=\"border: 0px; font: inherit; margin: 0px; padding: 0px; vertical-align: baseline; color: black !important;\">S\u00e9jours professionnels</span></b><span style=\"border: 0px; font: inherit; margin: 0px; padding: 0px; vertical-align: baseline; color: black !important;\"></span></p></div><div style='border: 0px; font-style: normal; font-variant-ligatures: normal; font-variant-caps: normal; font-variant-numeric: inherit; font-variant-east-asian: inherit; font-variant-alternates: inherit; font-variant-position: inherit; font-variant-emoji: inherit; font-weight: 400; font-stretch: inherit; font-size: 15px; line-height: inherit; font-family: \"Segoe UI\", \"Segoe UI Web (West European)\", -apple-system, BlinkMacSystemFont, Roboto, \"Helvetica Neue\", sans-serif; font-optical-sizing: inherit; font-size-adjust: inherit; font-kerning: inherit; font-feature-settings: inherit; font-variation-settings: inherit; margin: 0px 0px 8pt; padding: 0px; vertical-align: baseline; color: rgb(36, 36, 36); letter-spacing: normal; orphans: 2; text-align: start; text-indent: 0px; text-transform: none; widows: 2; word-spacing: 0px; -webkit-text-stroke-width: 0px; white-space: normal; background-color: rgb(255, 255, 255); text-decoration-thickness: initial; text-decoration-style: initial; text-decoration-color: initial;'><p class=\"x_MsoNormal\" style=\"margin: 0cm; font-size: 12pt; font-family: Aptos, sans-serif;\"><span style=\"border: 0px; font: inherit; margin: 0px; padding: 0px; vertical-align: baseline; color: black !important;\">D\u2019une dur\u00e9e de 15 jours, les s\u00e9jours professionnels visent \u00e0 d\u00e9velopper la mobilit\u00e9 des enseignants et l\u2019ouverture des \u00e9tablissements vers 7 pays europ\u00e9ens.</span></p></div><div style='border: 0px; font-style: normal; font-variant-ligatures: normal; font-variant-caps: normal; font-variant-numeric: inherit; font-variant-east-asian: inherit; font-variant-alternates: inherit; font-variant-position: inherit; font-variant-emoji: inherit; font-weight: 400; font-stretch: inherit; font-size: 15px; line-height: inherit; font-family: \"Segoe UI\", \"Segoe UI Web (West European)\", -apple-system, BlinkMacSystemFont, Roboto, \"Helvetica Neue\", sans-serif; font-optical-sizing: inherit; font-size-adjust: inherit; font-kerning: inherit; font-feature-settings: inherit; font-variation-settings: inherit; margin: 0px 0px 8pt; padding: 0px; vertical-align: baseline; color: rgb(36, 36, 36); letter-spacing: normal; orphans: 2; text-align: start; text-indent: 0px; text-transform: none; widows: 2; word-spacing: 0px; -webkit-text-stroke-width: 0px; white-space: normal; background-color: rgb(255, 255, 255); text-decoration-thickness: initial; text-decoration-style: initial; text-decoration-color: initial;'><p class=\"x_MsoNormal\" style=\"margin: 0cm; font-size: 12pt; font-family: Aptos, sans-serif;\"><b><span style=\"border: 0px; font: inherit; margin: 0px; padding: 0px; vertical-align: baseline; color: black !important;\">CODOFIL</span></b><span style=\"border: 0px; font: inherit; margin: 0px; padding: 0px; vertical-align: baseline; color: black !important;\"></span></p></div><div style='border: 0px; font-style: normal; font-variant-ligatures: normal; font-variant-caps: normal; font-variant-numeric: inherit; font-variant-east-asian: inherit; font-variant-alternates: inherit; font-variant-position: inherit; font-variant-emoji: inherit; font-weight: 400; font-stretch: inherit; font-size: 15px; line-height: inherit; font-family: \"Segoe UI\", \"Segoe UI Web (West European)\", -apple-system, BlinkMacSystemFont, Roboto, \"Helvetica Neue\", sans-serif; font-optical-sizing: inherit; font-size-adjust: inherit; font-kerning: inherit; font-feature-settings: inherit; font-variation-settings: inherit; margin: 0px 0px 8pt; padding: 0px; vertical-align: baseline; color: rgb(36, 36, 36); letter-spacing: normal; orphans: 2; text-align: start; text-indent: 0px; text-transform: none; widows: 2; word-spacing: 0px; -webkit-text-stroke-width: 0px; white-space: normal; background-color: rgb(255, 255, 255); text-decoration-thickness: initial; text-decoration-style: initial; text-decoration-color: initial;'><p class=\"x_MsoNormal\" style=\"margin: 0cm; font-size: 12pt; font-family: Aptos, sans-serif;\"><span style=\"border: 0px; font: inherit; margin: 0px; padding: 0px; vertical-align: baseline; color: black !important;\">Dans le cadre du soutien au d\u00e9veloppement de la langue fran\u00e7aise apport\u00e9 par la France aux \u00c9tats-Unis, des postes sont propos\u00e9s chaque ann\u00e9e, en Louisiane, aux enseignants fran\u00e7ais de premier et second degr\u00e9.</span></p></div><div style='border: 0px; font-style: normal; font-variant-ligatures: normal; font-variant-caps: normal; font-variant-numeric: inherit; font-variant-east-asian: inherit; font-variant-alternates: inherit; font-variant-position: inherit; font-variant-emoji: inherit; font-weight: 400; font-stretch: inherit; font-size: 15px; line-height: inherit; font-family: \"Segoe UI\", \"Segoe UI Web (West European)\", -apple-system, BlinkMacSystemFont, Roboto, \"Helvetica Neue\", sans-serif; font-optical-sizing: inherit; font-size-adjust: inherit; font-kerning: inherit; font-feature-settings: inherit; font-variation-settings: inherit; margin: 0px 0px 8pt; padding: 0px; vertical-align: baseline; color: rgb(36, 36, 36); letter-spacing: normal; orphans: 2; text-align: start; text-indent: 0px; text-transform: none; widows: 2; word-spacing: 0px; -webkit-text-stroke-width: 0px; white-space: normal; background-color: rgb(255, 255, 255); text-decoration-thickness: initial; text-decoration-style: initial; text-decoration-color: initial;'><p class=\"x_MsoNormal\" style=\"margin: 0cm; font-size: 12pt; font-family: Aptos, sans-serif;\"><span style=\"border: 0px; font: inherit; margin: 0px; padding: 0px; vertical-align: baseline; color: black !important;\">Plus d\u2019informations sur les programmes pour partir \u00e0 l\u2019\u00e9tranger\u00a0:<span>\u00a0</span></span><u><span style=\"border: 0px; font: inherit; margin: 0px; padding: 0px; vertical-align: baseline; color: rgb(70, 120, 134) !important;\"><a data-auth=\"NotApplicable\" data-linkindex=\"3\" href=\"https://www.france-education-international.fr/hub/partir-letranger\" style=\"border: 0px; font: inherit; margin: 0px; padding: 0px; vertical-align: baseline; color: blue; text-decoration: underline;\" title=\"https://www.france-education-international.fr/hub/partir-letranger\"><span style=\"border: 0px; font: inherit; margin: 0px; padding: 0px; vertical-align: baseline; color: rgb(70, 120, 134) !important;\">https://www.france-education-international.fr/hub/partir-letranger</span></a></span></u></p></div><div style='border: 0px; font-style: normal; font-variant-ligatures: normal; font-variant-caps: normal; font-variant-numeric: inherit; font-variant-east-asian: inherit; font-variant-alternates: inherit; font-variant-position: inherit; font-variant-emoji: inherit; font-weight: 400; font-stretch: inherit; font-size: 15px; line-height: inherit; font-family: \"Segoe UI\", \"Segoe UI Web (West European)\", -apple-system, BlinkMacSystemFont, Roboto, \"Helvetica Neue\", sans-serif; font-optical-sizing: inherit; font-size-adjust: inherit; font-kerning: inherit; font-feature-settings: inherit; font-variation-settings: inherit; margin: 0px 0px 8pt; padding: 0px; vertical-align: baseline; color: rgb(36, 36, 36); letter-spacing: normal; orphans: 2; text-align: start; text-indent: 0px; text-transform: none; widows: 2; word-spacing: 0px; -webkit-text-stroke-width: 0px; white-space: normal; background-color: rgb(255, 255, 255); text-decoration-thickness: initial; text-decoration-style: initial; text-decoration-color: initial;'><p class=\"x_MsoNormal\" style=\"margin: 0cm; font-size: 12pt; font-family: Aptos, sans-serif;\"><span style=\"border: 0px; font: inherit; margin: 0px; padding: 0px; vertical-align: baseline; color: black !important;\">Plus d\u2019informations sur les programmes pour venir en France\u00a0:<span>\u00a0</span></span><u><span style=\"border: 0px; font: inherit; margin: 0px; padding: 0px; vertical-align: baseline; color: rgb(70, 120, 134) !important;\"><a data-auth=\"NotApplicable\" data-linkindex=\"4\" href=\"https://www.france-education-international.fr/venir-en-france\" style=\"border: 0px; font: inherit; margin: 0px; padding: 0px; vertical-align: baseline; color: blue; text-decoration: underline;\" title=\"https://www.france-education-international.fr/venir-en-france\"><span style=\"border: 0px; font: inherit; margin: 0px; padding: 0px; vertical-align: baseline; color: rgb(70, 120, 134) !important;\">https://www.france-education-international.fr/venir-en-france</span></a></span></u></p></div><p></p>", "theme": ["Enseignements (dont formation, sp\u00e9cialit\u00e9, langue, sport)"], "keyword": ["enseignant", "enseignement des langues", "mobilit\u00e9", "formation continue"], "license": "Licence Ouverte v2.0 (Etalab)", "license_url": "http://www.etalab.gouv.fr/wp-content/uploads/2017/04/ETALAB-Licence-Ouverte-v2.0.pdf", "language": "fr", "metadata_languages": ["fr"], "timezone": null, "modified": "2026-01-29T19:46:28.528000+00:00", "modified_updates_on_metadata_change": false, "modified_updates_on_data_change": true, "data_processed": "2026-01-29T19:46:28.528000+00:00", "metadata_processed": "2026-01-29T19:46:28.659000+00:00", "geographic_reference": ["world"], "geographic_reference_auto": false, "territory": ["World"], "geometry_types": null, "bbox": null, "publisher": "France \u00c9ducation international", "references": null, "records_count": 35, "attributions": null, "source_domain": null, "source_domain_title": null, "source_domain_address": null, "source_dataset": null, "shared_catalog": null, "federated": false, "parent_domain": null, "update_frequency": ["ANNUAL"]}, "metadonnees-complementaires": {"date-observation": null, "periode-donnees": null, "champ": null, "couverture-geographique": null, "unite-statistique": null, "secret-statistique": null}}}}