{"links": [{"rel": "self", "href": "https://data.education.gouv.fr/api/v2/catalog/datasets/fr-en-programmes-enseignement-premier-degre"}, {"rel": "datasets", "href": "https://data.education.gouv.fr/api/v2/catalog/datasets"}, {"rel": "records", "href": "https://data.education.gouv.fr/api/v2/catalog/datasets/fr-en-programmes-enseignement-premier-degre/records"}, {"rel": "exports", "href": "https://data.education.gouv.fr/api/v2/catalog/datasets/fr-en-programmes-enseignement-premier-degre/exports"}, {"rel": "facets", "href": "https://data.education.gouv.fr/api/v2/catalog/datasets/fr-en-programmes-enseignement-premier-degre/facets"}], "dataset": {"visibility": "domain", "dataset_id": "fr-en-programmes-enseignement-premier-degre", "dataset_uid": "da_xy8nq2", "has_records": true, "features": ["analyze"], "attachments": [], "alternative_exports": [], "data_visible": true, "fields": [{"name": "descriptif", "description": "Description du programme : discipline, classes, ...", "annotations": {"sortable": true, "disjunctive": true}, "label": "Descriptif", "type": "text"}, {"name": "niveau_d_enseignement", "description": "Niveau d'enseignement, \u00e9ventuellement regroup\u00e9s", "annotations": {"facet": true, "disjunctive": true, "sortable": true, "facetsort": "alphanum"}, "label": "Niveau d'enseignement", "type": "text"}, {"name": "discipline", "description": "Discipline", "annotations": {"facet": true, "sortable": true, "disjunctive": true, "facetsort": "alphanum"}, "label": "Discipline", "type": "text"}, {"name": "texte_officiel", "description": "Identification du texte officiel qui instaure le programme", "annotations": {"sortable": true}, "label": "Texte officiel", "type": "text"}, {"name": "lien_vers_le_texte_officiel", "description": "Lien l\u00e9gifrance vers le texte officiel qui instaure le programme", "annotations": {}, "label": "Lien vers le texte officiel", "type": "text"}, {"name": "contenu_sur_le_site", "description": "Lien vers le contenu du programme", "annotations": {}, "label": "Contenu", "type": "text"}, {"name": "entre_en_vigueur_a_la_rentree", "description": "Premi\u00e8re rentr\u00e9e scolaire \u00e0 laquelle le programme est en vigueur", "annotations": {"facet": true, "facetsort": "-count"}, "label": "Entre en vigueur \u00e0 la rentr\u00e9e", "type": "int"}, {"name": "abroge_a_la_rentree", "description": "Premi\u00e8re rentr\u00e9e scolaire \u00e0 laquelle le programme n'est plus en vigueur", "annotations": {"facet": true, "facetsort": "-count"}, "label": "Abrog\u00e9 \u00e0 la rentr\u00e9e", "type": "text"}], "metas": {"dcat": {"created": "2019-03-19", "issued": null, "creator": null, "contributor": null, "contact_name": null, "contact_email": null, "accrualperiodicity": "Ponctuelle", "spatial": "France", "temporal": "2015-2020", "granularity": null, "dataquality": null, "publisher_type": null, "conforms_to": null, "temporal_coverage_start": "2014-12-31T23:00:00+00:00", "temporal_coverage_end": "2020-12-30T23:00:00+00:00", "accessRights": null, "relation": null}, "default": {"title": "Programmes d'enseignement du premier degr\u00e9", "description": "<p><em>\u00ab Les programmes d\u00e9finissent, pour chaque cycle, les  connaissances  essentielles qui doivent \u00eatre acquises au cours du cycle  ainsi que les  m\u00e9thodes qui doivent \u00eatre assimil\u00e9es. Ils constituent le  cadre national  au sein duquel les enseignants organisent leurs  enseignements en prenant  en compte les rythmes d'apprentissage de  chaque \u00e9l\u00e8ve. \u00bb</em><br>Extrait du <a href=\"http://www.legifrance.gouv.fr/affichCodeArticle.do?idArticle=LEGIARTI000006524740&amp;cidTexte=LEGITEXT000006071191\">Code de l'\u00e9ducation, article L311-3<br></a></p><p>Le cycle 1 correspond aux classes de maternelle. Le cycle 2 correspond aux classes de CP, CE1 et CE2. Le  cycle 3 correspond aux classes de CM1, CM2 et 6\u00e8me. </p>", "theme": ["Enseignements (dont formation, sp\u00e9cialit\u00e9, langue, sport)", "Politique \u00e9ducative (dont \u00e9ducation prioritaire)"], "keyword": ["\u00e9l\u00e8ves", "enseignants", "enseignements", "cycle 1", "cycle 2", "cycle 3", "1er degr\u00e9", "\u00e9cole maternelle", "\u00e9cole \u00e9l\u00e9mentaire", "\u00e9cole primaire"], "license": "Licence Ouverte v2.0 (Etalab)", "license_url": "http://www.etalab.gouv.fr/wp-content/uploads/2017/04/ETALAB-Licence-Ouverte-v2.0.pdf", "language": "fr", "metadata_languages": ["fr"], "timezone": null, "modified": "2026-01-29T18:29:34.597000+00:00", "modified_updates_on_metadata_change": true, "modified_updates_on_data_change": true, "data_processed": "2026-01-29T18:29:34.597000+00:00", "metadata_processed": "2026-01-29T18:29:34.776000+00:00", "geographic_reference": ["world_fr"], "geographic_reference_auto": true, "territory": ["France"], "geometry_types": null, "bbox": null, "publisher": "DGESCO - Minist\u00e8re de l'\u00e9ducation nationale", "references": null, "records_count": 10, "attributions": null, "source_domain": null, "source_domain_title": null, "source_domain_address": null, "source_dataset": null, "shared_catalog": null, "federated": false, "parent_domain": null, "update_frequency": null}, "metadonnees-complementaires": {"date-observation": null, "periode-donnees": null, "champ": null, "couverture-geographique": null, "unite-statistique": null, "secret-statistique": null}}}}