{"links": [{"rel": "self", "href": "https://data.education.gouv.fr/api/v2/catalog/datasets/fr-en-organisation-du-temps-scolaire"}, {"rel": "datasets", "href": "https://data.education.gouv.fr/api/v2/catalog/datasets"}, {"rel": "records", "href": "https://data.education.gouv.fr/api/v2/catalog/datasets/fr-en-organisation-du-temps-scolaire/records"}, {"rel": "exports", "href": "https://data.education.gouv.fr/api/v2/catalog/datasets/fr-en-organisation-du-temps-scolaire/exports"}, {"rel": "facets", "href": "https://data.education.gouv.fr/api/v2/catalog/datasets/fr-en-organisation-du-temps-scolaire/facets"}], "dataset": {"visibility": "domain", "dataset_id": "fr-en-organisation-du-temps-scolaire", "dataset_uid": "da_x88c9t", "has_records": true, "features": ["geo", "analyze"], "attachments": [], "alternative_exports": [], "data_visible": true, "fields": [{"name": "code_uai", "description": "code uai (unit\u00e9 administrative immatricul\u00e9e) de l'\u00e9cole", "annotations": {"sortable": true}, "label": "CODE_UAI", "type": "text"}, {"name": "code_nature", "description": "nature (maternelle/\u00e9l\u00e9mentaire) de l'\u00e9cole", "annotations": {"facet": true, "sortable": true, "disjunctive": true}, "label": "CODE_NATURE", "type": "text"}, {"name": "nom_etablissement", "description": "nom de l'\u00e9cole", "annotations": {"facet": true, "sortable": true}, "label": "NOM_ETABLISSEMENT", "type": "text"}, {"name": "annee_scolaire", "description": "ann\u00e9e scolaire", "annotations": {"facet": true}, "label": "ANNEE_SCOLAIRE", "type": "text"}, {"name": "multi_rythme", "description": "indique si dans cette \u00e9cole, certaines classes ont des horaires diff\u00e9rents", "annotations": {"facet": true}, "label": "MULTI_RYTHME", "type": "text"}, {"name": "lundi_matin_debut", "description": "heure de d\u00e9but de la classe le lundi matin", "annotations": {"facetsort": "-count", "timeserie_precision": "day"}, "label": "LUNDI_MATIN_DEBUT", "type": "text"}, {"name": "lundi_matin_fin", "description": "heure de fin de la classe le lundi matin", "annotations": {"facetsort": "-count"}, "label": "LUNDI_MATIN_FIN", "type": "text"}, {"name": "lundi_apres_midi_debut", "description": "heure de d\u00e9but de la classe le lundi apr\u00e8s-midi", "annotations": {"facetsort": "-count"}, "label": "LUNDI_APRES_MIDI_DEBUT", "type": "text"}, {"name": "lundi_apres_midi_fin", "description": "heure de fin de la classe le lundi apr\u00e8s-midi", "annotations": {"facetsort": "-count"}, "label": "LUNDI_APRES_MIDI_FIN", "type": "text"}, {"name": "mardi_matin_debut", "description": "heure de d\u00e9but de la classe le mardi matin", "annotations": {"facetsort": "-count"}, "label": "MARDI_MATIN_DEBUT", "type": "text"}, {"name": "mardi_matin_fin", "description": "heure de fin de la classe le mardi matin", "annotations": {"facetsort": "-count"}, "label": "MARDI_MATIN_FIN", "type": "text"}, {"name": "mardi_apres_midi_debut", "description": "heure de d\u00e9but de la classe le mardi apr\u00e8s-midi", "annotations": {"facetsort": "-count"}, "label": "MARDI_APRES_MIDI_DEBUT", "type": "text"}, {"name": "mardi_apres_midi_fin", "description": "heure de fin de la classe le mardi apr\u00e8s-midi", "annotations": {"facetsort": "-count"}, "label": "MARDI_APRES_MIDI_FIN", "type": "text"}, {"name": "mercredi_matin_debut", "description": "heure de d\u00e9but de la classe le mercredi matin", "annotations": {"facetsort": "-count"}, "label": "MERCREDI_MATIN_DEBUT", "type": "text"}, {"name": "mercredi_matin_fin", "description": "heure de fin de la classe le mercredi matin", "annotations": {"facetsort": "-count"}, "label": "MERCREDI_MATIN_FIN", "type": "text"}, {"name": "jeudi_matin_debut", "description": "heure de d\u00e9but de la classe le jeudi matin", "annotations": {"facetsort": "-count"}, "label": "JEUDI_MATIN_DEBUT", "type": "text"}, {"name": "jeudi_matin_fin", "description": "heure de fin de la classe le jeudi matin", "annotations": {"facetsort": "-count"}, "label": "JEUDI_MATIN_FIN", "type": "text"}, {"name": "jeudi_apres_midi_debut", "description": "heure de d\u00e9but de la classe le jeudi apr\u00e8s-midi", "annotations": {"facetsort": "-count"}, "label": "JEUDI_APRES_MIDI_DEBUT", "type": "text"}, {"name": "jeudi_apres_midi_fin", "description": "heure de fin de la classe le jeudi apr\u00e8s-midi", "annotations": {"facetsort": "-count"}, "label": "JEUDI_APRES_MIDI_FIN", "type": "text"}, {"name": "vendredi_matin_debut", "description": "heure de d\u00e9but de la classe le vendredi matin", "annotations": {"facetsort": "-count"}, "label": "VENDREDI_MATIN_DEBUT", "type": "text"}, {"name": "vendredi_matin_fin", "description": "heure de fin de la classe le vendredi matin", "annotations": {"facetsort": "-count"}, "label": "VENDREDI_MATIN_FIN", "type": "text"}, {"name": "vendredi_apres_midi_debut", "description": "heure de d\u00e9but de la classe le vendredi apr\u00e8s-midi", "annotations": {"facetsort": "-count"}, "label": "VENDREDI_APRES_MIDI_DEBUT", "type": "text"}, {"name": "vendredi_apres_midi_fin", "description": "heure de fin de la classe le vendredi apr\u00e8s-midi", "annotations": {"facetsort": "-count"}, "label": "VENDREDI_APRES_MIDI_FIN", "type": "text"}, {"name": "samedi_matin_debut", "description": "heure de d\u00e9but de la classe le samedi matin", "annotations": {}, "label": "SAMEDI_MATIN_DEBUT", "type": "text"}, {"name": "samedi_matin_fin", "description": "heure de fin de la classe le samedi matin", "annotations": {}, "label": "SAMEDI_MATIN_FIN", "type": "text"}, {"name": "code_commune", "description": "code INSEE de la commune", "annotations": {"facet": true, "sortable": true, "disjunctive": true, "facetsort": "-count"}, "label": "code_commune", "type": "text"}, {"name": "commune", "description": "commune de l'\u00e9cole", "annotations": {"facet": true, "sortable": true, "disjunctive": true}, "label": "COMMUNE", "type": "text"}, {"name": "academie", "description": "acad\u00e9mie de l'\u00e9cole", "annotations": {"facet": true, "sortable": true, "disjunctive": true}, "label": "ACADEMIE", "type": "text"}, {"name": "departement", "description": "d\u00e9partement de l'\u00e9cole", "annotations": {"facet": true, "sortable": true, "disjunctive": true}, "label": "DEPARTEMENT", "type": "text"}, {"name": "libelle_region", "description": "Nom de la r\u00e9gion", "annotations": {"facet": true}, "label": "libelle_region", "type": "text"}, {"name": "code_region", "description": "Code de la r\u00e9gion", "annotations": {"facet": true, "facetsort": "-count", "disjunctive": true, "sortable": true}, "label": "code_region", "type": "text"}, {"name": "code_departement", "description": "Code du d\u00e9partement", "annotations": {"facet": true, "facetsort": "-count"}, "label": "CODE_DEPARTEMENT", "type": "text"}, {"name": "latitude", "description": "Latitude WGS84", "annotations": {}, "label": "latitude", "type": "double"}, {"name": "longitude", "description": "Longitude WGS84", "annotations": {}, "label": "longitude", "type": "double"}, {"name": "position", "description": "position g\u00e9ographique", "annotations": {}, "label": "position", "type": "geo_point_2d"}], "metas": {"dcat": {"created": "2016-12-07", "issued": null, "creator": null, "contributor": null, "contact_name": null, "contact_email": null, "accrualperiodicity": "Ponctuelle", "spatial": "France", "temporal": "2020", "granularity": null, "dataquality": null, "publisher_type": null, "conforms_to": null, "temporal_coverage_start": "2019-12-31T23:00:00+00:00", "temporal_coverage_end": "2020-12-30T23:00:00+00:00", "accessRights": null, "relation": null}, "default": {"title": "Organisation du temps scolaire", "description": "<p><strong></strong>L'organisation du temps scolaire r\u00e9pond \u00e0  des objectifs p\u00e9dagogiques pour permettre aux enfants de mieux apprendre  \u00e0 l'\u00e9cole : favoriser les apprentissages fondamentaux le matin, au  moment o\u00f9 les \u00e9l\u00e8ves sont les plus attentifs ; b\u00e9n\u00e9ficier de 5 matin\u00e9es  pour des temps d'apprentissage plus r\u00e9guliers. Ce jeu de donn\u00e9es expose l'organisation du temps scolaire des \u00e9tablissements scolaires du premier degr\u00e9 pour la France m\u00e9tropolitaine, les DOM,       Saint-Martin et Saint-Barth\u00e9l\u00e9my.<strong></strong></p>", "theme": ["Etablissements (dont IPS)", "Politique \u00e9ducative (dont \u00e9ducation prioritaire)", "Organisation du syst\u00e8me scolaire"], "keyword": ["rythme", "\u00e9l\u00e8ves", "\u00e9cole", "PEDT", "activit\u00e9s p\u00e9ri-\u00e9ducatives", "horaires"], "license": "Licence Ouverte v2.0 (Etalab)", "license_url": "http://www.etalab.gouv.fr/wp-content/uploads/2017/04/ETALAB-Licence-Ouverte-v2.0.pdf", "language": "fr", "metadata_languages": ["fr"], "timezone": null, "modified": "2026-01-29T18:29:17.843000+00:00", "modified_updates_on_metadata_change": true, "modified_updates_on_data_change": true, "data_processed": "2026-01-29T18:29:17.843000+00:00", "metadata_processed": "2026-01-29T18:29:17.990000+00:00", "geographic_reference": ["world"], "geographic_reference_auto": true, "territory": ["World"], "geometry_types": ["Point"], "bbox": {"type": "Feature", "geometry": {"coordinates": [[[55.82593973726034, 51.07182266190648], [-63.10663995333016, 51.07182266190648], [-63.10663995333016, -21.387618770822883], [55.82593973726034, -21.387618770822883], [55.82593973726034, 51.07182266190648]]], "type": "Polygon"}, "properties": {}}, "publisher": "DGESCO - Minist\u00e8re de l'\u00e9ducation nationale", "references": null, "records_count": 113293, "attributions": null, "source_domain": null, "source_domain_title": null, "source_domain_address": null, "source_dataset": null, "shared_catalog": null, "federated": false, "parent_domain": null, "update_frequency": ["ANNUAL"]}, "metadonnees-complementaires": {"date-observation": null, "periode-donnees": null, "champ": null, "couverture-geographique": null, "unite-statistique": null, "secret-statistique": null}}}}