{"links": [{"rel": "self", "href": "https://data.education.gouv.fr/api/v2/catalog/datasets/fr-en-moyens_enseignants_2d_public"}, {"rel": "datasets", "href": "https://data.education.gouv.fr/api/v2/catalog/datasets"}, {"rel": "records", "href": "https://data.education.gouv.fr/api/v2/catalog/datasets/fr-en-moyens_enseignants_2d_public/records"}, {"rel": "exports", "href": "https://data.education.gouv.fr/api/v2/catalog/datasets/fr-en-moyens_enseignants_2d_public/exports"}, {"rel": "facets", "href": "https://data.education.gouv.fr/api/v2/catalog/datasets/fr-en-moyens_enseignants_2d_public/facets"}], "dataset": {"visibility": "domain", "dataset_id": "fr-en-moyens_enseignants_2d_public", "dataset_uid": "da_0opoht", "has_records": true, "features": ["timeserie", "analyze"], "attachments": [], "alternative_exports": [], "data_visible": true, "fields": [{"name": "annee", "description": "Ann\u00e9e de la rentr\u00e9e scolaire consid\u00e9r\u00e9e, au format YYYY", "annotations": {"facet": true, "timeserie_precision": "year", "facetsort": "-alphanum"}, "label": "Ann\u00e9e", "type": "date"}, {"name": "periode_observation", "description": "P\u00e9riode sur laquelle porte les donn\u00e9es", "annotations": {}, "label": "P\u00e9riode d'observation", "type": "text"}, {"name": "uai", "description": "Num\u00e9ro d\u2019immatriculation de l\u2019\u00e9tablissement", "annotations": {"facetsort": "alphanum", "sortable": true, "disjunctive": true}, "label": "UAI", "type": "text"}, {"name": "nom_etablissement", "description": "Nom de l'\u00e9tablissement", "annotations": {"sortable": true}, "label": "Nom de l'\u00e9tablissement", "type": "text"}, {"name": "academie", "description": "Acad\u00e9mie", "annotations": {"facet": true, "facetsort": "alphanum", "sortable": true, "disjunctive": true}, "label": "Acad\u00e9mie", "type": "text"}, {"name": "code_departement", "description": "Code du d\u00e9partement", "annotations": {"facet": true, "facetsort": "alphanum", "sortable": true, "disjunctive": true}, "label": "Code d\u00e9partement", "type": "text"}, {"name": "libelle_departement", "description": "Libell\u00e9 du d\u00e9partement", "annotations": {"facet": true, "facetsort": "alphanum", "sortable": true, "disjunctive": true}, "label": "Libell\u00e9 departement", "type": "text"}, {"name": "niveau", "description": "Niveau de formation", "annotations": {"facet": true, "facetsort": "alphanum", "disjunctive": true, "sortable": true}, "label": "Niveau", "type": "text"}, {"name": "numerateur_h_e_nb_heures_enseignement_hebdo_devant_eleves", "description": "Nombre d\u2019heures d\u2019enseignement hebdomadaire devant \u00e9l\u00e8ves.", "annotations": {}, "label": "Num\u00e9rateur H/E : nombre d\u2019heures d\u2019enseignement hebdomadaire devant \u00e9l\u00e8ves.", "type": "text"}, {"name": "denominateur_h_e_somme_eleves_en_division", "description": "Somme des \u00e9l\u00e8ves en classe enti\u00e8re.", "annotations": {}, "label": "D\u00e9nominateur H/E : somme des \u00e9l\u00e8ves en division.", "type": "text"}, {"name": "h_e", "description": "Rapport du nombre d'heures hebdomadaires d'enseignement d\u00e9livr\u00e9es par des enseignants \u00e0 un niveau de formation donn\u00e9, au nombre d'\u00e9l\u00e8ves sous statut scolaire dans ce niveau de formation. Exemple : si dans une classe de 20 \u00e9l\u00e8ves, le nombre d'heures d'enseignement d\u00e9livr\u00e9es est de 16 heures en classe enti\u00e8re, 4 heures pour le groupe 1 et 4 heures pour le groupe 2, soit un total de 24 heures d\u00e9livr\u00e9es, alors l'indicateur H/E pour cette classe est de 1,2 (24 heures/20 \u00e9l\u00e8ves).", "annotations": {}, "label": "H/E", "type": "text"}, {"name": "numerateur_e_s_nb_eleves_structure_pondere_nb_heures_enseignement_structure", "description": "Nombre d\u2019\u00e9l\u00e8ves d\u2019une structure pond\u00e9r\u00e9 par le nombre d\u2019heures d\u2019enseignement assur\u00e9e dans cette structure", "annotations": {}, "label": "Num\u00e9rateur E/S : nombre d\u2019\u00e9l\u00e8ves d\u2019une structure pond\u00e9r\u00e9 par le nombre d\u2019heures d\u2019enseignement dans cette structure", "type": "text"}, {"name": "denominateur_e_s_nb_heures_enseignement_hebdo_devant_eleves", "description": "Nombre d\u2019heures d\u2019enseignement hebdomadaire devant \u00e9l\u00e8ves.", "annotations": {}, "label": "D\u00e9nominateur E/S : nombre d\u2019heures d\u2019enseignement hebdomadaire devant \u00e9l\u00e8ves.", "type": "text"}, {"name": "e_s", "description": "Moyenne des effectifs des structures (classes enti\u00e8res ou groupes) pond\u00e9r\u00e9e par le nombre d'heure d'enseignement assur\u00e9e dans chaque structure. Exemple : si dans une classe de 20 \u00e9l\u00e8ves, 10 heures d'enseignements sont d\u00e9livr\u00e9es aux 20 \u00e9l\u00e8ves (en classe enti\u00e8re), 5 heures sont d\u00e9livr\u00e9es \u00e0 un groupe de 10 \u00e9l\u00e8ves et 5h \u00e0 un autre groupe de 10 \u00e9l\u00e8ves, alors l'indicateur E/S est de 15 (soit: (10 heures*20 \u00e9l\u00e8ves+5 heures*10 \u00e9l\u00e8ves+5 heures*10 \u00e9l\u00e8ves) / (10 heures+ 5 heures + 5 heures)=300/20)", "annotations": {}, "label": "E/S", "type": "text"}, {"name": "num_ligne", "description": "variable de tri des donn\u00e9es", "annotations": {}, "label": "num_ligne", "type": "double"}], "metas": {"dcat": {"created": "2024-09-18", "issued": "2024-09-18", "creator": null, "contributor": null, "contact_name": null, "contact_email": null, "accrualperiodicity": "annual", "spatial": "France", "temporal": "la rentr\u00e9e scolaire", "granularity": null, "dataquality": null, "publisher_type": null, "conforms_to": null, "temporal_coverage_start": "2023-10-31T23:00:00+00:00", "temporal_coverage_end": "2024-10-31T23:00:00+00:00", "accessRights": null, "relation": null}, "default": {"title": "Indicateurs d'encadrement H/E et E/S \u00e0 la rentr\u00e9e dans le secteur public", "description": "<p>Ce jeu de donn\u00e9es pr\u00e9sente les indicateurs d'encadrement H/E et E/S <b>\u00e0 la rentr\u00e9e scolaire</b>, par \u00e9tablissement et niveau de formation ainsi que les totaux par d\u00e9partement et par acad\u00e9mie. <br><br><b>Indicateur H/E : nombre moyen d\u2019heures d\u2019enseignement hebdomadaires financ\u00e9es par le minist\u00e8re de l\u2019\u00e9ducation nationale pour un \u00e9l\u00e8ve (nombre d\u2019heures par \u00e9l\u00e8ve)</b><br>Cet indicateur correspond au rapport du nombre d\u2019heures hebdomadaires d\u2019enseignement financ\u00e9es par le minist\u00e8re de l\u2019\u00e9ducation nationale au nombre d\u2019\u00e9l\u00e8ves sous statut scolaire pour un \u00e9tablissement et un niveau de formation donn\u00e9.<br>Il d\u00e9pend notamment des quotit\u00e9s horaires fix\u00e9es par les programmes des disciplines et enseignements. Un indicateur H/E \u00e9gal \u00e0 1,5 signifie que pour 100 \u00e9l\u00e8ves, 150 heures d\u2019enseignement par semaine sont financ\u00e9es par le minist\u00e8re.<br><b>H</b> correspond au nombre d\u2019heures d\u2019enseignement hebdomadaire financ\u00e9es par le minist\u00e8re pour un \u00e9tablissement et un niveau de formation donn\u00e9.<br><b>E</b> est la somme des \u00e9l\u00e8ves de cet \u00e9tablissement pour ce niveau de formation <br><br>Les \u00e9carts observ\u00e9s du H/E doivent \u00eatre mis en regard du nombre et de la taille des \u00e9tablissements scolaires (plus un \u00e9tablissement est petit et donc plus un d\u00e9partement compte de petits \u00e9tablissements, plus le H/E est \u00e9lev\u00e9) et de la r\u00e9partition des niveaux d\u2019enseignement (plus les formations professionnelles sont pr\u00e9sentes, plus le H/E est \u00e9lev\u00e9).<br><br>Par ailleurs les effectifs pris en compte dans le H/E sont les effectifs totaux d'\u00e9l\u00e8ves dans l'\u00e9tablissement, qui est \u00e9quivalent \u00e0 la somme des effectifs des classes. Or, de nombreux enseignements sont r\u00e9alis\u00e9s devant des groupes d\u2019\u00e9l\u00e8ves plus petits que les classes.<br><br>C\u2019est pourquoi on a recours \u00e0 un deuxi\u00e8me indicateur : le nombre moyen d\u2019\u00e9l\u00e8ves par structure (classe enti\u00e8re ou groupe), E/S. Cela permet en particulier d\u2019analyser les diff\u00e9rences de moyens allou\u00e9s (H/E) \u00e0 nombre moyen d\u2019\u00e9l\u00e8ves par structure donn\u00e9.<br><br><b>Indicateur E/S : \u00e9l\u00e8ves par structure E/S (nombre moyen d\u2019\u00e9l\u00e8ves par structure) </b><br>Moyenne des effectifs des structures (classes enti\u00e8res ou groupes) pond\u00e9r\u00e9e par le nombre d\u2019heures d\u2019enseignement assur\u00e9es dans chaque structure. Il permet d\u2019estimer le nombre d\u2019\u00e9l\u00e8ves sous statut scolaire dont un professeur a la charge en moyenne pendant une heure de cours. Il est plus faible lorsque les \u00e9l\u00e8ves suivent les enseignements en petits groupes que lorsque les cours sont d\u00e9livr\u00e9s devant des classes enti\u00e8res. <br><b>E</b> : nombre d\u2019\u00e9l\u00e8ves d\u2019une structure pond\u00e9r\u00e9 par le nombre d\u2019heures d\u2019enseignement assur\u00e9e dans cette structure<br><b>S</b> : nombre d\u2019heures d\u2019enseignement hebdomadaire devant \u00e9l\u00e8ves<br><br>NB : Si l\u2019effectif d\u2019une structure est inf\u00e9rieur \u00e0 2, le num\u00e9rateur et le d\u00e9nominateur de l\u2019indicateur E/S sont not\u00e9s comme manquants pour cette structure. Ainsi, la somme du nombre d\u2019heure d\u2019enseignement par \u00e9tablissement et niveau de formation utilis\u00e9e pour le calcul du E/S peut l\u00e9g\u00e8rement diff\u00e9rer de celle utilis\u00e9e pour le calcul du H/E.<br>Les indicateurs peuvent prendre la valeur \"ns\" quand il ne sont pas significatifs, g\u00e9n\u00e9ralement en raison d'un nombre d'\u00e9l\u00e8ves tr\u00e8s faibles dans le niveau de formation.<br>La date d'observation est fix\u00e9e au 1er novembre de chaque ann\u00e9e. Cette date varie entre les \u00e9tablissements et d\u2019une ann\u00e9e \u00e0 l\u2019autre du 1er septembre au 15 d\u00e9cembre.<br></p>", "theme": ["Ressources humaines"], "keyword": ["personnels", "Second degr\u00e9", "Service des enseignants", "Encadrement", "Public"], "license": "Licence Ouverte v2.0 (Etalab)", "license_url": "http://www.etalab.gouv.fr/wp-content/uploads/2017/04/ETALAB-Licence-Ouverte-v2.0.pdf", "language": "fr", "metadata_languages": ["fr"], "timezone": null, "modified": "2026-02-06T22:32:48.786000+00:00", "modified_updates_on_metadata_change": true, "modified_updates_on_data_change": true, "data_processed": "2026-01-29T19:35:14.193000+00:00", "metadata_processed": "2026-02-06T22:32:50.022000+00:00", "geographic_reference": null, "geographic_reference_auto": false, "territory": null, "geometry_types": null, "bbox": null, "publisher": "DEPP \u2013 Minist\u00e8re en charge de l\u2019\u00e9ducation nationale", "references": null, "records_count": 25613, "attributions": null, "source_domain": null, "source_domain_title": null, "source_domain_address": null, "source_dataset": null, "shared_catalog": null, "federated": false, "parent_domain": null, "update_frequency": ["ANNUAL"]}, "metadonnees-complementaires": {"date-observation": "01/11/2024", "periode-donnees": "2023-2024", "champ": "Enseignants en charge d'\u00e9l\u00e8ves \u00e0 l'ann\u00e9e dans les \u00e9tablissements du second degr\u00e9 public. Le champ d\u00e9di\u00e9 \u00e0 une approche par \u00e9tablissement diff\u00e8re de celui retenu pour une approche sur l'ensemble des personnels, comme dans RERS ou le panorama statistique des personnels de l'enseignement scolaire. Par exemple, les enseignants des \u00e9tablissements hospitaliers ou m\u00e9dico-sociaux ne sont pas pris en compte ici. C'est pourquoi, les totaux par d\u00e9partement ou par acad\u00e9mie diff\u00e8rent de ceux pr\u00e9sent\u00e9s via l'approche personnels (RERS, panorama statistiques des personnels, s\u00e9ries chronologiques de la DEPP...)", "couverture-geographique": ["France"], "unite-statistique": "Les personnels de l'\u00e9ducation nationale", "secret-statistique": null}}}}