{"links": [{"rel": "self", "href": "https://data.education.gouv.fr/api/v2/catalog/datasets/fr-en-lycee_pro-effectifs-niveau-sexe-lv"}, {"rel": "datasets", "href": "https://data.education.gouv.fr/api/v2/catalog/datasets"}, {"rel": "records", "href": "https://data.education.gouv.fr/api/v2/catalog/datasets/fr-en-lycee_pro-effectifs-niveau-sexe-lv/records"}, {"rel": "exports", "href": "https://data.education.gouv.fr/api/v2/catalog/datasets/fr-en-lycee_pro-effectifs-niveau-sexe-lv/exports"}, {"rel": "facets", "href": "https://data.education.gouv.fr/api/v2/catalog/datasets/fr-en-lycee_pro-effectifs-niveau-sexe-lv/facets"}], "dataset": {"visibility": "domain", "dataset_id": "fr-en-lycee_pro-effectifs-niveau-sexe-lv", "dataset_uid": "da_zg162d", "has_records": true, "features": ["timeserie", "analyze"], "attachments": [], "alternative_exports": [], "data_visible": true, "fields": [{"name": "rentree_scolaire", "description": "Ann\u00e9e de rentr\u00e9e scolaire sous la forme YYYY (par exemple : 2019 pour l'ann\u00e9e scolaire 2019-2020)", "annotations": {"facet": true, "facetsort": "-alphanum", "sortable": true, "timeserie_precision": "year"}, "label": "Rentr\u00e9e scolaire", "type": "date"}, {"name": "code_region_academique", "description": "Code r\u00e9gion acad\u00e9mique", "annotations": {}, "label": "Code r\u00e9gion acad\u00e9mique", "type": "text"}, {"name": "region_academique", "description": "Nom de la r\u00e9gion d'implantation de l'\u00e9tablissement scolaire", "annotations": {"facet": true, "facetsort": "alphanum", "disjunctive": true, "sortable": true}, "label": "R\u00e9gion acad\u00e9mique", "type": "text"}, {"name": "code_academie", "description": "Code acad\u00e9mie", "annotations": {"facetsort": "-count"}, "label": "Code acad\u00e9mie", "type": "text"}, {"name": "academie", "description": "Nom de l'acad\u00e9mie \u00e0 laquelle appartient l'\u00e9tablissement scolaire", "annotations": {"facet": true, "facetsort": "alphanum", "disjunctive": true, "sortable": true}, "label": "Acad\u00e9mie", "type": "text"}, {"name": "code_departement", "description": "Code d\u00e9partement", "annotations": {"facetsort": "-count"}, "label": "Code d\u00e9partement", "type": "text"}, {"name": "departement", "description": "Nom du d\u00e9partement d'implantation de l'\u00e9tablissement scolaire", "annotations": {"facet": true, "facetsort": "alphanum", "disjunctive": true, "sortable": true}, "label": "D\u00e9partement", "type": "text"}, {"name": "commune", "description": "Nom de la commune d'implantation de l'\u00e9tablissement scolaire", "annotations": {"facet": true, "facetsort": "alphanum", "disjunctive": true, "sortable": true}, "label": "Commune", "type": "text"}, {"name": "numero_lycee", "description": "Identifiant de l'\u00e9tablissement scolaire (UAI)", "annotations": {"facet": true, "facetsort": "alphanum", "disjunctive": true, "sortable": true}, "label": "UAI", "type": "text"}, {"name": "denomination_principale", "description": "D\u00e9nomination de l'\u00e9tablissement scolaire", "annotations": {"facet": true, "facetsort": "alphanum", "disjunctive": true, "sortable": true}, "label": "D\u00e9nomination principale", "type": "text"}, {"name": "patronyme", "description": "Nom de l'\u00e9tablissement scolaire", "annotations": {"facet": true, "facetsort": "alphanum", "disjunctive": true, "sortable": true}, "label": "Patronyme", "type": "text"}, {"name": "secteur", "description": "Secteur d'enseignement de l'\u00e9tablissement scolaire : public / priv\u00e9", "annotations": {"facet": true, "facetsort": "alphanum", "disjunctive": true, "sortable": true}, "label": "Secteur", "type": "text"}, {"name": "nombre_d_eleves", "description": "Effectifs des formations scolaires professionnelles", "annotations": {}, "label": "Nombre d'\u00e9l\u00e8ves", "type": "int"}, {"name": "2ndes_pro", "description": "Effectif d'\u00e9l\u00e8ves en seconde professionnelle", "annotations": {}, "label": "2ndes PRO", "type": "int"}, {"name": "2ndes_pro_filles", "description": "Effectif des filles en seconde professionnelle", "annotations": {}, "label": "2ndes PRO filles", "type": "int"}, {"name": "2ndes_pro_garcons", "description": "Effectif des gar\u00e7ons en seconde professionnelle", "annotations": {}, "label": "2ndes PRO gar\u00e7ons", "type": "int"}, {"name": "2ndes_pro_production", "description": "Effectif d'\u00e9l\u00e8ves de seconde professionnelle en sp\u00e9cialit\u00e9 de production", "annotations": {}, "label": "2ndes PRO production", "type": "int"}, {"name": "2ndes_pro_services", "description": "Effectif d'\u00e9l\u00e8ves de seconde professionnelle en sp\u00e9cialit\u00e9 des services", "annotations": {}, "label": "2ndes PRO services", "type": "int"}, {"name": "2ndes_pro_lv1_allemand", "description": "Effectif d'\u00e9l\u00e8ves de seconde professionnelle en ALLEMAND Langue vivante 1 (LV1)", "annotations": {}, "label": "2ndes PRO LV1 allemand", "type": "int"}, {"name": "2ndes_pro_lv1_anglais", "description": "Effectif d'\u00e9l\u00e8ves de seconde professionnelle en ANGLAIS Langue vivante 1 (LV1)", "annotations": {}, "label": "2ndes PRO LV1 anglais", "type": "int"}, {"name": "2ndes_pro_lv1_espagnol", "description": "Effectif d'\u00e9l\u00e8ves de seconde professionnelle en ESPAGNOL Langue vivante 1 (LV1)", "annotations": {}, "label": "2ndes PRO LV1 espagnol", "type": "int"}, {"name": "2ndes_pro_lv1_autres_langues", "description": "Effectifs d'\u00e9l\u00e8ves de seconde professionnelle en langue vivante 1 (LV1) autre que l'allemand, l'anglais ou l'espagnol", "annotations": {}, "label": "2ndes PRO LV1 autres langues", "type": "int"}, {"name": "2ndes_pro_lv2_allemand", "description": "Effectifs d'\u00e9l\u00e8ves de seconde professionnelle en ALLEMAND Langue vivante 2 (LV2)", "annotations": {}, "label": "2ndes PRO LV2 allemand", "type": "int"}, {"name": "2ndes_pro_lv2_anglais", "description": "Effectif d'\u00e9l\u00e8ves de seconde professionnelle en ANGLAIS Langue vivante 2 (LV2)", "annotations": {}, "label": "2ndes PRO LV2 anglais", "type": "int"}, {"name": "2ndes_pro_lv2_espagnol", "description": "Effectif d'\u00e9l\u00e8ves de seconde professionnelle en ESPAGNOL Langue vivante 2 (LV2)", "annotations": {}, "label": "2ndes PRO LV2 espagnol", "type": "int"}, {"name": "2ndes_pro_lv2_italien", "description": "Effectif d'\u00e9l\u00e8ves de seconde professionnelle en ITALIEN Langue vivante 2 (LV2)", "annotations": {}, "label": "2ndes PRO LV2 italien", "type": "int"}, {"name": "2ndes_pro_lv2_autres_langues", "description": "Effectif d'\u00e9l\u00e8ves de seconde professionnelle en langue vivante 2 (LV2) autre que l'allemand, l'anglais, l'espagnol ou l'italien", "annotations": {}, "label": "2ndes PRO LV2 autres langues", "type": "int"}, {"name": "1eres_pro", "description": "Effectif d'\u00e9l\u00e8ves en premi\u00e8re professionnelle", "annotations": {}, "label": "1\u00e8res PRO", "type": "int"}, {"name": "1eres_pro_filles", "description": "Effectif des filles en premi\u00e8re professionnelle", "annotations": {}, "label": "1\u00e8res PRO filles", "type": "int"}, {"name": "1eres_pro_garcons", "description": "Effectif des gar\u00e7ons en premi\u00e8re professionnelle", "annotations": {}, "label": "1\u00e8res PRO gar\u00e7ons", "type": "int"}, {"name": "1eres_pro_production", "description": "Effectif d'\u00e9l\u00e8ves de premi\u00e8re professionnelle en sp\u00e9cialit\u00e9 de production", "annotations": {}, "label": "1\u00e8res PRO production", "type": "int"}, {"name": "1eres_pro_services", "description": "Effectif d'\u00e9l\u00e8ves de premi\u00e8re professionnelle en sp\u00e9cialit\u00e9 des services", "annotations": {}, "label": "1\u00e8res PRO services", "type": "int"}, {"name": "1eres_pro_lv1_allemand", "description": "Effectif d'\u00e9l\u00e8ves de premi\u00e8re professionnelle en ALLEMAND Langue vivante 1 (LV1)", "annotations": {}, "label": "1\u00e8res PRO LV1 allemand", "type": "int"}, {"name": "1eres_pro_lv1_anglais", "description": "Effectif d'\u00e9l\u00e8ves de premi\u00e8re professionnelle en ANGLAIS Langue vivante 1 (LV1)", "annotations": {}, "label": "1\u00e8res PRO LV1 anglais", "type": "int"}, {"name": "1eres_pro_lv1_espagnol", "description": "Effectif d'\u00e9l\u00e8ves de premi\u00e8re professionnelle en ESPAGNOL Langue vivante 1 (LV1)", "annotations": {}, "label": "1\u00e8res PRO LV1 espagnol", "type": "int"}, {"name": "1eres_pro_lv1_autres_langues", "description": "Effectifs d'\u00e9l\u00e8ves de premi\u00e8re professionnelle en langue vivante 1 (LV1) autre que l'allemand, l'anglais ou l'espagnol", "annotations": {}, "label": "1\u00e8res PRO LV1 autres langues", "type": "int"}, {"name": "1eres_pro_lv2_allemand", "description": "Effectifs d'\u00e9l\u00e8ves de premi\u00e8re professionnelle en ALLEMAND Langue vivante 2 (LV2)", "annotations": {}, "label": "1\u00e8res PRO LV2 allemand", "type": "int"}, {"name": "1eres_pro_lv2_anglais", "description": "Effectif d'\u00e9l\u00e8ves de premi\u00e8re professionnelle en ANGLAIS Langue vivante 2 (LV2)", "annotations": {}, "label": "1\u00e8res PRO LV2 anglais", "type": "int"}, {"name": "1eres_pro_lv2_espagnol", "description": "Effectif d'\u00e9l\u00e8ves de premi\u00e8re professionnelle en ESPAGNOL Langue vivante 2 (LV2)", "annotations": {}, "label": "1\u00e8res PRO LV2 espagnol", "type": "int"}, {"name": "1eres_pro_lv2_italien", "description": "Effectif d'\u00e9l\u00e8ves de premi\u00e8re professionnelle en ITALIEN Langue vivante 2 (LV2)", "annotations": {}, "label": "1\u00e8res PRO LV2 italien", "type": "int"}, {"name": "1eres_pro_lv2_autres_langues", "description": "Effectif d'\u00e9l\u00e8ves de premi\u00e8re professionnelle en langue vivante 2 (LV2) autre que l'allemand, l'anglais, l'espagnol ou l'italien", "annotations": {}, "label": "1\u00e8res PRO LV2 autres langues", "type": "int"}, {"name": "terminales_pro", "description": "Effectif d'\u00e9l\u00e8ves en terminale professionnelle", "annotations": {}, "label": "Terminales PRO", "type": "int"}, {"name": "terminales_pro_filles", "description": "Effectif des filles en terminale professionnelle", "annotations": {}, "label": "Terminales PRO filles", "type": "int"}, {"name": "terminales_pro_garcons", "description": "Effectif des gar\u00e7ons en terminale professionnelle", "annotations": {}, "label": "Terminales PRO gar\u00e7ons", "type": "int"}, {"name": "terminales_pro_production", "description": "Effectif d'\u00e9l\u00e8ves de terminale professionnelle en sp\u00e9cialit\u00e9 de production", "annotations": {}, "label": "Terminales PRO production", "type": "int"}, {"name": "terminales_pro_services", "description": "Effectif d'\u00e9l\u00e8ves de terminale professionnelle en sp\u00e9cialit\u00e9 des services", "annotations": {}, "label": "Terminales PRO services", "type": "int"}, {"name": "terminales_pro_lv1_allemand", "description": "Effectif d'\u00e9l\u00e8ves de terminale professionnelle en ALLEMAND Langue vivante 1 (LV1)", "annotations": {}, "label": "Terminales PRO LV1 allemand", "type": "int"}, {"name": "terminales_pro_lv1_anglais", "description": "Effectif d'\u00e9l\u00e8ves de terminale professionnelle en ANGLAIS Langue vivante 1 (LV1)", "annotations": {}, "label": "Terminales PRO LV1 anglais", "type": "int"}, {"name": "terminales_pro_lv1_espagnol", "description": "Effectif d'\u00e9l\u00e8ves de terminale professionnelle en ESPAGNOL Langue vivante 1 (LV1)", "annotations": {}, "label": "Terminales PRO LV1 espagnol", "type": "int"}, {"name": "terminales_pro_lv1_autres_langues", "description": "Effectifs d'\u00e9l\u00e8ves de terminale professionnelle en langue vivante 1 (LV1) autre que l'allemand, l'anglais ou l'espagnol", "annotations": {}, "label": "Terminales PRO LV1 autres langues", "type": "int"}, {"name": "terminales_pro_lv2_allemand", "description": "Effectifs d'\u00e9l\u00e8ves de terminale professionnelle en ALLEMAND Langue vivante 2 (LV2)", "annotations": {}, "label": "Terminales PRO LV2 allemand", "type": "int"}, {"name": "terminales_pro_lv2_anglais", "description": "Effectif d'\u00e9l\u00e8ves de terminale professionnelle en ANGLAIS Langue vivante 2 (LV2)", "annotations": {}, "label": "Terminales PRO LV2 anglais", "type": "int"}, {"name": "terminales_pro_lv2_espagnol", "description": "Effectif d'\u00e9l\u00e8ves de terminale professionnelle en ESPAGNOL Langue vivante 2 (LV2)", "annotations": {}, "label": "Terminales PRO LV2 espagnol", "type": "int"}, {"name": "terminales_pro_lv2_italien", "description": "Effectif d'\u00e9l\u00e8ves de terminale professionnelle en ITALIEN Langue vivante 2 (LV2)", "annotations": {}, "label": "Terminales PRO LV2 italien", "type": "int"}, {"name": "terminales_pro_lv2_autres_langues", "description": "Effectif d'\u00e9l\u00e8ves de terminale professionnelle en langue vivante 2 (LV2) autre que l'allemand, l'anglais, l'espagnol ou l'italien", "annotations": {}, "label": "Terminales PRO LV2 autres langues", "type": "int"}, {"name": "cap_1ere_annee", "description": "Effectif d'\u00e9l\u00e8ves en 1\u00e8re ann\u00e9e de CAP en 2 ans", "annotations": {}, "label": "CAP 1\u00e8re ann\u00e9e", "type": "int"}, {"name": "cap_1ere_annee_filles", "description": "Effectif des filles en 1\u00e8re ann\u00e9e de CAP en 2 ans", "annotations": {}, "label": "CAP 1\u00e8re ann\u00e9e filles", "type": "int"}, {"name": "cap_1ere_annee_garcons", "description": "Effectif des gar\u00e7ons en 1\u00e8re ann\u00e9e de CAP en 2 ans", "annotations": {}, "label": "CAP 1\u00e8re ann\u00e9e gar\u00e7ons", "type": "int"}, {"name": "cap_1ere_annee_production", "description": "Effectif d'\u00e9l\u00e8ves en 1\u00e8re ann\u00e9e de CAP en 2 ans inscrits en sp\u00e9cialit\u00e9 de production", "annotations": {}, "label": "CAP 1\u00e8re ann\u00e9e production", "type": "int"}, {"name": "cap_1ere_annee_services", "description": "Effectif d'\u00e9l\u00e8ves en 1\u00e8re ann\u00e9e de CAP en 2 ans inscrits en sp\u00e9cialit\u00e9 des services", "annotations": {}, "label": "CAP 1\u00e8re ann\u00e9e services", "type": "int"}, {"name": "cap_2nde_annee", "description": "Effectif d'\u00e9l\u00e8ves en 2nde ann\u00e9e de CAP en 2 ans", "annotations": {}, "label": "CAP 2nde ann\u00e9e", "type": "int"}, {"name": "cap_2nde_annee_filles", "description": "Effectif des filles en 2nde ann\u00e9e de CAP en 2 ans", "annotations": {}, "label": "CAP 2nde ann\u00e9e filles", "type": "int"}, {"name": "cap_2nde_annee_garcons", "description": "Effectif des gar\u00e7ons en 2nde ann\u00e9e de CAP en 2 ans", "annotations": {}, "label": "CAP 2nde ann\u00e9e gar\u00e7ons", "type": "int"}, {"name": "cap_2nde_annee_production", "description": "Effectif d'\u00e9l\u00e8ves en 2nde ann\u00e9e de CAP en 2 ans inscrits en sp\u00e9cialit\u00e9 de production", "annotations": {}, "label": "CAP 2nde ann\u00e9e production", "type": "int"}, {"name": "cap_2nde_annee_services", "description": "Effectif d'\u00e9l\u00e8ves en 2nde ann\u00e9e de CAP en 2 ans inscrits en sp\u00e9cialit\u00e9 des services", "annotations": {}, "label": "CAP 2nde ann\u00e9e services", "type": "int"}, {"name": "cap_en_3_ans", "description": "Effectif d'\u00e9l\u00e8ves en CAP en 3 ans", "annotations": {}, "label": "CAP en 3 ans", "type": "int"}, {"name": "cap_en_3_ans_filles", "description": "Effectif des filles en CAP en 3 ans", "annotations": {}, "label": "CAP en 3 ans filles", "type": "int"}, {"name": "cap_en_3_ans_garcons", "description": "Effectif des gar\u00e7ons en CAP en 3 ans", "annotations": {}, "label": "CAP en 3 ans gar\u00e7ons", "type": "int"}, {"name": "cap_en_3_ans_production", "description": "Effectif d'\u00e9l\u00e8ves de CAP en 3 ans inscrits en sp\u00e9cialit\u00e9 de production", "annotations": {}, "label": "CAP en 3 ans production", "type": "int"}, {"name": "cap_en_3_ans_services", "description": "Effectif d'\u00e9l\u00e8ves de CAP en 3 ans inscrits en sp\u00e9cialit\u00e9 des services", "annotations": {}, "label": "CAP en 3 ans services", "type": "int"}, {"name": "cap_en_1_an", "description": "Effectif d'\u00e9l\u00e8ves en CAP en 1 an", "annotations": {}, "label": "CAP en 1 an", "type": "int"}, {"name": "cap_en_1_an_filles", "description": "Effectif des filles en CAP en 1 an", "annotations": {}, "label": "CAP en 1 an filles", "type": "int"}, {"name": "cap_en_1_an_garcons", "description": "Effectif des gar\u00e7ons en CAP en 1 an", "annotations": {}, "label": "CAP en 1 an gar\u00e7ons", "type": "int"}, {"name": "cap_en_1_an_production", "description": "Effectif d'\u00e9l\u00e8ves de CAP en 1 an en sp\u00e9cialit\u00e9 de production", "annotations": {}, "label": "CAP en 1 an production", "type": "int"}, {"name": "cap_en_1_an_services", "description": "Effectif d'\u00e9l\u00e8ves de CAP en 1 an en sp\u00e9cialit\u00e9 des services", "annotations": {}, "label": "CAP en 1 an services", "type": "int"}, {"name": "bma_1ere_annee", "description": "Effectif d'\u00e9l\u00e8ve en Brevet des m\u00e9tiers d'art (BMA) 1\u00e8re ann\u00e9e", "annotations": {}, "label": "BMA 1\u00e8re ann\u00e9e", "type": "int"}, {"name": "bma_1ere_annee_filles", "description": "Effectif des filles en Brevet des m\u00e9tiers d'art (BMA) 1\u00e8re ann\u00e9e", "annotations": {}, "label": "BMA 1\u00e8re ann\u00e9e filles", "type": "int"}, {"name": "bma_1ere_annee_garcons", "description": "Effectif des gar\u00e7ons en Brevet des m\u00e9tiers d'art (BMA) 1\u00e8re ann\u00e9e", "annotations": {}, "label": "BMA 1\u00e8re ann\u00e9e gar\u00e7ons", "type": "int"}, {"name": "bma_1ere_annee_production", "description": "Effectif d'\u00e9l\u00e8ves de Brevet des m\u00e9tiers d'art (BMA) 1\u00e8re ann\u00e9e en sp\u00e9cialit\u00e9 de production", "annotations": {}, "label": "BMA 1\u00e8re ann\u00e9e production", "type": "int"}, {"name": "bma_1ere_annee_services", "description": "Effectif d'\u00e9l\u00e8ves de Brevet des m\u00e9tiers d'art (BMA) 1\u00e8re ann\u00e9e en sp\u00e9cialit\u00e9 des services", "annotations": {}, "label": "BMA 1\u00e8re ann\u00e9e services", "type": "int"}, {"name": "bma_2nde_annee", "description": "Effectif d'\u00e9l\u00e8ves en Brevet des m\u00e9tiers d'art (BMA) 2nde ann\u00e9e", "annotations": {}, "label": "BMA 2nde ann\u00e9e", "type": "int"}, {"name": "bma_2nde_annee_filles", "description": "Effectif des filles en Brevet des m\u00e9tiers d'art (BMA) 2nde ann\u00e9e", "annotations": {}, "label": "BMA 2nde ann\u00e9e filles", "type": "int"}, {"name": "bma_2nde_annee_garcons", "description": "Effectif des gar\u00e7ons en Brevet des m\u00e9tiers d'art (BMA) 2nde ann\u00e9e", "annotations": {}, "label": "BMA 2nde ann\u00e9e gar\u00e7ons", "type": "int"}, {"name": "bma_2nde_annee_production", "description": "Effectif d'\u00e9l\u00e8ves de Brevet des m\u00e9tiers d'art (BMA) 2nde ann\u00e9e en sp\u00e9cialit\u00e9 de production", "annotations": {}, "label": "BMA 2nde ann\u00e9e production", "type": "int"}, {"name": "bma_2nde_annee_services", "description": "Effectif d'\u00e9l\u00e8ves de Brevet des m\u00e9tiers d'art (BMA) 2nde ann\u00e9e en sp\u00e9cialit\u00e9 des services", "annotations": {}, "label": "BMA 2nde ann\u00e9e services", "type": "int"}, {"name": "bma_en_1_an", "description": "Effectif d'\u00e9l\u00e8ves en Brevet des m\u00e9tiers d'art (BMA) en 1 an", "annotations": {}, "label": "BMA en 1 an", "type": "int"}, {"name": "code_region_insee", "description": "Code de la r\u00e9gion Insee (code officiel g\u00e9ographique)", "annotations": {}, "label": "Code r\u00e9gion Insee", "type": "text"}, {"name": "code_commune", "description": "Code commune Insee", "annotations": {}, "label": "Code commune", "type": "text"}, {"name": "cs_niv_3_et_4_mc_avant_2024", "description": null, "annotations": {}, "label": "CS Niv 3 et 4 (MC avant 2024)", "type": "double"}, {"name": "cs_niv_3_et_4_mc_avant_2024_filles", "description": null, "annotations": {}, "label": "CS Niv 3 et 4 (MC avant 2024)_filles", "type": "double"}, {"name": "cs_niv_3_et_4_mc_avant_2024_garcons", "description": null, "annotations": {}, "label": "CS Niv 3 et 4 (MC avant 2024)_garcons", "type": "double"}, {"name": "cs_niv_3_et_4_mc_avant_2024_production", "description": null, "annotations": {}, "label": "CS Niv 3 et 4 (MC avant 2024)_production", "type": "double"}, {"name": "cs_niv_3_et_4_mc_avant_2024_services", "description": null, "annotations": {}, "label": "CS Niv 3 et 4 (MC avant 2024)_services", "type": "double"}, {"name": "num_ligne", "description": "variable de tri des donn\u00e9es", "annotations": {"facetsort": "-count"}, "label": "num_ligne", "type": "int"}], "metas": {"dcat": {"created": "2021-03-11", "issued": "2021-03-11", "creator": null, "contributor": null, "contact_name": null, "contact_email": null, "accrualperiodicity": "Annuelle", "spatial": null, "temporal": null, "granularity": null, "dataquality": null, "publisher_type": null, "conforms_to": null, "temporal_coverage_start": "2019-09-30T22:00:00+00:00", "temporal_coverage_end": "2024-09-30T22:00:00+00:00", "accessRights": null, "relation": null}, "default": {"title": "Effectifs d\u2019\u00e9l\u00e8ves en lyc\u00e9e professionnel", "description": "Ce jeu de donn\u00e9es contient les effectifs des lyc\u00e9es professionnels par niveau, sexe, principales langues vivantes 1 et langues vivantes 2, observ\u00e9s au d\u00e9but du mois d\u2019octobre de chaque ann\u00e9e. Derni\u00e8re observation le 01/10/2024.<p><br></p>", "theme": ["El\u00e8ves, \u00e9tudiants, et apprentis"], "keyword": ["\u00e9tablissements", "\u00e9l\u00e8ves", "lyc\u00e9es professionnels", "langues vivantes"], "license": "Licence Ouverte v2.0 (Etalab)", "license_url": "http://www.etalab.gouv.fr/wp-content/uploads/2017/04/ETALAB-Licence-Ouverte-v2.0.pdf", "language": "fr", "metadata_languages": ["fr"], "timezone": null, "modified": "2026-02-06T22:32:12.469000+00:00", "modified_updates_on_metadata_change": true, "modified_updates_on_data_change": true, "data_processed": "2026-01-29T18:32:11.347000+00:00", "metadata_processed": "2026-02-06T22:32:13.704000+00:00", "geographic_reference": ["world_fr"], "geographic_reference_auto": true, "territory": ["France"], "geometry_types": null, "bbox": null, "publisher": "DEPP \u2013 Minist\u00e8re en charge de l\u2019\u00e9ducation nationale", "references": null, "records_count": 13292, "attributions": null, "source_domain": null, "source_domain_title": null, "source_domain_address": null, "source_dataset": null, "shared_catalog": null, "federated": false, "parent_domain": null, "update_frequency": null}, "metadonnees-complementaires": {"date-observation": "01/10/2024", "periode-donnees": "2019-2024", "champ": "\u00c9tablissements publics et priv\u00e9s sous contrat", "couverture-geographique": ["France"], "unite-statistique": "\u00c9tablissements scolaires", "secret-statistique": null}}}}