{"links": [{"rel": "self", "href": "https://data.education.gouv.fr/api/v2/catalog/datasets/fr-en-lycee_gt-effectifs-niveau-sexe-lv"}, {"rel": "datasets", "href": "https://data.education.gouv.fr/api/v2/catalog/datasets"}, {"rel": "records", "href": "https://data.education.gouv.fr/api/v2/catalog/datasets/fr-en-lycee_gt-effectifs-niveau-sexe-lv/records"}, {"rel": "exports", "href": "https://data.education.gouv.fr/api/v2/catalog/datasets/fr-en-lycee_gt-effectifs-niveau-sexe-lv/exports"}, {"rel": "facets", "href": "https://data.education.gouv.fr/api/v2/catalog/datasets/fr-en-lycee_gt-effectifs-niveau-sexe-lv/facets"}], "dataset": {"visibility": "domain", "dataset_id": "fr-en-lycee_gt-effectifs-niveau-sexe-lv", "dataset_uid": "da_essoe4", "has_records": true, "features": ["timeserie", "analyze"], "attachments": [], "alternative_exports": [], "data_visible": true, "fields": [{"name": "rentree_scolaire", "description": "Ann\u00e9e de rentr\u00e9e scolaire sous la forme YYYY (par exemple : 2019 pour l'ann\u00e9e scolaire 2019-2020)", "annotations": {"facet": true, "facetsort": "-alphanum", "sortable": true}, "label": "Rentr\u00e9e scolaire", "type": "date"}, {"name": "code_region_academique", "description": "Code de la r\u00e9gion acad\u00e9mique", "annotations": {}, "label": "Code r\u00e9gion acad\u00e9mique", "type": "text"}, {"name": "code_region_insee", "description": "Code de la r\u00e9gion Insee (code officiel g\u00e9ographique)", "annotations": {}, "label": "Code r\u00e9gion Insee", "type": "text"}, {"name": "region_academique", "description": "Nom de la r\u00e9gion d'implantation de l'\u00e9tablissement scolaire", "annotations": {}, "label": "R\u00e9gion acad\u00e9mique", "type": "text"}, {"name": "code_academie_et_assimile", "description": "Code de l'acad\u00e9mie", "annotations": {}, "label": "Code acad\u00e9mie et assimil\u00e9", "type": "text"}, {"name": "academie", "description": "Nom de l'acad\u00e9mie \u00e0 laquelle appartient l'\u00e9tablissement scolaire", "annotations": {"facet": true, "disjunctive": true, "sortable": true}, "label": "Acad\u00e9mie", "type": "text"}, {"name": "code_departement_pays", "description": "Code du d\u00e9partement", "annotations": {}, "label": "Code d\u00e9partement pays", "type": "text"}, {"name": "departement", "description": "Nom du d\u00e9partement d'implantation de l'\u00e9tablissement scolaire", "annotations": {"facet": true, "disjunctive": true, "sortable": true}, "label": "D\u00e9partement", "type": "text"}, {"name": "code_commune", "description": "Code commune Insee", "annotations": {}, "label": "Code commune", "type": "text"}, {"name": "commune", "description": "Nom de la commune d'implantation de l'\u00e9tablissement scolaire", "annotations": {"facet": true, "disjunctive": true, "sortable": true}, "label": "Commune", "type": "text"}, {"name": "numero_lycee", "description": "Identifiant de l'\u00e9tablissement scolaire (UAI)", "annotations": {}, "label": "UAI", "type": "text"}, {"name": "denomination_principale", "description": "D\u00e9nomination de l'\u00e9tablissement scolaire : ECOLE, COLLEGE, LYCEE POLYVALENT, AUTRE", "annotations": {"facet": true, "disjunctive": true, "sortable": true}, "label": "D\u00e9nomination principale", "type": "text"}, {"name": "patronyme", "description": "Nom de l'\u00e9tablissement scolaire", "annotations": {"facet": true, "disjunctive": true, "sortable": true}, "label": "Patronyme", "type": "text"}, {"name": "secteur", "description": "Secteur d'enseignement de l'\u00e9tablissement scolaire : public / priv\u00e9", "annotations": {"facet": true, "disjunctive": true, "sortable": true}, "label": "Secteur", "type": "text"}, {"name": "nombre_d_eleves", "description": "Effectif total des \u00e9l\u00e8ves de l'\u00e9tablissement", "annotations": {"facetsort": "-count", "sortable": true}, "label": "Nombre d'\u00e9l\u00e8ves", "type": "int"}, {"name": "2ndes_gt", "description": "Effectif des \u00e9l\u00e8ves en seconde g\u00e9n\u00e9rale et technologique (GT)", "annotations": {}, "label": "2ndes GT", "type": "int"}, {"name": "2ndes_gt_filles", "description": "Effectif des filles en seconde g\u00e9n\u00e9rale et technologique (GT)", "annotations": {}, "label": "2ndes GT filles", "type": "int"}, {"name": "2ndes_gt_garcons", "description": "Effectif des gar\u00e7ons en seconde g\u00e9n\u00e9rale et technologique (GT)", "annotations": {}, "label": "2ndes GT gar\u00e7ons", "type": "int"}, {"name": "2ndes_gt_lv1_allemand", "description": "Effectif d'\u00e9l\u00e8ves de seconde g\u00e9n\u00e9rale et technologique (GT) en ALLEMAND Langue vivante 1 (LV1)", "annotations": {}, "label": "2ndes GT LV1 allemand", "type": "int"}, {"name": "2ndes_gt_lv1_anglais", "description": "Effectif d'\u00e9l\u00e8ves de seconde g\u00e9n\u00e9rale et technologique (GT) en ANGLAIS Langue vivante 1 (LV1)", "annotations": {}, "label": "2ndes GT LV1 anglais", "type": "int"}, {"name": "2ndes_gt_lv1_espagnol", "description": "Effectif d'\u00e9l\u00e8ves de seconde g\u00e9n\u00e9rale et technologique (GT) en ESPAGNOL Langue vivante 1 (LV1)", "annotations": {}, "label": "2ndes GT LV1 espagnol", "type": "int"}, {"name": "2ndes_gt_lv1_autres_langues", "description": "Effectif d'\u00e9l\u00e8ves de seconde g\u00e9n\u00e9rale et technologique (GT) en langue vivante 1 (LV1) autre que l'allemand, l'anglais ou l'espagnol", "annotations": {}, "label": "2ndes GT LV1 autres langues", "type": "int"}, {"name": "2ndes_gt_lv2_allemand", "description": "Effectif d'\u00e9l\u00e8ves de seconde g\u00e9n\u00e9rale et technologique (GT) en ALLEMAND Langue vivante 2 (LV2)", "annotations": {}, "label": "2ndes GT LV2 allemand", "type": "int"}, {"name": "2ndes_gt_lv2_anglais", "description": "Effectif d'\u00e9l\u00e8ves de seconde g\u00e9n\u00e9rale et technologique (GT) en ANGLAIS Langue vivante 2 (LV2)", "annotations": {}, "label": "2ndes GT LV2 anglais", "type": "int"}, {"name": "2ndes_gt_lv2_espagnol", "description": "Effectif d'\u00e9l\u00e8ves de seconde g\u00e9n\u00e9rale et technologique (GT) en ESPAGNOL Langue vivante 2 (LV2)", "annotations": {}, "label": "2ndes GT LV2 espagnol", "type": "int"}, {"name": "2ndes_gt_lv2_italien", "description": "Effectif d'\u00e9l\u00e8ves de seconde g\u00e9n\u00e9rale et technologique (GT) en ITALIEN Langue vivante 2 (LV2)", "annotations": {}, "label": "2ndes GT LV2 italien", "type": "int"}, {"name": "2ndes_gt_lv2_autres_langues", "description": "Effectif d'\u00e9l\u00e8ves de seconde g\u00e9n\u00e9rale et technologique (GT) en langue vivante 2 (LV2) autre que l'allemand, l'anglais, l'espagnol ou l'italien", "annotations": {}, "label": "2ndes GT LV2 autres langues", "type": "int"}, {"name": "2ndes_sthr", "description": "Effectif des \u00e9l\u00e8ves de seconde inscrits en sciences et technologie de l'h\u00f4tellerie et de la restauration (STHR)", "annotations": {}, "label": "2ndes STHR", "type": "int"}, {"name": "2ndes_tmd", "description": "Effectif des \u00e9l\u00e8ves de seconde inscrits en techniques de la musique et de la danse (TMD)", "annotations": {}, "label": "2ndes TMD", "type": "int"}, {"name": "2ndes_bt", "description": "Effectif des \u00e9l\u00e8ves de seconde inscrits en formation de brevet de technicien (BT)", "annotations": {}, "label": "2ndes BT", "type": "int"}, {"name": "1eres_g", "description": "Effectif des \u00e9l\u00e8ves en premi\u00e8re g\u00e9n\u00e9rale (G)", "annotations": {}, "label": "1\u00e8res G", "type": "int"}, {"name": "1eres_g_filles", "description": "Effectif des filles en premi\u00e8re g\u00e9n\u00e9rale (G)", "annotations": {}, "label": "1\u00e8res G filles", "type": "int"}, {"name": "1eres_g_garcons", "description": "Effectif des gar\u00e7ons en premi\u00e8re g\u00e9n\u00e9rale (G)", "annotations": {}, "label": "1\u00e8res G gar\u00e7ons", "type": "int"}, {"name": "1eres_g_lv1_allemand", "description": "Effectif des \u00e9l\u00e8ves en premi\u00e8re g\u00e9n\u00e9rale (G) inscrits en ALLEMAND Langue vivante 1 (LV1)", "annotations": {}, "label": "1\u00e8res G LV1 allemand", "type": "int"}, {"name": "1eres_g_lv1_anglais", "description": "Effectif des \u00e9l\u00e8ves en premi\u00e8re g\u00e9n\u00e9rale (G) inscrits en ANGLAIS Langue vivante 1 (LV1)", "annotations": {}, "label": "1\u00e8res G LV1 anglais", "type": "int"}, {"name": "1eres_g_lv1_espagnol", "description": "Effectif des \u00e9l\u00e8ves en premi\u00e8re g\u00e9n\u00e9rale (G) inscrits en ESPAGNOL Langue vivante 1 (LV1)", "annotations": {}, "label": "1\u00e8res G LV1 espagnol", "type": "int"}, {"name": "1eres_g_lv1_autres_langues", "description": "Effectif des \u00e9l\u00e8ves en premi\u00e8re g\u00e9n\u00e9rale (G) inscrits en langue vivante 1 (LV1) autre que l'allemand, l'anglais ou l'espagnol", "annotations": {}, "label": "1\u00e8res G LV1 autres langues", "type": "int"}, {"name": "1eres_g_lv2_allemand", "description": "Effectif des \u00e9l\u00e8ves en premi\u00e8re g\u00e9n\u00e9rale (G) inscrits en ALLEMAND Langue vivante 2 (LV2)", "annotations": {}, "label": "1\u00e8res G LV2 allemand", "type": "int"}, {"name": "1eres_g_lv2_anglais", "description": "Effectif des \u00e9l\u00e8ves en premi\u00e8re g\u00e9n\u00e9rale (G) inscrits en ANGLAIS Langue vivante 2 (LV2)", "annotations": {}, "label": "1\u00e8res G LV2 anglais", "type": "int"}, {"name": "1eres_g_lv2_espagnol", "description": "Effectif des \u00e9l\u00e8ves en premi\u00e8re g\u00e9n\u00e9rale (G) inscrits en ESPAGNOL Langue vivante 2 (LV2)", "annotations": {}, "label": "1\u00e8res G LV2 espagnol", "type": "int"}, {"name": "1eres_g_lv2_italien", "description": "Effectif des \u00e9l\u00e8ves en premi\u00e8re g\u00e9n\u00e9rale (G) inscrits en ITALIEN Langue vivante 2 (LV2)", "annotations": {}, "label": "1\u00e8res G LV2 italien", "type": "int"}, {"name": "1eres_g_lv2_autres_langues", "description": "Effectif des \u00e9l\u00e8ves en premi\u00e8re g\u00e9n\u00e9rale (G) inscrits en langue vivante 2 (LV2) autre que l'allemand, l'anglais, l'espagnol ou l'italien", "annotations": {}, "label": "1\u00e8res G LV2 autres langues", "type": "int"}, {"name": "1eres_sti2d", "description": "Effectif des \u00e9l\u00e8ves en premi\u00e8re sciences et technologies de l'industrie et du d\u00e9veloppement durable (STI2D)", "annotations": {}, "label": "1\u00e8res STI2D", "type": "int"}, {"name": "1eres_sti2d_filles", "description": "Effectif des filles en premi\u00e8re sciences et technologies de l'industrie et du d\u00e9veloppement durable (STI2D)", "annotations": {}, "label": "1\u00e8res STI2D filles", "type": "int"}, {"name": "1eres_sti2d_garcons", "description": "Effectif des gar\u00e7ons en premi\u00e8re sciences et technologies de l'industrie et du d\u00e9veloppement durable (STI2D)", "annotations": {}, "label": "1\u00e8res STI2D gar\u00e7ons", "type": "int"}, {"name": "1eres_sti2d_lv1_allemand", "description": "Effectif des \u00e9l\u00e8ves en premi\u00e8re sciences et technologies de l'industrie et du d\u00e9veloppement durable (STI2D) inscrits en ALLEMAND Langue vivante 1 (LV1)", "annotations": {}, "label": "1\u00e8res STI2D LV1 allemand", "type": "int"}, {"name": "1eres_sti2d_lv1_anglais", "description": "Effectif des \u00e9l\u00e8ves en premi\u00e8re sciences et technologies de l'industrie et du d\u00e9veloppement durable (STI2D) inscrits en ANGLAIS Langue vivante 1 (LV1)", "annotations": {}, "label": "1\u00e8res STI2D LV1 anglais", "type": "int"}, {"name": "1eres_sti2d_lv1_espagnol", "description": "Effectif des \u00e9l\u00e8ves en premi\u00e8re sciences et technologies de l'industrie et du d\u00e9veloppement durable (STI2D) inscrits en ESPAGNOL Langue vivante 1 (LV1)", "annotations": {}, "label": "1\u00e8res STI2D LV1 espagnol", "type": "int"}, {"name": "1eres_sti2d_lv1_autres_langues", "description": "Effectif des \u00e9l\u00e8ves en premi\u00e8re sciences et technologies de l'industrie et du d\u00e9veloppement durable (STI2D) inscrits en langue vivante 1 (LV1) autre que l'allemand, l'anglais ou l'espagnol", "annotations": {}, "label": "1\u00e8res STI2D LV1 autres langues", "type": "int"}, {"name": "1eres_sti2d_lv2_allemand", "description": "Effectif des \u00e9l\u00e8ves en premi\u00e8re sciences et technologies de l'industrie et du d\u00e9veloppement durable (STI2D) inscrits en ALLEMAND Langue vivante 2 (LV2)", "annotations": {}, "label": "1\u00e8res STI2D LV2 allemand", "type": "int"}, {"name": "1eres_sti2d_lv2_anglais", "description": "Effectif des \u00e9l\u00e8ves en premi\u00e8re sciences et technologies de l'industrie et du d\u00e9veloppement durable (STI2D) inscrits en ANGLAIS Langue vivante 2 (LV2)", "annotations": {}, "label": "1\u00e8res STI2D LV2 anglais", "type": "int"}, {"name": "1eres_sti2d_lv2_espagnol", "description": "Effectif des \u00e9l\u00e8ves en premi\u00e8re sciences et technologies de l'industrie et du d\u00e9veloppement durable (STI2D) inscrits en ESPAGNOL Langue vivante 2 (LV2)", "annotations": {}, "label": "1\u00e8res STI2D LV2 espagnol", "type": "int"}, {"name": "1eres_sti2d_lv2_italien", "description": "Effectif des \u00e9l\u00e8ves en premi\u00e8re sciences et technologies de l'industrie et du d\u00e9veloppement durable (STI2D) inscrits en ITALIEN Langue vivante 2 (LV2)", "annotations": {}, "label": "1\u00e8res STI2D LV2 italien", "type": "int"}, {"name": "1eres_sti2d_lv2_autres_langues", "description": "Effectif des \u00e9l\u00e8ves en premi\u00e8re sciences et technologies de l'industrie et du d\u00e9veloppement durable (STI2D) inscrits en langue vivante 2 (LV2) autre que l'allemand, l'anglais, l'espagnol ou l'italien", "annotations": {}, "label": "1\u00e8res STI2D LV2 autres langues", "type": "int"}, {"name": "1eres_stl", "description": "Effectif des \u00e9l\u00e8ves en premi\u00e8re sciences et technologie de laboratoire (STL)", "annotations": {}, "label": "1\u00e8res STL", "type": "int"}, {"name": "1eres_stl_filles", "description": "Effectif des filles en premi\u00e8re sciences et technologie de laboratoire (STL)", "annotations": {}, "label": "1\u00e8res STL filles", "type": "int"}, {"name": "1eres_stl_garcons", "description": "Effectif des gar\u00e7ons en premi\u00e8re sciences et technologie de laboratoire (STL)", "annotations": {}, "label": "1\u00e8res STL gar\u00e7ons", "type": "int"}, {"name": "1eres_stl_lv1_allemand", "description": "Effectif des \u00e9l\u00e8ves en premi\u00e8re sciences et technologie de laboratoire (STL) inscrits en ALLEMAND Langue vivante 1 (LV1)", "annotations": {}, "label": "1\u00e8res STL LV1 allemand", "type": "int"}, {"name": "1eres_stl_lv1_anglais", "description": "Effectif des \u00e9l\u00e8ves en premi\u00e8re sciences et technologie de laboratoire (STL) inscrits en ANGLAIS Langue vivante 1 (LV1)", "annotations": {}, "label": "1\u00e8res STL LV1 anglais", "type": "int"}, {"name": "1eres_stl_lv1_espagnol", "description": "Effectif des \u00e9l\u00e8ves en premi\u00e8re sciences et technologie de laboratoire (STL) inscrits en ESPAGNOL Langue vivante 1 (LV1)", "annotations": {}, "label": "1\u00e8res STL LV1 espagnol", "type": "int"}, {"name": "1eres_stl_lv1_autres_langues", "description": "Effectif des \u00e9l\u00e8ves en premi\u00e8re sciences et technologie de laboratoire (STL) inscrits en langue vivante 1 (LV1) autre que l'allemand, l'anglais ou l'espagnol", "annotations": {}, "label": "1\u00e8res STL LV1 autres langues", "type": "int"}, {"name": "1eres_stl_lv2_allemand", "description": "Effectif des \u00e9l\u00e8ves en premi\u00e8re sciences et technologie de laboratoire (STL) inscrits en ALLEMAND Langue vivante 2 (LV2)", "annotations": {}, "label": "1\u00e8res STL LV2 allemand", "type": "int"}, {"name": "1eres_stl_lv2_anglais", "description": "Effectif des \u00e9l\u00e8ves en premi\u00e8re sciences et technologie de laboratoire (STL) inscrits en ANGLAIS Langue vivante 2 (LV2)", "annotations": {}, "label": "1\u00e8res STL LV2 anglais", "type": "int"}, {"name": "1eres_stl_lv2_espagnol", "description": "Effectif des \u00e9l\u00e8ves en premi\u00e8re sciences et technologie de laboratoire (STL) inscrits en ESPAGNOL Langue vivante 2 (LV2)", "annotations": {}, "label": "1\u00e8res STL LV2 espagnol", "type": "int"}, {"name": "1eres_stl_lv2_italien", "description": "Effectif des \u00e9l\u00e8ves en premi\u00e8re sciences et technologie de laboratoire (STL) inscrits en ITALIEN Langue vivante 2 (LV2)", "annotations": {}, "label": "1\u00e8res STL LV2 italien", "type": "int"}, {"name": "1eres_stl_lv2_autres_langues", "description": "Effectif des \u00e9l\u00e8ves en premi\u00e8re sciences et technologie de laboratoire (STL) inscrits en langue vivante 2 (LV2) autre que l'allemand, l'anglais, l'espagnol ou l'italien", "annotations": {}, "label": "1\u00e8res STL LV2 autres langues", "type": "int"}, {"name": "1eres_stmg", "description": "Effectif des \u00e9l\u00e8ves en premi\u00e8re sciences et technologies du management et de la gestion (STMG)", "annotations": {}, "label": "1\u00e8res STMG", "type": "int"}, {"name": "1eres_stmg_filles", "description": "Effectif des filles en premi\u00e8re sciences et technologies du management et de la gestion (STMG)", "annotations": {}, "label": "1\u00e8res STMG filles", "type": "int"}, {"name": "1eres_stmg_garcons", "description": "Effectif des gar\u00e7ons en premi\u00e8re sciences et technologies du management et de la gestion (STMG)", "annotations": {}, "label": "1\u00e8res STMG gar\u00e7ons", "type": "int"}, {"name": "1eres_stmg_lv1_allemand", "description": "Effectif des \u00e9l\u00e8ves en premi\u00e8re sciences et technologies du management et de la gestion (STMG) inscrits en ALLEMAND Langue vivante 1 (LV1)", "annotations": {}, "label": "1\u00e8res STMG LV1 allemand", "type": "int"}, {"name": "1eres_stmg_lv1_anglais", "description": "Effectif des \u00e9l\u00e8ves en premi\u00e8re sciences et technologies du management et de la gestion (STMG) inscrits en ANGLAIS Langue vivante 1 (LV1)", "annotations": {}, "label": "1\u00e8res STMG LV1 anglais", "type": "int"}, {"name": "1eres_stmg_lv1_espagnol", "description": "Effectif des \u00e9l\u00e8ves en premi\u00e8re sciences et technologies du management et de la gestion (STMG) inscrits en ESPAGNOL Langue vivante 1 (LV1)", "annotations": {}, "label": "1\u00e8res STMG LV1 espagnol", "type": "int"}, {"name": "1eres_stmg_lv1_autres_langues", "description": "Effectif des \u00e9l\u00e8ves en premi\u00e8re sciences et technologies du management et de la gestion (STMG) inscrits en langue vivante 1 (LV1) autre que l'allemand, l'anglais ou l'espagnol", "annotations": {}, "label": "1\u00e8res STMG LV1 autres langues", "type": "int"}, {"name": "1eres_stmg_lv2_allemand", "description": "Effectif des \u00e9l\u00e8ves en premi\u00e8re sciences et technologies du management et de la gestion (STMG) inscrits en ALLEMAND Langue vivante 2 (LV2)", "annotations": {}, "label": "1\u00e8res STMG LV2 allemand", "type": "int"}, {"name": "1eres_stmg_lv2_anglais", "description": "Effectif des \u00e9l\u00e8ves en premi\u00e8re sciences et technologies du management et de la gestion (STMG) inscrits en ANGLAIS Langue vivante 2 (LV2)", "annotations": {}, "label": "1\u00e8res STMG LV2 anglais", "type": "int"}, {"name": "1eres_stmg_lv2_espagnol", "description": "Effectif des \u00e9l\u00e8ves en premi\u00e8re sciences et technologies du management et de la gestion (STMG) inscrits en ESPAGNOL Langue vivante 2 (LV2)", "annotations": {}, "label": "1\u00e8res STMG LV2 espagnol", "type": "int"}, {"name": "1eres_stmg_lv2_italien", "description": "Effectif des \u00e9l\u00e8ves en premi\u00e8re sciences et technologies du management et de la gestion (STMG) inscrits en ITALIEN Langue vivante 2 (LV2)", "annotations": {}, "label": "1\u00e8res STMG LV2 italien", "type": "int"}, {"name": "1eres_stmg_lv2_autres_langues", "description": "Effectif des \u00e9l\u00e8ves en premi\u00e8re sciences et technologies du management et de la gestion (STMG) inscrits en langue vivante 2 (LV2) autre que l'allemand, l'anglais, l'espagnol ou l'italien", "annotations": {}, "label": "1\u00e8res STMG LV2 autres langues", "type": "int"}, {"name": "1eres_st2s", "description": "Effectif des \u00e9l\u00e8ves en premi\u00e8re sciences et technologies de la sant\u00e9 et du social (ST2S)", "annotations": {}, "label": "1\u00e8res ST2S", "type": "int"}, {"name": "1eres_st2s_filles", "description": "Effectif des filles en premi\u00e8re sciences et technologies de la sant\u00e9 et du social (ST2S)", "annotations": {}, "label": "1\u00e8res ST2S filles", "type": "int"}, {"name": "1eres_st2s_garcons", "description": "Effectif des gar\u00e7ons en premi\u00e8re sciences et technologies de la sant\u00e9 et du social (ST2S)", "annotations": {}, "label": "1\u00e8res ST2S gar\u00e7ons", "type": "int"}, {"name": "1eres_st2s_lv1_allemand", "description": "Effectif des \u00e9l\u00e8ves en premi\u00e8re sciences et technologies de la sant\u00e9 et du social (ST2S) inscrits en ALLEMAND Langue vivante 1 (LV1)", "annotations": {}, "label": "1\u00e8res ST2S LV1 allemand", "type": "int"}, {"name": "1eres_st2s_lv1_anglais", "description": "Effectif des \u00e9l\u00e8ves en premi\u00e8re sciences et technologies de la sant\u00e9 et du social (ST2S) inscrits en ANGLAIS Langue vivante 1 (LV1)", "annotations": {}, "label": "1\u00e8res ST2S LV1 anglais", "type": "int"}, {"name": "1eres_st2s_lv1_espagnol", "description": "Effectif des \u00e9l\u00e8ves en premi\u00e8re sciences et technologies de la sant\u00e9 et du social (ST2S) inscrits en ESPAGNOL Langue vivante 1 (LV1)", "annotations": {}, "label": "1\u00e8res ST2S LV1 espagnol", "type": "int"}, {"name": "1eres_st2s_lv1_autres_langues", "description": "Effectif des \u00e9l\u00e8ves en premi\u00e8re sciences et technologies de la sant\u00e9 et du social (ST2S) inscrits en langue vivante 1 (LV1) autre que l'allemand, l'anglais ou l'espagnol", "annotations": {}, "label": "1\u00e8res ST2S LV1 autres langues", "type": "int"}, {"name": "1eres_st2s_lv2_allemand", "description": "Effectif des \u00e9l\u00e8ves en premi\u00e8re sciences et technologies de la sant\u00e9 et du social (ST2S) inscrits en ALLEMAND Langue vivante 2 (LV2)", "annotations": {}, "label": "1\u00e8res ST2S LV2 allemand", "type": "int"}, {"name": "1eres_st2s_lv2_anglais", "description": "Effectif des \u00e9l\u00e8ves en premi\u00e8re sciences et technologies de la sant\u00e9 et du social (ST2S) inscrits en ANGLAIS Langue vivante 2 (LV2)", "annotations": {}, "label": "1\u00e8res ST2S LV2 anglais", "type": "int"}, {"name": "1eres_st2s_lv2_espagnol", "description": "Effectif des \u00e9l\u00e8ves en premi\u00e8re sciences et technologies de la sant\u00e9 et du social (ST2S) inscrits en ESPAGNOL Langue vivante 2 (LV2)", "annotations": {}, "label": "1\u00e8res ST2S LV2 espagnol", "type": "int"}, {"name": "1eres_st2s_lv2_italien", "description": "Effectif des \u00e9l\u00e8ves en premi\u00e8re sciences et technologies de la sant\u00e9 et du social (ST2S) inscrits en ITALIEN Langue vivante 2 (LV2)", "annotations": {}, "label": "1\u00e8res ST2S LV2 italien", "type": "int"}, {"name": "1eres_st2s_lv2_autres_langues", "description": "Effectif des \u00e9l\u00e8ves en premi\u00e8re sciences et technologies de la sant\u00e9 et du social (ST2S) inscrits en langue vivante 2 (LV2) autre que l'allemand, l'anglais, l'espagnol ou l'italien", "annotations": {}, "label": "1\u00e8res ST2S LV2 autres langues", "type": "int"}, {"name": "1eres_std2a", "description": "Effectif des \u00e9l\u00e8ves en premi\u00e8re sciences et technologies du design et des arts appliqu\u00e9s (STD2A)", "annotations": {}, "label": "1\u00e8res STD2A", "type": "int"}, {"name": "1eres_std2a_filles", "description": "Effectif des filles en premi\u00e8re sciences et technologies du design et des arts appliqu\u00e9s (STD2A)", "annotations": {}, "label": "1\u00e8res STD2A filles", "type": "int"}, {"name": "1eres_std2a_garcons", "description": "Effectif des gar\u00e7ons en premi\u00e8re sciences et technologies du design et des arts appliqu\u00e9s (STD2A)", "annotations": {}, "label": "1\u00e8res STD2A gar\u00e7ons", "type": "int"}, {"name": "1eres_std2a_lv1_allemand", "description": "Effectif des \u00e9l\u00e8ves en premi\u00e8re sciences et technologies du design et des arts appliqu\u00e9s (STD2A) inscrits en ALLEMAND Langue vivante 1 (LV1)", "annotations": {}, "label": "1\u00e8res STD2A LV1 allemand", "type": "int"}, {"name": "1eres_std2a_lv1_anglais", "description": "Effectif des \u00e9l\u00e8ves en premi\u00e8re sciences et technologies du design et des arts appliqu\u00e9s (STD2A) inscrits en ANGLAIS Langue vivante 1 (LV1)", "annotations": {}, "label": "1\u00e8res STD2A LV1 anglais", "type": "int"}, {"name": "1eres_std2a_lv1_espagnol", "description": "Effectif des \u00e9l\u00e8ves en premi\u00e8re sciences et technologies du design et des arts appliqu\u00e9s (STD2A) inscrits en ESPAGNOL Langue vivante 1 (LV1)", "annotations": {}, "label": "1\u00e8res STD2A LV1 espagnol", "type": "int"}, {"name": "1eres_std2a_lv1_autres_langues", "description": "Effectif des \u00e9l\u00e8ves en premi\u00e8re sciences et technologies du design et des arts appliqu\u00e9s (STD2A) inscrits en langue vivante 1 (LV1) autre que l'allemand, l'anglais ou l'espagnol", "annotations": {}, "label": "1\u00e8res STD2A LV1 autres langues", "type": "int"}, {"name": "1eres_std2a_lv2_allemand", "description": "Effectif des \u00e9l\u00e8ves en premi\u00e8re sciences et technologies du design et des arts appliqu\u00e9s (STD2A) inscrits en ALLEMAND Langue vivante 2 (LV2)", "annotations": {}, "label": "1\u00e8res STD2A LV2 allemand", "type": "int"}, {"name": "1eres_std2a_lv2_anglais", "description": "Effectif des \u00e9l\u00e8ves en premi\u00e8re sciences et technologies du design et des arts appliqu\u00e9s (STD2A) inscrits en ANGLAIS Langue vivante 2 (LV2)", "annotations": {}, "label": "1\u00e8res STD2A LV2 anglais", "type": "int"}, {"name": "1eres_std2a_lv2_espagnol", "description": "Effectif des \u00e9l\u00e8ves en premi\u00e8re sciences et technologies du design et des arts appliqu\u00e9s (STD2A) inscrits en ESPAGNOL Langue vivante 2 (LV2)", "annotations": {}, "label": "1\u00e8res STD2A LV2 espagnol", "type": "int"}, {"name": "1eres_std2a_lv2_italien", "description": "Effectif des \u00e9l\u00e8ves en premi\u00e8re sciences et technologies du design et des arts appliqu\u00e9s (STD2A) inscrits en ITALIEN Langue vivante 2 (LV2)", "annotations": {}, "label": "1\u00e8res STD2A LV2 italien", "type": "int"}, {"name": "1eres_std2a_lv2_autres_langues", "description": "Effectif des \u00e9l\u00e8ves en premi\u00e8re sciences et technologies du design et des arts appliqu\u00e9s (STD2A) inscrits en langue vivante 2 (LV2) autre que l'allemand, l'anglais, l'espagnol ou l'italien", "annotations": {}, "label": "1\u00e8res STD2A LV2 autres langues", "type": "int"}, {"name": "1eres_sthr", "description": "Effectif des \u00e9l\u00e8ves de premi\u00e8re inscrits en sciences et technologie de l'h\u00f4tellerie et de la restauration (STHR)", "annotations": {}, "label": "1\u00e8res STHR", "type": "int"}, {"name": "1eres_tmd", "description": "Effectif des \u00e9l\u00e8ves de premi\u00e8re inscrits en techniques de la musique et de la danse (TMD)", "annotations": {}, "label": "1\u00e8res TMD", "type": "int"}, {"name": "1eres_bt", "description": "Effectif des \u00e9l\u00e8ves de premi\u00e8re inscrits en formation de brevet de technicien (BT)", "annotations": {}, "label": "1\u00e8res BT", "type": "int"}, {"name": "terminales_g", "description": "Effectif des \u00e9l\u00e8ves en Terminale g\u00e9n\u00e9rale (G)", "annotations": {"facetsort": "-count"}, "label": "Terminales G", "type": "int"}, {"name": "terminales_g_filles", "description": "Effectif des filles en Terminale g\u00e9n\u00e9rale (G)", "annotations": {"facetsort": "-count"}, "label": "Terminales G filles", "type": "int"}, {"name": "terminales_g_garcons", "description": "Effectif des gar\u00e7ons en Terminale g\u00e9n\u00e9rale (G)", "annotations": {"facetsort": "-count"}, "label": "Terminales G gar\u00e7ons", "type": "int"}, {"name": "terminales_g_lv1_allemand", "description": "Effectif des \u00e9l\u00e8ves en Terminale g\u00e9n\u00e9rale (G) inscrits en ALLEMAND Langue vivante 1 (LV1)", "annotations": {"facetsort": "-count"}, "label": "Terminales G LV1 allemand", "type": "int"}, {"name": "terminales_g_lv1_anglais", "description": "Effectif des \u00e9l\u00e8ves en Terminale g\u00e9n\u00e9rale (G) inscrits en ANGLAIS Langue vivante 1 (LV1)", "annotations": {"facetsort": "-count"}, "label": "Terminales G LV1 anglais", "type": "int"}, {"name": "terminales_g_lv1_espagnol", "description": "Effectif des \u00e9l\u00e8ves en Terminale g\u00e9n\u00e9rale (G) inscrits en ESPAGNOL Langue vivante 1 (LV1)", "annotations": {"facetsort": "-count"}, "label": "Terminales G LV1 espagnol", "type": "int"}, {"name": "terminales_g_lv1_autres_langues", "description": "Effectif des \u00e9l\u00e8ves en Terminale g\u00e9n\u00e9rale (G) inscrits en langue vivante 1 (LV1) autre que l'allemand, l'anglais ou l'espagnol", "annotations": {"facetsort": "-count"}, "label": "Terminales G LV1 autres langues", "type": "int"}, {"name": "terminales_g_lv2_allemand", "description": "Effectif des \u00e9l\u00e8ves en Terminale g\u00e9n\u00e9rale (G) inscrits en ALLEMAND Langue vivante 2 (LV2)", "annotations": {"facetsort": "-count"}, "label": "Terminales G LV2 allemand", "type": "int"}, {"name": "terminales_g_lv2_anglais", "description": "Effectif des \u00e9l\u00e8ves en Terminale g\u00e9n\u00e9rale (G) inscrits en ANGLAIS Langue vivante 2 (LV2)", "annotations": {"facetsort": "-count"}, "label": "Terminales G LV2 anglais", "type": "int"}, {"name": "terminales_g_lv2_espagnol", "description": "Effectif des \u00e9l\u00e8ves en Terminale g\u00e9n\u00e9rale (G) inscrits en ESPAGNOL Langue vivante 2 (LV2)", "annotations": {"facetsort": "-count"}, "label": "Terminales G LV2 espagnol", "type": "int"}, {"name": "terminales_g_lv2_italien", "description": "Effectif des \u00e9l\u00e8ves en Terminale g\u00e9n\u00e9rale (G) inscrits en ITALIEN Langue vivante 2 (LV2)", "annotations": {"facetsort": "-count"}, "label": "Terminales G LV2 italien", "type": "int"}, {"name": "terminales_g_lv2_autres_langues", "description": "Effectif des \u00e9l\u00e8ves en Terminale g\u00e9n\u00e9rale (G) inscrits en langue vivante 2 (LV2) autre que l'allemand, l'anglais, l'espagnol ou l'italien", "annotations": {"facetsort": "-count"}, "label": "Terminales G LV2 autres langues", "type": "int"}, {"name": "terminales_sti2d", "description": "Effectif des \u00e9l\u00e8ves en Terminale sciences et technologies de l'industrie et du d\u00e9veloppement durable (STI2D)", "annotations": {"facetsort": "-count"}, "label": "Terminales STI2D", "type": "int"}, {"name": "terminales_sti2d_filles", "description": "Effectif des filles en Terminale sciences et technologies de l'industrie et du d\u00e9veloppement durable (STI2D)", "annotations": {"facetsort": "-count"}, "label": "Terminales STI2D filles", "type": "int"}, {"name": "terminales_sti2d_garcons", "description": "Effectif des gar\u00e7ons en Terminale sciences et technologies de l'industrie et du d\u00e9veloppement durable (STI2D)", "annotations": {"facetsort": "-count"}, "label": "Terminales STI2D gar\u00e7ons", "type": "int"}, {"name": "terminales_sti2d_lv1_allemand", "description": "Effectif des \u00e9l\u00e8ves en Terminale sciences et technologies de l'industrie et du d\u00e9veloppement durable (STI2D) inscrits en ALLEMAND Langue vivante 1 (LV1)", "annotations": {"facetsort": "-count"}, "label": "Terminales STI2D LV1 allemand", "type": "int"}, {"name": "terminales_sti2d_lv1_anglais", "description": "Effectif des \u00e9l\u00e8ves en Terminale sciences et technologies de l'industrie et du d\u00e9veloppement durable (STI2D) inscrits en ANGLAIS Langue vivante 1 (LV1)", "annotations": {"facetsort": "-count"}, "label": "Terminales STI2D LV1 anglais", "type": "int"}, {"name": "terminales_sti2d_lv1_espagnol", "description": "Effectif des \u00e9l\u00e8ves en Terminale sciences et technologies de l'industrie et du d\u00e9veloppement durable (STI2D) inscrits en ESPAGNOL Langue vivante 1 (LV1)", "annotations": {"facetsort": "-count"}, "label": "Terminales STI2D LV1 espagnol", "type": "int"}, {"name": "terminales_sti2d_lv1_autres_langues", "description": "Effectif des \u00e9l\u00e8ves en Terminale sciences et technologies de l'industrie et du d\u00e9veloppement durable (STI2D) inscrits en langue vivante 1 (LV1) autre que l'allemand, l'anglais ou l'espagnol", "annotations": {"facetsort": "-count"}, "label": "Terminales STI2D LV1 autres langues", "type": "int"}, {"name": "terminales_sti2d_lv2_allemand", "description": "Effectif des \u00e9l\u00e8ves en Terminale sciences et technologies de l'industrie et du d\u00e9veloppement durable (STI2D) inscrits en ALLEMAND Langue vivante 2 (LV2)", "annotations": {"facetsort": "-count"}, "label": "Terminales STI2D LV2 allemand", "type": "int"}, {"name": "terminales_sti2d_lv2_anglais", "description": "Effectif des \u00e9l\u00e8ves en Terminale sciences et technologies de l'industrie et du d\u00e9veloppement durable (STI2D) inscrits en ANGLAIS Langue vivante 2 (LV2)", "annotations": {"facetsort": "-count"}, "label": "Terminales STI2D LV2 anglais", "type": "int"}, {"name": "terminales_sti2d_lv2_espagnol", "description": "Effectif des \u00e9l\u00e8ves en Terminale sciences et technologies de l'industrie et du d\u00e9veloppement durable (STI2D) inscrits en ESPAGNOL Langue vivante 2 (LV2)", "annotations": {"facetsort": "-count"}, "label": "Terminales STI2D LV2 espagnol", "type": "int"}, {"name": "terminales_sti2d_lv2_italien", "description": "Effectif des \u00e9l\u00e8ves en Terminale sciences et technologies de l'industrie et du d\u00e9veloppement durable (STI2D) inscrits en ITALIEN Langue vivante 2 (LV2)", "annotations": {"facetsort": "-count"}, "label": "Terminales STI2D LV2 italien", "type": "int"}, {"name": "terminales_sti2d_lv2_autres_langues", "description": "Effectif des \u00e9l\u00e8ves en Terminale sciences et technologies de l'industrie et du d\u00e9veloppement durable (STI2D) inscrits en langue vivante 2 (LV2) autre que l'allemand, l'anglais, l'espagnol ou l'italien", "annotations": {"facetsort": "-count"}, "label": "Terminales STI2D LV2 autres langues", "type": "int"}, {"name": "terminales_stl", "description": "Effectif des \u00e9l\u00e8ves en Terminale sciences et technologie de laboratoire (STL)", "annotations": {"facetsort": "-count"}, "label": "Terminales STL", "type": "int"}, {"name": "terminales_stl_filles", "description": "Effectif des filles en Terminale sciences et technologie de laboratoire (STL)", "annotations": {"facetsort": "-count"}, "label": "Terminales STL filles", "type": "int"}, {"name": "terminales_stl_garcons", "description": "Effectif des gar\u00e7ons en Terminale sciences et technologie de laboratoire (STL)", "annotations": {"facetsort": "-count"}, "label": "Terminales STL gar\u00e7ons", "type": "int"}, {"name": "terminales_stl_lv1_allemand", "description": "Effectif des \u00e9l\u00e8ves en Terminale sciences et technologie de laboratoire (STL) inscrits en ALLEMAND Langue vivante 1 (LV1)", "annotations": {"facetsort": "-count"}, "label": "Terminales STL LV1 allemand", "type": "int"}, {"name": "terminales_stl_lv1_anglais", "description": "Effectif des \u00e9l\u00e8ves en Terminale sciences et technologie de laboratoire (STL) inscrits en ANGLAIS Langue vivante 1 (LV1)", "annotations": {"facetsort": "-count"}, "label": "Terminales STL LV1 anglais", "type": "int"}, {"name": "terminales_stl_lv1_espagnol", "description": "Effectif des \u00e9l\u00e8ves en Terminale sciences et technologie de laboratoire (STL) inscrits en ESPAGNOL Langue vivante 1 (LV1)", "annotations": {"facetsort": "-count"}, "label": "Terminales STL LV1 espagnol", "type": "int"}, {"name": "terminales_stl_lv1_autres_langues", "description": "Effectif des \u00e9l\u00e8ves en Terminale sciences et technologie de laboratoire (STL) inscrits en langue vivante 1 (LV1) autre que l'allemand, l'anglais ou l'espagnol", "annotations": {"facetsort": "-count"}, "label": "Terminales STL LV1 autres langues", "type": "int"}, {"name": "terminales_stl_lv2_allemand", "description": "Effectif des \u00e9l\u00e8ves en Terminale sciences et technologie de laboratoire (STL) inscrits en ALLEMAND Langue vivante 2 (LV2)", "annotations": {"facetsort": "-count"}, "label": "Terminales STL LV2 allemand", "type": "int"}, {"name": "terminales_stl_lv2_anglais", "description": "Effectif des \u00e9l\u00e8ves en Terminale sciences et technologie de laboratoire (STL) inscrits en ANGLAIS Langue vivante 2 (LV2)", "annotations": {}, "label": "Terminales STL LV2 anglais", "type": "int"}, {"name": "terminales_stl_lv2_espagnol", "description": "Effectif des \u00e9l\u00e8ves en Terminale sciences et technologie de laboratoire (STL) inscrits en ESPAGNOL Langue vivante 2 (LV2)", "annotations": {"facetsort": "-count"}, "label": "Terminales STL LV2 espagnol", "type": "int"}, {"name": "terminales_stl_lv2_italien", "description": "Effectif des \u00e9l\u00e8ves en Terminale sciences et technologie de laboratoire (STL) inscrits en ITALIEN Langue vivante 2 (LV2)", "annotations": {"facetsort": "-count"}, "label": "Terminales STL LV2 italien", "type": "int"}, {"name": "terminales_stl_lv2_autres_langues", "description": "Effectif des \u00e9l\u00e8ves en Terminale sciences et technologie de laboratoire (STL) inscrits en langue vivante 2 (LV2) autre que l'allemand, l'anglais, l'espagnol ou l'italien", "annotations": {"facetsort": "-count"}, "label": "Terminales STL LV2 autres langues", "type": "int"}, {"name": "terminales_stmg", "description": "Effectif des \u00e9l\u00e8ves en Terminale sciences et technologies du management et de la gestion (STMG)", "annotations": {"facetsort": "-count"}, "label": "Terminales STMG", "type": "int"}, {"name": "terminales_stmg_filles", "description": "Effectif des filles en Terminale sciences et technologies du management et de la gestion (STMG)", "annotations": {}, "label": "Terminales STMG filles", "type": "int"}, {"name": "terminales_stmg_garcons", "description": "Effectif des gar\u00e7ons en Terminale sciences et technologies du management et de la gestion (STMG)", "annotations": {"facetsort": "-count"}, "label": "Terminales STMG gar\u00e7ons", "type": "int"}, {"name": "terminales_stmg_lv1_allemand", "description": "Effectif des \u00e9l\u00e8ves en Terminale sciences et technologies du management et de la gestion (STMG) inscrits en ALLEMAND Langue vivante 1 (LV1)", "annotations": {"facetsort": "-count"}, "label": "Terminales STMG LV1 allemand", "type": "int"}, {"name": "terminales_stmg_lv1_anglais", "description": "Effectif des \u00e9l\u00e8ves en Terminale sciences et technologies du management et de la gestion (STMG) inscrits en ANGLAIS Langue vivante 1 (LV1)", "annotations": {"facetsort": "-count"}, "label": "Terminales STMG LV1 anglais", "type": "int"}, {"name": "terminales_stmg_lv1_espagnol", "description": "Effectif des \u00e9l\u00e8ves en Terminale sciences et technologies du management et de la gestion (STMG) inscrits en ESPAGNOL Langue vivante 1 (LV1)", "annotations": {"facetsort": "-count"}, "label": "Terminales STMG LV1 espagnol", "type": "int"}, {"name": "terminales_stmg_lv1_autres_langues", "description": "Effectif des \u00e9l\u00e8ves en Terminale sciences et technologies du management et de la gestion (STMG) inscrits en langue vivante 1 (LV1) autre que l'allemand, l'anglais ou l'espagnol", "annotations": {"facetsort": "-count"}, "label": "Terminales STMG LV1 autres langues", "type": "int"}, {"name": "terminales_stmg_lv2_allemand", "description": "Effectif des \u00e9l\u00e8ves en Terminale sciences et technologies du management et de la gestion (STMG) inscrits en ALLEMAND Langue vivante 2 (LV2)", "annotations": {"facetsort": "-count"}, "label": "Terminales STMG LV2 allemand", "type": "int"}, {"name": "terminales_stmg_lv2_anglais", "description": "Effectif des \u00e9l\u00e8ves en Terminale sciences et technologies du management et de la gestion (STMG) inscrits en ANGLAIS Langue vivante 2 (LV2)", "annotations": {"facetsort": "-count"}, "label": "Terminales STMG LV2 anglais", "type": "int"}, {"name": "terminales_stmg_lv2_espagnol", "description": "Effectif des \u00e9l\u00e8ves en Terminale sciences et technologies du management et de la gestion (STMG) inscrits en ESPAGNOL Langue vivante 2 (LV2)", "annotations": {"facetsort": "-count"}, "label": "Terminales STMG LV2 espagnol", "type": "int"}, {"name": "terminales_stmg_lv2_italien", "description": "Effectif des \u00e9l\u00e8ves en Terminale sciences et technologies du management et de la gestion (STMG) inscrits en ITALIEN Langue vivante 2 (LV2)", "annotations": {"facetsort": "-count"}, "label": "Terminales STMG LV2 italien", "type": "int"}, {"name": "terminales_stmg_lv2_autres_langues", "description": "Effectif des \u00e9l\u00e8ves en Terminale sciences et technologies du management et de la gestion (STMG) inscrits en langue vivante 2 (LV2) autre que l'allemand, l'anglais, l'espagnol ou l'italien", "annotations": {"facetsort": "-count"}, "label": "Terminales STMG LV2 autres langues", "type": "int"}, {"name": "terminales_st2s", "description": "Effectif des \u00e9l\u00e8ves en Terminale sciences et technologies de la sant\u00e9 et du social (ST2S)", "annotations": {"facetsort": "-count"}, "label": "Terminales ST2S", "type": "int"}, {"name": "terminales_st2s_filles", "description": "Effectif des filles en Terminale sciences et technologies de la sant\u00e9 et du social (ST2S)", "annotations": {"facetsort": "-count"}, "label": "Terminales ST2S filles", "type": "int"}, {"name": "terminales_st2s_garcons", "description": "Effectif des gar\u00e7ons en Terminale sciences et technologies de la sant\u00e9 et du social (ST2S)", "annotations": {"facetsort": "-count"}, "label": "Terminales ST2S gar\u00e7ons", "type": "int"}, {"name": "terminales_st2s_lv1_allemand", "description": "Effectif des \u00e9l\u00e8ves en Terminale sciences et technologies de la sant\u00e9 et du social (ST2S) inscrits en ALLEMAND Langue vivante 1 (LV1)", "annotations": {"facetsort": "-count"}, "label": "Terminales ST2S LV1 allemand", "type": "int"}, {"name": "terminales_st2s_lv1_anglais", "description": "Effectif des \u00e9l\u00e8ves en Terminale sciences et technologies de la sant\u00e9 et du social (ST2S) inscrits en ANGLAIS Langue vivante 1 (LV1)", "annotations": {}, "label": "Terminales ST2S LV1 anglais", "type": "int"}, {"name": "terminales_st2s_lv1_espagnol", "description": "Effectif des \u00e9l\u00e8ves en Terminale sciences et technologies de la sant\u00e9 et du social (ST2S) inscrits en ESPAGNOL Langue vivante 1 (LV1)", "annotations": {"facetsort": "-count"}, "label": "Terminales ST2S LV1 espagnol", "type": "int"}, {"name": "terminales_st2s_lv1_autres_langues", "description": "Effectif des \u00e9l\u00e8ves en Terminale sciences et technologies de la sant\u00e9 et du social (ST2S) inscrits en langue vivante 1 (LV1) autre que l'allemand, l'anglais ou l'espagnol", "annotations": {"facetsort": "-count"}, "label": "Terminales ST2S LV1 autres langues", "type": "int"}, {"name": "terminales_st2s_lv2_allemand", "description": "Effectif des \u00e9l\u00e8ves en Terminale sciences et technologies de la sant\u00e9 et du social (ST2S) inscrits en ALLEMAND Langue vivante 2 (LV2)", "annotations": {"facetsort": "-count"}, "label": "Terminales ST2S LV2 allemand", "type": "int"}, {"name": "terminales_st2s_lv2_anglais", "description": "Effectif des \u00e9l\u00e8ves en Terminale sciences et technologies de la sant\u00e9 et du social (ST2S) inscrits en ANGLAIS Langue vivante 2 (LV2)", "annotations": {"facetsort": "-count"}, "label": "Terminales ST2S LV2 anglais", "type": "int"}, {"name": "terminales_st2s_lv2_espagnol", "description": "Effectif des \u00e9l\u00e8ves en Terminale sciences et technologies de la sant\u00e9 et du social (ST2S) inscrits en ESPAGNOL Langue vivante 2 (LV2)", "annotations": {"facetsort": "-count"}, "label": "Terminales ST2S LV2 espagnol", "type": "int"}, {"name": "terminales_st2s_lv2_italien", "description": "Effectif des \u00e9l\u00e8ves en Terminale sciences et technologies de la sant\u00e9 et du social (ST2S) inscrits en ITALIEN Langue vivante 2 (LV2)", "annotations": {"facetsort": "-count"}, "label": "Terminales ST2S LV2 italien", "type": "int"}, {"name": "terminales_st2s_lv2_autres_langues", "description": "Effectif des \u00e9l\u00e8ves en Terminale sciences et technologies de la sant\u00e9 et du social (ST2S) inscrits en langue vivante 2 (LV2) autre que l'allemand, l'anglais, l'espagnol ou l'italien", "annotations": {"facetsort": "-count"}, "label": "Terminales ST2S LV2 autres langues", "type": "int"}, {"name": "terminales_std2a", "description": "Effectif des \u00e9l\u00e8ves en Terminale sciences et technologies du design et des arts appliqu\u00e9s (STD2A)", "annotations": {"facetsort": "-count"}, "label": "Terminales STD2A", "type": "int"}, {"name": "terminales_std2a_filles", "description": "Effectif des filles en Terminale sciences et technologies du design et des arts appliqu\u00e9s (STD2A)", "annotations": {"facetsort": "-count"}, "label": "Terminales STD2A filles", "type": "int"}, {"name": "terminales_std2a_garcons", "description": "Effectif des gar\u00e7ons en Terminale sciences et technologies du design et des arts appliqu\u00e9s (STD2A)", "annotations": {"facetsort": "-count"}, "label": "Terminales STD2A gar\u00e7ons", "type": "int"}, {"name": "terminales_std2a_lv1_allemand", "description": "Effectif des \u00e9l\u00e8ves en Terminale sciences et technologies du design et des arts appliqu\u00e9s (STD2A) inscrits en ALLEMAND Langue vivante 1 (LV1)", "annotations": {"facetsort": "-count"}, "label": "Terminales STD2A LV1 allemand", "type": "int"}, {"name": "terminales_std2a_lv1_anglais", "description": "Effectif des \u00e9l\u00e8ves en Terminale sciences et technologies du design et des arts appliqu\u00e9s (STD2A) inscrits en ANGLAIS Langue vivante 1 (LV1)", "annotations": {"facetsort": "-count"}, "label": "Terminales STD2A LV1 anglais", "type": "int"}, {"name": "terminales_std2a_lv1_espagnol", "description": "Effectif des \u00e9l\u00e8ves en Terminale sciences et technologies du design et des arts appliqu\u00e9s (STD2A) inscrits en ESPAGNOL Langue vivante 1 (LV1)", "annotations": {"facetsort": "-count"}, "label": "Terminales STD2A LV1 espagnol", "type": "int"}, {"name": "terminales_std2a_lv1_autres_langues", "description": "Effectif des \u00e9l\u00e8ves en Terminale sciences et technologies du design et des arts appliqu\u00e9s (STD2A) inscrits en langue vivante 1 (LV1) autre que l'allemand, l'anglais ou l'espagnol", "annotations": {}, "label": "Terminales STD2A LV1 autres langues", "type": "int"}, {"name": "terminales_std2a_lv2_allemand", "description": "Effectif des \u00e9l\u00e8ves en Terminale sciences et technologies du design et des arts appliqu\u00e9s (STD2A) inscrits en ALLEMAND Langue vivante 2 (LV2)", "annotations": {"facetsort": "-count"}, "label": "Terminales STD2A LV2 allemand", "type": "int"}, {"name": "terminales_std2a_lv2_anglais", "description": "Effectif des \u00e9l\u00e8ves en Terminale sciences et technologies du design et des arts appliqu\u00e9s (STD2A) inscrits en ANGLAIS Langue vivante 2 (LV2)", "annotations": {"facetsort": "-count"}, "label": "Terminales STD2A LV2 anglais", "type": "int"}, {"name": "terminales_std2a_lv2_espagnol", "description": "Effectif des \u00e9l\u00e8ves en Terminale sciences et technologies du design et des arts appliqu\u00e9s (STD2A) inscrits en ESPAGNOL Langue vivante 2 (LV2)", "annotations": {"facetsort": "-count"}, "label": "Terminales STD2A LV2 espagnol", "type": "int"}, {"name": "terminales_std2a_lv2_italien", "description": "Effectif des \u00e9l\u00e8ves en Terminale sciences et technologies du design et des arts appliqu\u00e9s (STD2A) inscrits en ITALIEN Langue vivante 2 (LV2)", "annotations": {"facetsort": "-count"}, "label": "Terminales STD2A LV2 italien", "type": "int"}, {"name": "terminales_std2a_lv2_autres_langues", "description": "Effectif des \u00e9l\u00e8ves en Terminale sciences et technologies du design et des arts appliqu\u00e9s (STD2A) inscrits en langue vivante 2 (LV2) autre que l'allemand, l'anglais, l'espagnol ou l'italien", "annotations": {}, "label": "Terminales STD2A LV2 autres langues", "type": "int"}, {"name": "terminales_sthr", "description": "Effectif des \u00e9l\u00e8ves de Terminale inscrits en sciences et technologie de l'h\u00f4tellerie et de la restauration (STHR)", "annotations": {"facetsort": "-count"}, "label": "Terminales STHR", "type": "int"}, {"name": "terminales_tmd", "description": "Effectif des \u00e9l\u00e8ves de Terminale inscrits en techniques de la musique et de la danse (TMD)", "annotations": {"facetsort": "-count"}, "label": "Terminales TMD", "type": "int"}, {"name": "terminales_bt", "description": "Effectif des \u00e9l\u00e8ves de Terminale inscrits en formation de brevet de technicien (BT)", "annotations": {"facetsort": "-count"}, "label": "Terminales BT", "type": "int"}, {"name": "num_ligne", "description": "num_ligne", "annotations": {}, "label": "num_ligne", "type": "int"}], "metas": {"dcat": {"created": "2021-03-11", "issued": "2021-03-11", "creator": null, "contributor": null, "contact_name": null, "contact_email": null, "accrualperiodicity": "Annuelle", "spatial": null, "temporal": "la rentr\u00e9e scolaire", "granularity": null, "dataquality": null, "publisher_type": null, "conforms_to": null, "temporal_coverage_start": "2020-09-30T22:00:00+00:00", "temporal_coverage_end": "2024-09-30T22:00:00+00:00", "accessRights": null, "relation": null}, "default": {"title": "Effectifs d\u2019\u00e9l\u00e8ves en lyc\u00e9e d'enseignement g\u00e9n\u00e9ral et technologique", "description": "<p></p><table border=\"0\" cellpadding=\"0\" cellspacing=\"0\" width=\"781\"><colgroup><col width=\"781\"/></colgroup><tbody><tr height=\"100\">\n<td class=\"xl63\" height=\"100\" style=\"height:75.0pt;width:586pt\" width=\"781\"><table border=\"0\" cellpadding=\"0\" cellspacing=\"0\" width=\"668\"><colgroup><col width=\"668\"/></colgroup><tbody><tr height=\"120\">\n<td class=\"xl65\" height=\"120\" style=\"height:90.0pt;width:501pt\" width=\"668\">Ce jeu\n  de donn\u00e9es contient les effectifs des lyc\u00e9es d'enseignement g\u00e9n\u00e9ral et\n  technologique par niveau, sexe, principales langues vivantes 1 et langues\n  vivantes 2.<br>\n<br>\n    Observation \u00e0 la rentr\u00e9e : d\u00e9but octobre de chaque ann\u00e9e.<br>\n<br>\n    Date de la derni\u00e8re observation 01/10/2024.</td>\n</tr></tbody></table></td>\n</tr></tbody></table>", "theme": ["El\u00e8ves, \u00e9tudiants, et apprentis"], "keyword": ["\u00e9tablissements", "lyc\u00e9e", "\u00e9l\u00e8ves", "langues vivantes"], "license": "Licence Ouverte v2.0 (Etalab)", "license_url": "http://www.etalab.gouv.fr/wp-content/uploads/2017/04/ETALAB-Licence-Ouverte-v2.0.pdf", "language": "fr", "metadata_languages": ["fr"], "timezone": null, "modified": "2026-04-16T11:08:49.229000+00:00", "modified_updates_on_metadata_change": true, "modified_updates_on_data_change": true, "data_processed": "2026-04-16T11:08:49.229000+00:00", "metadata_processed": "2026-04-16T11:08:49.337000+00:00", "geographic_reference": null, "geographic_reference_auto": false, "territory": null, "geometry_types": null, "bbox": null, "publisher": "DEPP \u2013 Minist\u00e8re en charge de l\u2019\u00e9ducation nationale", "references": null, "records_count": 15137, "attributions": null, "source_domain": null, "source_domain_title": null, "source_domain_address": null, "source_dataset": null, "shared_catalog": null, "federated": false, "parent_domain": null, "update_frequency": null}, "metadonnees-complementaires": {"date-observation": "01/10/2024", "periode-donnees": "2020-2024", "champ": "\u00c9tablissements publics et priv\u00e9s sous contrat", "couverture-geographique": ["France + COM (Saint-Martin et Saint-Barth\u00e9lemy rattach\u00e9 \u00e0 la Guadeloupe) + Nouvelle Cal\u00e9donie"], "unite-statistique": "Les \u00e9l\u00e8ves", "secret-statistique": null}}}}