{"links": [{"rel": "self", "href": "https://data.education.gouv.fr/api/v2/catalog/datasets/fr-en-litterature-collegiens"}, {"rel": "datasets", "href": "https://data.education.gouv.fr/api/v2/catalog/datasets"}, {"rel": "records", "href": "https://data.education.gouv.fr/api/v2/catalog/datasets/fr-en-litterature-collegiens/records"}, {"rel": "exports", "href": "https://data.education.gouv.fr/api/v2/catalog/datasets/fr-en-litterature-collegiens/exports"}, {"rel": "facets", "href": "https://data.education.gouv.fr/api/v2/catalog/datasets/fr-en-litterature-collegiens/facets"}], "dataset": {"visibility": "domain", "dataset_id": "fr-en-litterature-collegiens", "dataset_uid": "da_xwgpgc", "has_records": true, "features": ["analyze"], "attachments": [], "alternative_exports": [], "data_visible": true, "fields": [{"name": "auteur_illustrateur", "description": "Auteur(s), illustrateur(s)", "annotations": {"sortable": true, "facet": true, "multivalued": ","}, "label": "Auteur(s), illustrateur(s)", "type": "text"}, {"name": "titre", "description": "Titre", "annotations": {"sortable": true}, "label": "Titre", "type": "text"}, {"name": "editeur", "description": "\u00c9diteur", "annotations": {"facet": true, "sortable": true}, "label": "\u00c9diteur", "type": "text"}, {"name": "niveau_de_classe", "description": "Niveau de classe", "annotations": {"facet": true, "sortable": true}, "label": "Niveau de classe", "type": "text"}, {"name": "enjeu_litteraire", "description": "Enjeu litt\u00e9raire", "annotations": {"facet": true, "sortable": true}, "label": "Enjeu litt\u00e9raire", "type": "text"}, {"name": "detail_de_l_enjeu", "description": "D\u00e9tail de l'enjeu", "annotations": {}, "label": "D\u00e9tail de l'enjeu", "type": "text"}, {"name": "mots_cles", "description": "Mots cl\u00e9s", "annotations": {"facet": true, "multivalued": ",", "sortable": true}, "label": "Mots cl\u00e9s", "type": "text"}, {"name": "genre", "description": "Genre", "annotations": {"facet": true, "sortable": true}, "label": "Genre", "type": "text"}, {"name": "presentation", "description": "Pr\u00e9sentation", "annotations": {}, "label": "Pr\u00e9sentation", "type": "text"}, {"name": "commentaire", "description": "Commentaire", "annotations": {}, "label": "Commentaire", "type": "text"}, {"name": "point_s_particulier_s", "description": "Points particuliers", "annotations": {}, "label": "Point(s) particulier(s)", "type": "text"}, {"name": "niveau_de_lecture", "description": "Niveau de lecture", "annotations": {"facet": true, "sortable": true}, "label": "Niveau de lecture", "type": "text"}, {"name": "nouveaute", "description": "Nouveaut\u00e9", "annotations": {"facet": true, "sortable": true}, "label": "Nouveaut\u00e9", "type": "text"}], "metas": {"dcat": {"created": "2019-04-15", "issued": null, "creator": null, "contributor": null, "contact_name": null, "contact_email": null, "accrualperiodicity": "Ponctuelle", "spatial": "France", "temporal": "2019-2040", "granularity": null, "dataquality": null, "publisher_type": null, "conforms_to": null, "temporal_coverage_start": "2018-12-31T23:00:00+00:00", "temporal_coverage_end": "2040-12-30T23:00:00+00:00", "accessRights": null, "relation": null}, "default": {"title": "Litt\u00e9rature pour les coll\u00e9giens", "description": "<p>S\u00e9lection \u00ab Litt\u00e9rature pour les coll\u00e9giens \u00bb </p> <div>    <p>En lien avec la campagne \"Ensemble pour un pays de lecteurs\", lanc\u00e9e  par le ministre de l'\u00e9ducation nationale, une s\u00e9lection de \"Nouveaut\u00e9s\"  vient compl\u00e9ter la liste de \"Lectures pour les coll\u00e9giens\" afin  d'inciter les coll\u00e9giens \u00e0 vivre au \"pays des lecteurs\".</p><p>Plus de d\u00e9tails sur <a href=\"http://eduscol.education.fr/cid105688/selection-2016-litterature-pour-les-collegiens.html\">eduscol.education.fr</a></p>     </div>", "theme": ["El\u00e8ves, \u00e9tudiants, et apprentis", "Enseignements (dont formation, sp\u00e9cialit\u00e9, langue, sport)"], "keyword": ["coll\u00e8ge ", "\u00e9l\u00e8ves", "litt\u00e9rature", "lecture"], "license": "Licence Ouverte v2.0 (Etalab)", "license_url": "http://www.etalab.gouv.fr/wp-content/uploads/2017/04/ETALAB-Licence-Ouverte-v2.0.pdf", "language": "fr", "metadata_languages": ["fr"], "timezone": null, "modified": "2026-01-29T18:29:36.231000+00:00", "modified_updates_on_metadata_change": true, "modified_updates_on_data_change": true, "data_processed": "2026-01-29T18:29:36.231000+00:00", "metadata_processed": "2026-01-29T18:29:36.422000+00:00", "geographic_reference": ["world_fr"], "geographic_reference_auto": true, "territory": ["France"], "geometry_types": null, "bbox": null, "publisher": "DGESCO - Minist\u00e8re de l'\u00e9ducation nationale", "references": null, "records_count": 205, "attributions": null, "source_domain": null, "source_domain_title": null, "source_domain_address": null, "source_dataset": null, "shared_catalog": null, "federated": false, "parent_domain": null, "update_frequency": null}, "metadonnees-complementaires": {"date-observation": null, "periode-donnees": null, "champ": null, "couverture-geographique": null, "unite-statistique": null, "secret-statistique": null}}}}