{"links": [{"rel": "self", "href": "https://data.education.gouv.fr/api/v2/catalog/datasets/fr-en-ips-lycees-ap2023"}, {"rel": "datasets", "href": "https://data.education.gouv.fr/api/v2/catalog/datasets"}, {"rel": "records", "href": "https://data.education.gouv.fr/api/v2/catalog/datasets/fr-en-ips-lycees-ap2023/records"}, {"rel": "exports", "href": "https://data.education.gouv.fr/api/v2/catalog/datasets/fr-en-ips-lycees-ap2023/exports"}, {"rel": "facets", "href": "https://data.education.gouv.fr/api/v2/catalog/datasets/fr-en-ips-lycees-ap2023/facets"}], "dataset": {"visibility": "domain", "dataset_id": "fr-en-ips-lycees-ap2023", "dataset_uid": "da_zzju6s", "has_records": true, "features": ["analyze"], "attachments": [], "alternative_exports": [], "data_visible": true, "fields": [{"name": "rentree_scolaire", "description": "Ann\u00e9e scolaire sur laquelle portent les indices", "annotations": {"facet": true}, "label": "Rentr\u00e9e scolaire", "type": "text"}, {"name": "code_region", "description": "Code de la r\u00e9gion acad\u00e9mique", "annotations": {}, "label": "Code r\u00e9gion", "type": "text"}, {"name": "code_region_insee", "description": "Code r\u00e9gion Insee", "annotations": {}, "label": "Code r\u00e9gion Insee", "type": "text"}, {"name": "region_academique", "description": "R\u00e9gion acad\u00e9mique \u00e0 laquelle appartient l'\u00e9tablissement", "annotations": {}, "label": "R\u00e9gion acad\u00e9mique", "type": "text"}, {"name": "code_academie", "description": "Code de l'acad\u00e9mie", "annotations": {}, "label": "Code acad\u00e9mie", "type": "text"}, {"name": "academie", "description": "Acad\u00e9mie \u00e0 laquelle appartient l'\u00e9tablissement", "annotations": {}, "label": "Acad\u00e9mie", "type": "text"}, {"name": "code_du_departement", "description": "Code du d\u00e9partement", "annotations": {}, "label": "Code du d\u00e9partement", "type": "text"}, {"name": "departement", "description": "D\u00e9partement auquel appartient l'\u00e9tablissement", "annotations": {}, "label": "D\u00e9partement", "type": "text"}, {"name": "code_insee_de_la_commune", "description": "Code de la commune \u00e0 laquelle appartient l'\u00e9tablissement", "annotations": {}, "label": "Code INSEE de la commune", "type": "text"}, {"name": "nom_de_la_commune", "description": "Commune \u00e0 laquelle appartient l'\u00e9tablissement", "annotations": {}, "label": "Nom de la commune", "type": "text"}, {"name": "uai", "description": "Num\u00e9ro d'identification de l'\u00e9tablissement", "annotations": {}, "label": "UAI", "type": "text"}, {"name": "nom_de_l_etablissement", "description": "Nom de l'\u00e9tablissement", "annotations": {}, "label": "Nom de l'\u00e9tablissement", "type": "text"}, {"name": "secteur", "description": "Secteur de l'\u00e9tablissement scolaire : \u00e9tablissement public ou priv\u00e9 sous contrat", "annotations": {}, "label": "Secteur", "type": "text"}, {"name": "type_de_lycee", "description": "Type de lyc\u00e9e : LEGT (lyc\u00e9e d'enseignement g\u00e9n\u00e9ral et technologique), LP (lyc\u00e9e professionnel), LPO (lyc\u00e9e polyvalent)", "annotations": {}, "label": "Type de lyc\u00e9e", "type": "text"}, {"name": "ips_voie_gt", "description": "Indice moyen de position sociale des \u00e9l\u00e8ves scolaris\u00e9s en voie g\u00e9n\u00e9rale ou technologique dans l'\u00e9tablissement", "annotations": {}, "label": "IPS voie GT", "type": "text"}, {"name": "ips_voie_pro", "description": "Indice moyen de position sociale des \u00e9l\u00e8ves scolaris\u00e9s en voie professionnelle dans l'\u00e9tablissement", "annotations": {}, "label": "IPS voie PRO", "type": "text"}, {"name": "ips_post_bac", "description": "Indice moyen de position sociale des \u00e9l\u00e8ves scolaris\u00e9s en voie post-bac dans l'\u00e9tablissement", "annotations": {}, "label": "IPS post BAC", "type": "text"}, {"name": "ips_etab", "description": "Indice moyen de position sociale de l\u2019ensemble des \u00e9l\u00e8ves scolaris\u00e9s dans l'\u00e9tablissement", "annotations": {}, "label": "IPS de l'\u00e9tablissement", "type": "text"}, {"name": "ecart_type_voie_gt", "description": "\u00c9cart-type de l'indice de position sociale des \u00e9l\u00e8ves scolaris\u00e9s en voie g\u00e9n\u00e9rale ou technologique dans l'\u00e9tablissement", "annotations": {}, "label": "Ecart type voie GT", "type": "text"}, {"name": "ecart_type_voie_pro", "description": "\u00c9cart-type de l'indice de position sociale des \u00e9l\u00e8ves scolaris\u00e9s en voie professionnelle dans l'\u00e9tablissement", "annotations": {}, "label": "Ecart type voie PRO", "type": "text"}, {"name": "ecart_type_etablissement", "description": "\u00c9cart-type de l'indice de position sociale de l'ensemble des \u00e9l\u00e8ves scolaris\u00e9s dans l'\u00e9tablissement", "annotations": {}, "label": "Ecart-type \u00e9tablissement", "type": "text"}, {"name": "ips_national_legt", "description": "Valeur nationale de l'IPS pour les lyc\u00e9es d'enseignement g\u00e9n\u00e9ral et technologique", "annotations": {}, "label": "IPS national LEGT", "type": "double"}, {"name": "ips_national_lpo", "description": "Valeur nationale de l'IPS pour les lyc\u00e9es polyvalents", "annotations": {}, "label": "IPS national LPO", "type": "double"}, {"name": "ips_national_lp", "description": "Valeur nationale de l'IPS pour les lyc\u00e9es professionnels", "annotations": {}, "label": "IPS national LP", "type": "double"}, {"name": "ips_national_legt_prive", "description": "Valeur nationale de l'IPS pour pour les lyc\u00e9es d'enseignement g\u00e9n\u00e9ral et technologique du secteur priv\u00e9 sous contrat", "annotations": {}, "label": "IPS national LEGT priv\u00e9", "type": "double"}, {"name": "ips_national_legt_public", "description": "Valeur nationale de l'IPS pour pour les lyc\u00e9es d'enseignement g\u00e9n\u00e9ral et technologique du secteur public", "annotations": {}, "label": "IPS national LEGT public", "type": "double"}, {"name": "ips_national_lpo_prive", "description": "Valeur nationale de l'IPS pour pour les lyc\u00e9es polyvalents du secteur priv\u00e9 sous contrat", "annotations": {}, "label": "IPS national LPO priv\u00e9", "type": "double"}, {"name": "ips_national_lpo_public", "description": "Valeur nationale de l'IPS pour pour les lyc\u00e9es polyvalents du secteur public", "annotations": {}, "label": "IPS national LPO public", "type": "double"}, {"name": "ips_national_lp_prive", "description": "Valeur nationale de l'IPS pour pour les lyc\u00e9es professionnels du secteur priv\u00e9 sous contrat", "annotations": {}, "label": "IPS national LP priv\u00e9", "type": "double"}, {"name": "ips_national_lp_public", "description": "Valeur nationale de l'IPS pour pour les lyc\u00e9es professionnels du secteur public", "annotations": {}, "label": "IPS national LP public", "type": "double"}, {"name": "ips_academique_legt", "description": "Valeur acad\u00e9mique de l'IPS pour les lyc\u00e9es d'enseignement g\u00e9n\u00e9ral et technologique", "annotations": {}, "label": "IPS acad\u00e9mique LEGT", "type": "double"}, {"name": "ips_academique_lpo", "description": "Valeur acad\u00e9mique de l'IPS pour les lyc\u00e9es polyvalents", "annotations": {}, "label": "IPS acad\u00e9mique LPO", "type": "double"}, {"name": "ips_academique_lp", "description": "Valeur acad\u00e9mique de l'IPS pour les lyc\u00e9es professionnels", "annotations": {}, "label": "IPS acad\u00e9mique LP", "type": "double"}, {"name": "ips_academique_legt_prive", "description": "Valeur acad\u00e9mique de l'IPS pour pour les lyc\u00e9es d'enseignement g\u00e9n\u00e9ral et technologique du secteur priv\u00e9 sous contrat", "annotations": {}, "label": "IPS acad\u00e9mique LEGT priv\u00e9", "type": "double"}, {"name": "ips_academique_legt_public", "description": "Valeur acad\u00e9mique de l'IPS pour pour les lyc\u00e9es d'enseignement g\u00e9n\u00e9ral et technologique du secteur public", "annotations": {}, "label": "IPS acad\u00e9mique LEGT public", "type": "double"}, {"name": "ips_academique_lpo_prive", "description": "Valeur acad\u00e9mique de l'IPS pour pour les lyc\u00e9es polyvalents du secteur priv\u00e9 sous contrat", "annotations": {}, "label": "IPS acad\u00e9mique LPO priv\u00e9", "type": "double"}, {"name": "ips_academique_lpo_public", "description": "Valeur acad\u00e9mique de l'IPS pour pour les lyc\u00e9es polyvalents du secteur public", "annotations": {}, "label": "IPS acad\u00e9mique LPO public", "type": "double"}, {"name": "ips_academique_lp_prive", "description": "Valeur acad\u00e9mique de l'IPS pour pour les lyc\u00e9es professionnels du secteur priv\u00e9 sous contrat", "annotations": {}, "label": "IPS acad\u00e9mique LP priv\u00e9", "type": "double"}, {"name": "ips_academique_lp_public", "description": "Valeur acad\u00e9mique de l'IPS pour pour les lyc\u00e9es professionnels du secteur public", "annotations": {}, "label": "IPS acad\u00e9mique LP public", "type": "double"}, {"name": "ips_departemental_legt", "description": "Valeur d\u00e9partementale de l'IPS pour les lyc\u00e9es d'enseignement g\u00e9n\u00e9ral et technologique", "annotations": {}, "label": "IPS d\u00e9partemental LEGT", "type": "double"}, {"name": "ips_departemental_lpo", "description": "Valeur d\u00e9partementale de l'IPS pour les lyc\u00e9es polyvalents", "annotations": {}, "label": "IPS d\u00e9partemental LPO", "type": "double"}, {"name": "ips_departemental_lp", "description": "Valeur d\u00e9partementale de l'IPS pour les lyc\u00e9es professionnels", "annotations": {}, "label": "IPS d\u00e9partemental LP", "type": "double"}, {"name": "ips_departemental_legt_prive", "description": "Valeur d\u00e9partementale de l'IPS pour pour les lyc\u00e9es d'enseignement g\u00e9n\u00e9ral et technologique du secteur priv\u00e9 sous contrat", "annotations": {}, "label": "IPS d\u00e9partemental LEGT priv\u00e9", "type": "double"}, {"name": "ips_departemental_legt_public", "description": "Valeur d\u00e9partementale de l'IPS pour pour les lyc\u00e9es d'enseignement g\u00e9n\u00e9ral et technologique du secteur public", "annotations": {}, "label": "IPS d\u00e9partemental LEGT public", "type": "double"}, {"name": "ips_departemental_lpo_prive", "description": "Valeur d\u00e9partementale de l'IPS pour pour les lyc\u00e9es polyvalents du secteur priv\u00e9 sous contrat", "annotations": {}, "label": "IPS d\u00e9partemental LPO priv\u00e9", "type": "double"}, {"name": "ips_departemental_lpo_public", "description": "Valeur d\u00e9partementale de l'IPS pour pour les lyc\u00e9es polyvalents du secteur public", "annotations": {}, "label": "IPS d\u00e9partemental LPO public", "type": "double"}, {"name": "ips_departemental_lp_prive", "description": "Valeur d\u00e9partementale de l'IPS pour pour les lyc\u00e9es professionnels du secteur priv\u00e9 sous contrat", "annotations": {}, "label": "IPS d\u00e9partemental LP priv\u00e9", "type": "double"}, {"name": "ips_departemental_lp_public", "description": "Valeur d\u00e9partementale de l'IPS pour pour les lyc\u00e9es professionnels du secteur public", "annotations": {}, "label": "IPS d\u00e9partemental LP public", "type": "double"}], "metas": {"dcat": {"created": "2024-04-19", "issued": "2024-04-19", "creator": "Bureau des \u00e9tudes sur les \u00e9tablissements et l'\u00e9ducation prioritaire", "contributor": null, "contact_name": null, "contact_email": "depp-open-data@education.gouv.fr", "accrualperiodicity": "annual", "spatial": "France et collectivit\u00e9s d'outre-mer (COM)", "temporal": "L'ann\u00e9e scolaire", "granularity": null, "dataquality": null, "publisher_type": null, "conforms_to": null, "temporal_coverage_start": "2023-09-30T22:00:00+00:00", "temporal_coverage_end": "2025-09-30T22:00:00+00:00", "accessRights": "Le producteur et le diffuseur des donn\u00e9es ne sont pas responsables des interpr\u00e9tations ou d\u00e9ductions faites \u00e0 partir de l'utilisation des donn\u00e9es.  Pour citer la publication : \"Source Depp, plateforme de donn\u00e9es ouvertes data.education.gouv.fr\".  En cas de retraitement des donn\u00e9es, ajouter \u00e0 la mention pr\u00e9c\u00e9dente :  \"traitement nom de votre organisation\"", "relation": null}, "default": {"title": "Indices de position sociale des lyc\u00e9es (\u00e0 partir de 2023)", "description": "<p>L\u2019indice de position sociale (IPS) permet d'appr\u00e9hender le statut social des \u00e9l\u00e8ves \u00e0 partir des professions et cat\u00e9gories sociales (PCS) de leurs parents. \u00c0 chaque PCS ou couple de PCS est associ\u00e9e une valeur num\u00e9rique de l\u2019IPS. Cette valeur num\u00e9rique correspond \u00e0 un r\u00e9sum\u00e9 quantitatif d\u2019un ensemble d\u2019attributs socio-\u00e9conomiques et culturels li\u00e9s \u00e0 la r\u00e9ussite scolaire. Plus l'indice de position sociale (IPS) est \u00e9lev\u00e9, plus les \u00e9l\u00e8ves sont en moyenne d'origine sociale favoris\u00e9e. Plus il est faible, plus les \u00e9l\u00e8ves sont d'origine d\u00e9favoris\u00e9e socialement.<br><br>Concr\u00e8tement, les valeurs de r\u00e9f\u00e9rence de l'indice pour chaque PCS, ou couple de PCS sont d\u00e9termin\u00e9es gr\u00e2ce \u00e0 une m\u00e9thode statistique qui permet de synth\u00e9tiser un ensemble de caract\u00e9ristiques d\u00e9crivant les conditions de vie des \u00e9l\u00e8ves (voir article de Rocher, 2016). L'indice d'une PCS donn\u00e9e est ainsi le r\u00e9sum\u00e9 quantitatif d'un certain nombre d'attributs socio-\u00e9conomiques et culturels li\u00e9s \u00e0 la r\u00e9ussite scolaire, que l'on retrouve en moyenne pour cette PCS.<br><br>La premi\u00e8re version de l\u2019indice, utilis\u00e9e jusqu\u2019\u00e0 la rentr\u00e9e 2021, a \u00e9t\u00e9 calcul\u00e9e sur les donn\u00e9es du panel de la DEPP d\u2019\u00e9l\u00e8ves entr\u00e9s en sixi\u00e8me en 2007. Pour ces 35 000 \u00e9l\u00e8ves du panel, on dispose d\u2019une information riche sur leurs conditions de vie permettant d\u2019\u00e9tablir la table de passage PCS- IPS.<br><br>\u00c0 la rentr\u00e9e 2022, cette table de passage a \u00e9t\u00e9 mise \u00e0 jour en mobilisant les donn\u00e9es du panel de la DEPP d\u2019\u00e9l\u00e8ves entr\u00e9s en 2011 en CP.<br><br>D\u00e8s lors que les PCS des parents sont renseign\u00e9s, ce qui est le cas pour la tr\u00e8s grande majorit\u00e9 des \u00e9l\u00e8ves du second degr\u00e9, il suffit d'appliquer ces valeurs de r\u00e9f\u00e9rence et de consid\u00e9rer cette nouvelle variable comme un indice, c'est-\u00e0-dire de mani\u00e8re quantitative.<br>Le niveau social d'un \u00e9tablissement scolaire est appr\u00e9ci\u00e9 \u00e0 travers le calcul de la moyenne des IPS des \u00e9l\u00e8ves qui y sont scolaris\u00e9s.<br><br>Il convient de rappeler que, comme tout indice synth\u00e9tique, il s\u2019agit d\u2019un r\u00e9sum\u00e9 simplifi\u00e9 de la r\u00e9alit\u00e9, qui ne peut rendre compte \u00e0 lui seul de la complexit\u00e9 de la situation socio-\u00e9conomique et culturelle des \u00e9l\u00e8ves accueillis dans un \u00e9tablissement.<br><br>L\u2019IPS \u00e9tant bas\u00e9 sur les PCS d\u00e9clar\u00e9es par les familles et enregistr\u00e9es par les \u00e9tablissements, il est soumis \u00e0 une certaine marge d\u2019erreur : ainsi, il est conseill\u00e9 de ne pas sur-interpr\u00e9ter des diff\u00e9rences de 3 points ou moins concernant les IPS moyens des \u00e9tablissements.<br><br>Enfin, il convient de noter que la m\u00e9thodologie de calcul de l\u2019indice a chang\u00e9, entra\u00eenant une rupture de s\u00e9rie \u00e0 partir de la rentr\u00e9e 2022 : les valeurs de r\u00e9f\u00e9rence de l\u2019indice ont chang\u00e9 et les \u00e9l\u00e8ves dont les PCS des deux parents sont non renseign\u00e9es ne rentrent plus dans le calcul de l\u2019IPS moyen de leur \u00e9tablissement (table de passage disponible en pi\u00e8ce jointe ci-dessous).<br><br>Dans le secteur priv\u00e9 sous contrat, des \u00e9volutions dans la remont\u00e9e des PCS sont intervenues \u00e0 la rentr\u00e9e 2023 : la deuxi\u00e8me PCS qui n\u2019\u00e9tait que tr\u00e8s partiellement remont\u00e9e jusqu\u2019\u00e0 pr\u00e9sent a connu une \u00e9volution tr\u00e8s importante de son taux de disponibilit\u00e9 dans les bases (passant d\u2019environ 15% \u00e0 75%). On observe en parall\u00e8le que les IPS des \u00e9tablissements priv\u00e9s ont augment\u00e9 \u00e0 la rentr\u00e9e 2023 (+3 points en moyenne), ce qui est en lien direct avec cette \u00e9volution sur la deuxi\u00e8me PCS. Ainsi, les \u00e9volutions de l\u2019IPS parmi les coll\u00e8ges priv\u00e9s entre 2022 et 2023 doivent \u00eatre interpr\u00e9t\u00e9s avec pr\u00e9caution.<br><br>L\u2019indice d\u2019h\u00e9t\u00e9rog\u00e9n\u00e9it\u00e9 sociale d\u2019un \u00e9tablissement correspond \u00e0 l\u2019\u00e9cart-type de l\u2019indice de position sociale (IPS) de ses \u00e9l\u00e8ves. Plus il est \u00e9lev\u00e9, plus le profil social des \u00e9l\u00e8ves est diversifi\u00e9. Cet indice est calcul\u00e9 depuis la rentr\u00e9e 2019, uniquement pour les \u00e9tablissements du second degr\u00e9. De m\u00eame que pour le calcul de l\u2019IPS moyen, \u00e0 partir de la rentr\u00e9e 2022, les \u00e9l\u00e8ves dont les PCS des deux parents ne sont pas renseign\u00e9es sont exclus du champ du calcul de l\u2019\u00e9cart-type.<br><br>Dans le fichier mis \u00e0 disposition, chaque ligne correspond \u00e0 un lyc\u00e9e pour une ann\u00e9e scolaire donn\u00e9e. L\u2019IPS n\u2019est pas renseign\u00e9 s\u2019il est calcul\u00e9 sur moins de 5 \u00e9l\u00e8ves.<br><br>Des r\u00e9f\u00e9rences sont calcul\u00e9es aux niveaux national, acad\u00e9mique et d\u00e9partemental et sont d\u00e9clin\u00e9es par secteur d'enseignement. Il n'est pas possible de calculer un IPS moyen \u00e0 d'autres \u00e9chelles que celles fournies dans le jeu de donn\u00e9es. </p><p>Les \u00e9l\u00e8ves de 3e pr\u00e9pa-m\u00e9tiers ne sont comptabilis\u00e9s ni dans la voie professionnelle, ni dans la voie g\u00e9n\u00e9rale et technologique. En revanche, ils sont pris en compte dans l\u2019IPS de l\u2019\u00e9tablissement, puisqu\u2019ils y sont scolaris\u00e9s. Ainsi, dans un \u00e9tablissement n\u2019accueillant qu\u2019une seule voie de formation, l\u2019IPS de la voie et celui de l\u2019\u00e9tablissement peuvent diff\u00e9rer.</p><p>\n</p><p class=\"MsoNormal\">A partir de 2025-2026, les lyc\u00e9es des COM (Polyn\u00e9sie\nfran\u00e7aise, Saint-Barth\u00e9lemy, Saint-Martin, Saint-Pierre-et-Miquelon et\nWallis-et-Futuna) et de Nouvelle-Cal\u00e9donie sont inclus dans le jeu de donn\u00e9es.</p>\n<p><br><br><b>Pour en savoir plus :</b></p><p>Rocher, T. (2016). Construction d\u2019un indice de position sociale des \u00e9l\u00e8ves. \u00c9ducation &amp; formations, DEPP, 90, pp.5-27.<br><a href=\"https://doi.org/10.48464/hal-01350095\" target=\"_blank\">https://doi.org/10.48464/hal-01350095</a></p><p><a href=\"https://www.education.gouv.fr/depp/l-indice-de-position-sociale-ips-un-outil-statistique-pour-decrire-les-inegalites-sociales-entre-452277\" target=\"_blank\">Dauphant\n F., Evain F., Guillerm M., Simon C., Rocher T. (2023), L\u2019indice de \nposition sociale (IPS) : un outil statistique pour d\u00e9crire les \nin\u00e9galit\u00e9s sociales entre \u00e9tablissements. <i>Note d'Information</i>, n\u00b023.16, DEPP.</a><br><a href=\"https://doi.org/10.48464/ni-23-16\" target=\"_blank\">https://doi.org/10.48464/ni-23-16</a></p><p></p><p><a href=\"https://www.education.gouv.fr/depp/quel-est-le-profil-social-des-lycees-452742\" target=\"_blank\">Louise Piquemal, 2025, \"Quel est le profil social des lyc\u00e9es ?\", </a><i><a href=\"https://www.education.gouv.fr/depp/quel-est-le-profil-social-des-lycees-452742\" target=\"_blank\">Note d'Information</a></i><a href=\"https://www.education.gouv.fr/depp/quel-est-le-profil-social-des-lycees-452742\" target=\"_blank\">, n\u00b0 25-21, DEPP.</a><br><a class=\"fr-link\" href=\"https://doi.org/10.48464/ni-25-21\" rel=\"noopener external\" target=\"_blank\">https://doi.org/10.48464/ni-25-21</a></p><p>En savoir plus sur l\u2019indice de position sociale :\u00a0</p><p><a href=\"https://www.education.gouv.fr/l-indice-de-position-sociale-ips-357755\" target=\"_blank\">L'indice de position sociale (IPS)</a></p><p></p>", "theme": ["Etablissements (dont IPS)"], "keyword": ["\u00e9l\u00e8ve", "indice de position sociale", "IPS", "origine sociale", "lyc\u00e9e", "\u00e9tablissement priv\u00e9 sous contrat", "\u00e9tablissement public"], "license": "Licence Ouverte v2.0 (Etalab)", "license_url": "http://www.etalab.gouv.fr/wp-content/uploads/2017/04/ETALAB-Licence-Ouverte-v2.0.pdf", "language": "fr", "metadata_languages": ["fr"], "timezone": null, "modified": "2026-04-14T07:48:05.853000+00:00", "modified_updates_on_metadata_change": true, "modified_updates_on_data_change": true, "data_processed": "2026-04-14T07:48:05.853000+00:00", "metadata_processed": "2026-04-14T07:48:05.958000+00:00", "geographic_reference": null, "geographic_reference_auto": false, "territory": null, "geometry_types": null, "bbox": null, "publisher": "DEPP \u2013 Minist\u00e8re en charge de l\u2019\u00e9ducation nationale", "references": null, "records_count": 10905, "attributions": null, "source_domain": null, "source_domain_title": null, "source_domain_address": null, "source_dataset": null, "shared_catalog": null, "federated": false, "parent_domain": null, "update_frequency": ["ANNUAL"]}, "metadonnees-complementaires": {"date-observation": "01/10/2025", "periode-donnees": "2023-2025", "champ": "Les lyc\u00e9es des secteurs publics et priv\u00e9s sous contrat", "couverture-geographique": null, "unite-statistique": "Les \u00e9tablissements", "secret-statistique": "Pour des raisons de respect de la confidentialit\u00e9, l'IPS des \u00e9tablissements de moins de 5 \u00e9l\u00e8ves est affich\u00e9 NS ann\u00e9es est affich\u00e9 NS"}}}}