{"links": [{"rel": "self", "href": "https://data.education.gouv.fr/api/v2/catalog/datasets/fr-en-inserjeunes-cfa-niveau_formation"}, {"rel": "datasets", "href": "https://data.education.gouv.fr/api/v2/catalog/datasets"}, {"rel": "records", "href": "https://data.education.gouv.fr/api/v2/catalog/datasets/fr-en-inserjeunes-cfa-niveau_formation/records"}, {"rel": "exports", "href": "https://data.education.gouv.fr/api/v2/catalog/datasets/fr-en-inserjeunes-cfa-niveau_formation/exports"}, {"rel": "facets", "href": "https://data.education.gouv.fr/api/v2/catalog/datasets/fr-en-inserjeunes-cfa-niveau_formation/facets"}], "dataset": {"visibility": "domain", "dataset_id": "fr-en-inserjeunes-cfa-niveau_formation", "dataset_uid": "da_qf3bwz", "has_records": true, "features": ["analyze"], "attachments": [], "alternative_exports": [], "data_visible": true, "fields": [{"name": "annee", "description": "Ann\u00e9es scolaires sur lesquelles les statistiques ont \u00e9t\u00e9 calcul\u00e9es. Par exemple \"cumul 2019-2020\" signifie que les r\u00e9sultats ont \u00e9t\u00e9 obtenus \u00e0 partir de l'observation des sortants de formation au cours des ann\u00e9es scolaires 2018-2019 et 2019-2020", "annotations": {"facet": true, "sortable": true, "disjunctive": true}, "label": "Ann\u00e9e", "type": "text"}, {"name": "uai", "description": "Identifiant de l'\u00e9tablissement (UAI)", "annotations": {"facet": true, "sortable": true, "disjunctive": true}, "label": "UAI", "type": "text"}, {"name": "libelle", "description": "Nom de l'\u00e9tablissement", "annotations": {"facet": true, "sortable": true, "disjunctive": true}, "label": "Libell\u00e9", "type": "text"}, {"name": "region", "description": "Nom de la r\u00e9gion o\u00f9 se situe l'\u00e9tablissement", "annotations": {"facet": true, "sortable": true, "disjunctive": true}, "label": "R\u00e9gion", "type": "text"}, {"name": "niveau_formation", "description": "Niveau de dipl\u00f4me de la certification pr\u00e9par\u00e9e en apprentissage", "annotations": {"facet": true, "sortable": true, "disjunctive": true}, "label": "Niveau formation", "type": "text"}, {"name": "taux_poursuite_etudes", "description": "Parmi les apprentis inscrits en derni\u00e8re ann\u00e9e d'un cycle d'\u00e9tudes professionnel, part de ceux qui sont toujours en formation en France \u00e0 la rentr\u00e9e suivante (y compris en cas de redoublement). (cumul sur deux ann\u00e9es scolaires)", "annotations": {}, "label": "Taux poursuite \u00e9tudes", "type": "double"}, {"name": "taux_emploi_6_mois", "description": "Parmi les apprentis inscrits en derni\u00e8re ann\u00e9e d'un cycle d'\u00e9tudes professionnel et qui ne sont plus en formation en France \u00e0 la rentr\u00e9e suivante, part de ceux qui sont en emploi salari\u00e9 6 mois apr\u00e8s leur sortie d'\u00e9tudes. (cumul sur deux cohortes d'apprentis sortants de formation)", "annotations": {}, "label": "Taux emploi 6 mois", "type": "double"}, {"name": "taux_interruption_formation", "description": "Probabilit\u00e9 qu\u2019un apprenti qui entre dans une formation donn\u00e9e interrompe sa formation  avant d\u2019\u00eatre dipl\u00f4m\u00e9. Un apprenti est consid\u00e9r\u00e9 comme interrompant sa formation si :\n- il est en derni\u00e8re ann\u00e9e de formation, il n\u2019obtient pas son examen et ne redouble pas.                                                               - il est en cours de formation, il ne passe pas dans l\u2019ann\u00e9e suivante dans le m\u00eame groupe de sp\u00e9cialit\u00e9 de formation du m\u00eame dipl\u00f4me, ne redouble pas et n\u2019a pas obtenu son examen de fa\u00e7on anticip\u00e9e.", "annotations": {}, "label": "Taux interruption formation", "type": "double"}, {"name": "taux_contrats_interrompus", "description": "Part des contrats d\u2019apprentissage interrompus avant leur terme : risque qu\u2019un contrat soit rompu jusqu'\u00e0 deux mois avant son terme pr\u00e9vu initialement. Il tient compte de la dur\u00e9e initiale pr\u00e9vue de chaque contrat et des ruptures observ\u00e9es.", "annotations": {}, "label": "Part contrats apprentissage interrompus", "type": "double"}, {"name": "taux_emploi_12_mois", "description": "Parmi les apprentis inscrits en derni\u00e8re ann\u00e9e d'un cycle d'\u00e9tudes professionnel et qui ne sont plus en formation en France \u00e0 la rentr\u00e9e suivante, part de ceux qui sont en emploi salari\u00e9 12 mois apr\u00e8s leur sortie d'\u00e9tudes. (cumul sur deux cohortes d'apprentis sortants de formation)", "annotations": {}, "label": "Taux emploi 12 mois", "type": "double"}, {"name": "taux_emploi_18_mois", "description": "Parmi les apprentis inscrits en derni\u00e8re ann\u00e9e d'un cycle d'\u00e9tudes professionnel et qui ne sont plus en formation en France \u00e0 la rentr\u00e9e suivante, part de ceux qui sont en emploi salari\u00e9 18 mois apr\u00e8s leur sortie d'\u00e9tudes. (cumul sur deux cohortes d'apprentis sortants de formation)", "annotations": {"facetsort": "-count"}, "label": "Taux emploi 18 mois", "type": "double"}, {"name": "taux_emploi_24_mois", "description": "Parmi les apprentis inscrits en derni\u00e8re ann\u00e9e d'un cycle d'\u00e9tudes professionnel et qui ne sont plus en formation en France \u00e0 la rentr\u00e9e suivante, part de ceux qui sont en emploi salari\u00e9 24 mois apr\u00e8s leur sortie d'\u00e9tudes. (cumul sur deux cohortes d'apprentis sortants de formation)", "annotations": {"facetsort": "-count"}, "label": "Taux emploi 24 mois", "type": "double"}], "metas": {"dcat": {"created": "2021-04-14", "issued": "2021-04-14", "creator": "Bureau des \u00e9tudes statistiques sur la formation des adultes, l'apprentissage et l'insertion des jeunes", "contributor": "DARES \u2013 Minist\u00e8re en charge du travail", "contact_name": null, "contact_email": "inserjeunes@education.gouv.fr", "accrualperiodicity": "threeTimesAYear", "spatial": "France hors Mayotte", "temporal": "Chaque ann\u00e9e : emploi salari\u00e9 mesur\u00e9 \u00e0 6 mois, 12 mois, 18 mois et 24 mois apr\u00e8s la sortie d'\u00e9tudes", "granularity": null, "dataquality": null, "publisher_type": null, "conforms_to": null, "temporal_coverage_start": "2018-12-31T23:00:00+00:00", "temporal_coverage_end": "2024-12-30T23:00:00+00:00", "accessRights": null, "relation": null}, "default": {"title": "Inserjeunes Apprentissage par centre de formation d'apprentis (CFA) et niveau de formation CAP \u00e0 BTS", "description": "<p>Ces donn\u00e9es sont issues du syst\u00e8me d'information DEPP/DARES \nInserJeunes et rendent compte du devenir des apprentis inscrits en ann\u00e9e\n terminale d'une formation professionnelle de niveau 3 \u00e0 5, y compris \nagricole, dispens\u00e9e dans les centres de formation d'apprentis (CFA)<br>Les indicateurs issus d'InserJeunes au niveau \u00e9tablissement sont calcul\u00e9s pour deux mill\u00e9simes cumul\u00e9s :<br><br>- les jeunes inscrits en N et N-1 pour le taux de poursuite d'\u00e9tudes et le devenir des jeunes apr\u00e8s la formation<br>- les sortants d'\u00e9tudes en N et N-1 pour les taux d'emploi \u00e0 6, 12, 18 et 24 mois apr\u00e8s la sortie d'\u00e9tudes<br><br>Depuis\n le cumul 2022-2023, l'insertion professionnelle n'est plus restreinte \u00e0\n l'emploi salari\u00e9 priv\u00e9 et inclut l'emploi salari\u00e9 public. Inserjeunes \ncouvre ainsi l\u2019ensemble de l\u2019emploi salari\u00e9 en France, \u00e0 l\u2019exception des\n emplois salari\u00e9s relevant de particuliers employeurs. L\u2019emploi non \nsalari\u00e9 ou \u00e0 l\u2019\u00e9tranger n'est pas couvert.\u00a0<br><br>Pour les sortants \n2022-2023, seule la situation \u00e0 6 et 12 mois est disponible \u00e0 ce jour. \nLa situation \u00e0 18 et 24 mois sera compl\u00e9t\u00e9e ult\u00e9rieurement.<br>Pour les \nsortants 2023-2024, seule la situation \u00e0 6 et \u00e0 12 mois est disponible \u00e0\n ce jour. La situation \u00e0 18 et 24 mois sera compl\u00e9t\u00e9e ult\u00e9rieurement.<br><br>Pour en savoir plus :<font class=\"font6\"><br></font></p><p><a href=\"https://www.education.gouv.fr/insertion-professionnelle-des-apprentis-de-niveau-cap-bts-six-mois-apres-leur-sortie-d-etudes-en-451984\" target=\"_blank\">Loiseau\n C., Jounin \u00c9., 2025, \"Insertion professionnelle des apprentis de niveau\n CAP \u00e0 BTS six mois apr\u00e8s leur sortie d\u2019\u00e9tudes en 2024 - 62 % sont en \nemploi salari\u00e9 en janvier 2025\", <i>Note d'Information</i> n\u00b0 25-69, DEPP-DARES.<br></a><a href=\"https://doi.org/10.48464/ni-25-69\" target=\"_blank\">https://doi.org/10.48464/ni-25-69</a></p><p><a href=\"https://www.education.gouv.fr/insertion-professionnelle-des-apprentis-de-niveau-cap-bts-deux-ans-apres-leur-sortie-d-etudes-en-450664\" target=\"_blank\">Antoine\n R., Grandperrin N., 2025, \"Insertion professionnelle des apprentis de \nniveau CAP \u00e0 BTS deux ans apr\u00e8s leur sortie d\u2019\u00e9tudes en 2022 - 74 % sont\n en emploi salari\u00e9 en juillet 2024\", </a><i><a href=\"https://www.education.gouv.fr/insertion-professionnelle-des-apprentis-de-niveau-cap-bts-deux-ans-apres-leur-sortie-d-etudes-en-450664\" target=\"_blank\">Note d'Information</a></i><a href=\"https://www.education.gouv.fr/insertion-professionnelle-des-apprentis-de-niveau-cap-bts-deux-ans-apres-leur-sortie-d-etudes-en-450664\" target=\"_blank\">, n\u00b0 25-39, DEPP.</a><br><a href=\"https://doi.org/10.48464/ni-25-39\" target=\"_blank\">https://doi.org/10.48464/ni-25-39</a><a href=\"https://doi.org/10.48464/ni-25-39\" target=\"_blank\"></a></p><p>Filles et gar\u00e7ons sur le chemin de l'\u00e9galit\u00e9, de l'\u00e9cole \u00e0 l'enseignement sup\u00e9rieur, \u00e9dition 2026</p>", "theme": ["El\u00e8ves, \u00e9tudiants, et apprentis"], "keyword": ["formation professionnelle", "apprentissage", "CFA", "insertion professionnelle", "inserjeunes", "poursuite \u00e9tudes", "\u00e9tablissement", "apprenti", "centre formation apprentis"], "license": "Licence Ouverte v2.0 (Etalab)", "license_url": "http://www.etalab.gouv.fr/wp-content/uploads/2017/04/ETALAB-Licence-Ouverte-v2.0.pdf", "language": "fr", "metadata_languages": ["fr"], "timezone": null, "modified": "2026-04-29T14:46:43.399000+00:00", "modified_updates_on_metadata_change": true, "modified_updates_on_data_change": true, "data_processed": "2026-04-29T14:46:43.399000+00:00", "metadata_processed": "2026-04-29T14:46:43.506000+00:00", "geographic_reference": null, "geographic_reference_auto": false, "territory": null, "geometry_types": null, "bbox": null, "publisher": "DEPP \u2013 Minist\u00e8re en charge de l\u2019\u00e9ducation nationale", "references": null, "records_count": 32953, "attributions": null, "source_domain": null, "source_domain_title": null, "source_domain_address": null, "source_dataset": null, "shared_catalog": null, "federated": false, "parent_domain": null, "update_frequency": ["ANNUAL_3"]}, "metadonnees-complementaires": {"date-observation": "Chaque ann\u00e9e : emploi salari\u00e9 mesur\u00e9 \u00e0 6 mois, 12 mois, 18 mois et 24 mois apr\u00e8s la sortie d'\u00e9tudes", "periode-donnees": "2019-2024", "champ": "Centres de formation professionnelle en CFA du niveau CAP \u00e0 BTS", "couverture-geographique": ["France hors Mayotte"], "unite-statistique": "Apprentis inscrits en derni\u00e8re ann\u00e9e d'une formation de niveau CAP \u00e0 BTS (pour le taux de poursuite d'\u00e9tudes) Sortants d\u2019apprentissage de niveau CAP \u00e0 BTS (pour le taux d'emploi salari\u00e9)", "secret-statistique": "Pour des raisons de respect de la confidentialit\u00e9, les statistiques ne sont diffus\u00e9es que si les effectifs sont sup\u00e9rieurs ou \u00e9gaux \u00e0 20."}}}}