{"links": [{"rel": "self", "href": "https://data.education.gouv.fr/api/v2/catalog/datasets/fr-en-indice_eloignement_college_2019-2021"}, {"rel": "datasets", "href": "https://data.education.gouv.fr/api/v2/catalog/datasets"}, {"rel": "records", "href": "https://data.education.gouv.fr/api/v2/catalog/datasets/fr-en-indice_eloignement_college_2019-2021/records"}, {"rel": "exports", "href": "https://data.education.gouv.fr/api/v2/catalog/datasets/fr-en-indice_eloignement_college_2019-2021/exports"}, {"rel": "facets", "href": "https://data.education.gouv.fr/api/v2/catalog/datasets/fr-en-indice_eloignement_college_2019-2021/facets"}], "dataset": {"visibility": "domain", "dataset_id": "fr-en-indice_eloignement_college_2019-2021", "dataset_uid": "da_mhtnso", "has_records": true, "features": ["analyze"], "attachments": [], "alternative_exports": [], "data_visible": true, "fields": [{"name": "rentree_scolaire", "description": "Ann\u00e9e sous la forme YYYY, par exemple : 2019 pour une observation de la rentr\u00e9e scolaire 2019", "annotations": {"facet": true, "sortable": true, "disjunctive": true, "facetsort": "-alphanum"}, "label": "rentree_scolaire", "type": "text"}, {"name": "uai", "description": "Identifiant de l'\u00e9tablissement scolaire (UAI)", "annotations": {}, "label": "UAI", "type": "text"}, {"name": "departement", "description": "Nom du d\u00e9partement d'implantation de l'\u00e9tablissement scolaire", "annotations": {"facet": true, "facetsort": "alphanum", "disjunctive": true, "sortable": true}, "label": "departement", "type": "text"}, {"name": "academie", "description": "Nom de l'acad\u00e9mie \u00e0 laquelle appartient l'\u00e9tablissement scolaire", "annotations": {"facet": true, "facetsort": "alphanum", "disjunctive": true, "sortable": true}, "label": "academie", "type": "text"}, {"name": "region", "description": "Nom de la r\u00e9gion acad\u00e9mique d'implantation de l'\u00e9tablissement scolaire", "annotations": {"facet": true, "facetsort": "alphanum", "disjunctive": true, "sortable": true}, "label": "region", "type": "text"}, {"name": "patronyme", "description": "Nom de l'\u00e9tablissement scolaire", "annotations": {"facetsort": "alphanum", "sortable": true, "disjunctive": true}, "label": "patronyme", "type": "text"}, {"name": "indice_eloignement", "description": "Indice d'\u00e9loignement de l'\u00e9tablissement", "annotations": {}, "label": "indice_eloignement", "type": "double"}], "metas": {"dcat": {"created": "2024-04-04", "issued": "2024-04-04", "creator": null, "contributor": null, "contact_name": null, "contact_email": null, "accrualperiodicity": null, "spatial": null, "temporal": null, "granularity": null, "dataquality": null, "publisher_type": null, "conforms_to": null, "temporal_coverage_start": null, "temporal_coverage_end": null, "accessRights": null, "relation": null}, "default": {"title": "Indice d'\u00e9loignement des coll\u00e8ges 2019-2021", "description": "<p>Depuis 2018, la DEPP calcule chaque ann\u00e9e un indice d\u2019\u00e9loignement pour chaque coll\u00e8ge. Cet indice continu est la synth\u00e8se d\u2019un ensemble de variables compl\u00e9mentaires li\u00e9es \u00e0 l\u2019\u00e9loignement. Il est obtenu au moyen d\u2019une analyse en composantes principales (ACP).<br>Les variables utilis\u00e9es pour le calcul de l\u2019indice captent diff\u00e9rentes dimensions de l\u2019\u00e9loignement g\u00e9ographique des coll\u00e8ges et correspondent, pour la plupart, \u00e0 la distance entre le coll\u00e8ge et un point d\u2019int\u00e9r\u00eat (lieu d\u2019habitation des \u00e9l\u00e8ves, certaines formations, \u00e9quipements, \u2026).<br>Jusqu\u2019en 2021, ces distances \u00e9taient calcul\u00e9es \u00e0 vol d\u2019oiseau et l\u2019indice d\u2019\u00e9loignement des coll\u00e8ges vaut 0 en moyenne. Il est n\u00e9gatif pour les coll\u00e8ges les moins \u00e9loign\u00e9s et positif pour les coll\u00e8ges les plus \u00e9loign\u00e9s.<br></p>", "theme": ["Etablissements (dont IPS)"], "keyword": ["Indice d'\u00e9loignement coll\u00e8ge", "\u00e9loignement", "coll\u00e8ge", "territoire"], "license": "Licence Ouverte v2.0 (Etalab)", "license_url": "http://www.etalab.gouv.fr/wp-content/uploads/2017/04/ETALAB-Licence-Ouverte-v2.0.pdf", "language": "fr", "metadata_languages": ["fr"], "timezone": null, "modified": "2026-02-06T22:24:19.925000+00:00", "modified_updates_on_metadata_change": true, "modified_updates_on_data_change": true, "data_processed": "2026-01-29T19:24:55.534000+00:00", "metadata_processed": "2026-02-06T22:24:23.868000+00:00", "geographic_reference": ["world_fr"], "geographic_reference_auto": true, "territory": ["France"], "geometry_types": null, "bbox": null, "publisher": "DEPP \u2013 Minist\u00e8re en charge de l\u2019\u00e9ducation nationale", "references": null, "records_count": 20862, "attributions": null, "source_domain": null, "source_domain_title": null, "source_domain_address": null, "source_dataset": null, "shared_catalog": null, "federated": false, "parent_domain": null, "update_frequency": null}, "metadonnees-complementaires": {"date-observation": "Constat de la rentr\u00e9e scolaire", "periode-donnees": "Rentr\u00e9es scolaires 2019 \u00e0 2021", "champ": "Coll\u00e8ges publics et priv\u00e9s sous contrat", "couverture-geographique": ["France"], "unite-statistique": "Les \u00e9tablissements", "secret-statistique": null}}}}