{"links": [{"rel": "self", "href": "https://data.education.gouv.fr/api/v2/catalog/datasets/fr-en-indicateurs_personnels_etablissements1d"}, {"rel": "datasets", "href": "https://data.education.gouv.fr/api/v2/catalog/datasets"}, {"rel": "records", "href": "https://data.education.gouv.fr/api/v2/catalog/datasets/fr-en-indicateurs_personnels_etablissements1d/records"}, {"rel": "exports", "href": "https://data.education.gouv.fr/api/v2/catalog/datasets/fr-en-indicateurs_personnels_etablissements1d/exports"}, {"rel": "facets", "href": "https://data.education.gouv.fr/api/v2/catalog/datasets/fr-en-indicateurs_personnels_etablissements1d/facets"}], "dataset": {"visibility": "domain", "dataset_id": "fr-en-indicateurs_personnels_etablissements1d", "dataset_uid": "da_ctguk1", "has_records": true, "features": ["analyze", "geo"], "attachments": [], "alternative_exports": [], "data_visible": true, "fields": [{"name": "annee_de_la_rentree_scolaire", "description": "ann\u00e9e au format YYYY", "annotations": {"timeserie_precision": "year"}, "label": "Ann\u00e9e de la rentr\u00e9e scolaire", "type": "text"}, {"name": "secteur", "description": "Secteur Public ou Priv\u00e9 sous contrat", "annotations": {}, "label": "Secteur", "type": "text"}, {"name": "identifiant_de_l_etablissement", "description": "Identifiant de l'\u00e9tablissement scolaire (UAI)", "annotations": {}, "label": "Identifiant de l'\u00e9tablissement", "type": "text"}, {"name": "nom_de_l_etablissement", "description": "Nom de l'\u00e9tablissement", "annotations": {}, "label": "Nom de l'\u00e9tablissement", "type": "text"}, {"name": "refcode_region", "description": "Selon code officiel g\u00e9ographique de l'INSEE", "annotations": {}, "label": "Code r\u00e9gion ref", "type": "text"}, {"name": "reflibelle_region", "description": "Libell\u00e9 r\u00e9gion", "annotations": {}, "label": "Libell\u00e9 R\u00e9gion", "type": "text"}, {"name": "code_academie", "description": "Code acad\u00e9mie", "annotations": {}, "label": "Code acad\u00e9mie", "type": "text"}, {"name": "libelle_academie", "description": "Nom de l'acad\u00e9mie", "annotations": {}, "label": "Libell\u00e9 acad\u00e9mie", "type": "text"}, {"name": "code_departement", "description": "Code d\u00e9partement", "annotations": {}, "label": "Code d\u00e9partement", "type": "text"}, {"name": "libelle_departement", "description": "Libell\u00e9 departement", "annotations": {}, "label": "Libell\u00e9 departement", "type": "text"}, {"name": "etp_d_enseignants_hommes_et_femmes", "description": "Nombre d'ETP d'enseignants (hommes et femmes)", "annotations": {}, "label": "ETP d'enseignants (hommes et femmes)", "type": "double"}, {"name": "etp_de_femmes_enseignantes", "description": "Nombre d'ETP de femmes enseignantes", "annotations": {}, "label": "ETP de femmes enseignantes", "type": "double"}, {"name": "etp_d_enseignants_de_moins_de_35_ans", "description": "Nombre d'ETP d'enseignants de moins de 35 ans", "annotations": {}, "label": "ETP d'enseignants de moins de 35 ans", "type": "double"}, {"name": "etp_d_enseignants_de_35_a_moins_de_50_ans", "description": "Nombre d'ETP d'enseignants de 35 \u00e0 moins de 50 ans", "annotations": {}, "label": "ETP d'enseignants de 35 \u00e0 moins de 50 ans", "type": "double"}, {"name": "etp_d_enseignants_de_50_ans_ou_plus", "description": "Nombre d'ETP d'enseignants de 50 ans ou plus", "annotations": {}, "label": "ETP d'enseignants de 50 ans ou plus", "type": "double"}, {"name": "etp_d_enseignants_ayant_une_anciennete_dans_l_etablissement_de_moins_de_2_ans", "description": "Nombre d'ETP d'enseignants ayant une anciennet\u00e9 dans l'\u00e9tablissement de moins de 2 ans", "annotations": {}, "label": "ETP d'enseignants ayant une anciennet\u00e9 dans l'\u00e9tablissement de moins de 2 ans", "type": "double"}, {"name": "etp_d_enseignants_ayant_une_anciennete_dans_l_etablissement_de_2_ans_a_moins_de_5_ans", "description": "Nombre d'ETP d'enseignants ayant une anciennet\u00e9 dans l'\u00e9tablissement de 2 ans \u00e0 moins de 5 ans", "annotations": {}, "label": "ETP d'enseignants ayant une anciennet\u00e9 dans l'\u00e9tablissement de 2 ans \u00e0 moins de 5 ans", "type": "double"}, {"name": "etp_d_enseignants_ayant_une_anciennete_dans_l_etablissement_de_5_ans_a_moins_de_8_ans", "description": "Nombre d'ETP d'enseignants ayant une anciennet\u00e9 dans l'\u00e9tablissement de 5 ans \u00e0 moins de 8 ans", "annotations": {}, "label": "ETP d'enseignants ayant une anciennet\u00e9 dans l'\u00e9tablissement de 5 ans \u00e0 moins de 8 ans", "type": "double"}, {"name": "etp_d_enseignants_ayant_une_anciennete_dans_l_etablissement_de_8_ans_ou_plus", "description": "Nombre d'ETP d'enseignants ayant une anciennet\u00e9 dans l'\u00e9tablissement de 8 ans ou plus", "annotations": {}, "label": "ETP d'enseignants ayant une anciennet\u00e9 dans l'\u00e9tablissement de 8 ans ou plus", "type": "double"}, {"name": "geolocalisation", "description": null, "annotations": {}, "label": "G\u00e9olocalisation", "type": "geo_point_2d"}, {"name": "num_ligne", "description": null, "annotations": {}, "label": "num_ligne", "type": "double"}], "metas": {"dcat": {"created": "2025-07-16", "issued": "2025-07-22", "creator": "bureau des \u00e9tudes statistiques sur les personnels", "contributor": null, "contact_name": null, "contact_email": null, "accrualperiodicity": "annual", "spatial": "France", "temporal": "Rentr\u00e9e scolaire", "granularity": null, "dataquality": null, "publisher_type": null, "conforms_to": null, "temporal_coverage_start": "2024-11-29T23:00:00+00:00", "temporal_coverage_end": "2025-11-29T23:00:00+00:00", "accessRights": null, "relation": null}, "default": {"title": "Les personnels dans les \u00e9tablissements du premier degr\u00e9", "description": "<p>Ce jeu de donn\u00e9es pr\u00e9sentent les personnels enseignants affect\u00e9es dans les \u00e9tablissements du premier degr\u00e9 de l'\u00e9ducation nationale: leurs effectifs en ETP (Equivalent Temps Plein) selon leur sexe, leurs \u00e2ge ou leur anciennet\u00e9.<br>Si l'\u00e9cole comprend moins de 5 ETP, les valeurs\u00a0 sur les caract\u00e9ristiques des personnels sont remplies en ss (secret statistique)<br>Panel des personnels issu de BSA<br></p>", "theme": ["Ressources humaines"], "keyword": ["Personnels", "Premier degr\u00e9", "ETP", "Public", "Priv\u00e9 sous contrat"], "license": "Licence Ouverte v2.0 (Etalab)", "license_url": "http://www.etalab.gouv.fr/wp-content/uploads/2017/04/ETALAB-Licence-Ouverte-v2.0.pdf", "language": "fr", "metadata_languages": ["fr"], "timezone": null, "modified": "2026-04-07T14:40:42.023000+00:00", "modified_updates_on_metadata_change": true, "modified_updates_on_data_change": true, "data_processed": "2026-01-29T20:20:28.738000+00:00", "metadata_processed": "2026-04-07T14:40:46.221000+00:00", "geographic_reference": null, "geographic_reference_auto": false, "territory": null, "geometry_types": ["Point"], "bbox": {"type": "Feature", "geometry": {"coordinates": [[[55.82549306564033, 51.06960946228355], [-63.10663995333016, 51.06960946228355], [-63.10663995333016, -21.386912930756807], [55.82549306564033, -21.386912930756807], [55.82549306564033, 51.06960946228355]]], "type": "Polygon"}, "properties": {}}, "publisher": "DEPP \u2013 Minist\u00e8re en charge de l\u2019\u00e9ducation nationale", "references": null, "records_count": 47507, "attributions": null, "source_domain": null, "source_domain_title": null, "source_domain_address": null, "source_dataset": null, "shared_catalog": null, "federated": false, "parent_domain": null, "update_frequency": ["ANNUAL"]}, "metadonnees-complementaires": {"date-observation": null, "periode-donnees": null, "champ": "Enseignants affect\u00e9s dans les \u00e9coles et \u00e9tablissements scolaires des secteurs publics ou priv\u00e9s sous contrat du minist\u00e8re charg\u00e9 de l\u2019\u00e9ducation nationale. Ce champ d\u00e9di\u00e9 \u00e0 une approche par \u00e9tablissement diff\u00e8re de celui retenu pour une approche sur l'ensemble des personnels, comme dans RERS ou le panorama statistique des personnels de l'enseignement scolaire. Par exemple les enseignants des \u00e9tablissement hospitaliers ou m\u00e9dico-sociaux ne sont pas pris en compte ici. C'est pourquoi les totaux par d\u00e9partement ou acad\u00e9mie diff\u00e9rent de ceux pr\u00e9sent\u00e9s via l'approche personnels (RERS, panorama statistiques des personnels, s\u00e9ries chronologiques de la DEPP...)", "couverture-geographique": ["France"], "unite-statistique": "Les ETP d'enseignants", "secret-statistique": null}}}}