{"links": [{"rel": "self", "href": "https://data.education.gouv.fr/api/v2/catalog/datasets/fr-en-indicateurs-de-resultat-des-lycees-pro_v2"}, {"rel": "datasets", "href": "https://data.education.gouv.fr/api/v2/catalog/datasets"}, {"rel": "records", "href": "https://data.education.gouv.fr/api/v2/catalog/datasets/fr-en-indicateurs-de-resultat-des-lycees-pro_v2/records"}, {"rel": "exports", "href": "https://data.education.gouv.fr/api/v2/catalog/datasets/fr-en-indicateurs-de-resultat-des-lycees-pro_v2/exports"}, {"rel": "facets", "href": "https://data.education.gouv.fr/api/v2/catalog/datasets/fr-en-indicateurs-de-resultat-des-lycees-pro_v2/facets"}, {"rel": "attachments", "href": "https://data.education.gouv.fr/api/v2/catalog/datasets/fr-en-indicateurs-de-resultat-des-lycees-pro_v2/attachments"}], "dataset": {"visibility": "domain", "dataset_id": "fr-en-indicateurs-de-resultat-des-lycees-pro_v2", "dataset_uid": "da_t5gvhj", "has_records": true, "features": ["analyze", "timeserie"], "attachments": [{"id": "guide_methodologique_ival_2025pdf", "title": "Guide_m\u00e9thodologique_IVAL_2025.pdf", "mimetype": "application/pdf", "url": "https://data.education.gouv.fr/api/v2/catalog/datasets/fr-en-indicateurs-de-resultat-des-lycees-pro_v2/attachments/guide_methodologique_ival_2025pdf"}], "alternative_exports": [], "data_visible": true, "fields": [{"name": "annee", "description": "Ann\u00e9e", "annotations": {"facet": true, "timeserie_precision": "year", "facetsort": "-alphanum"}, "label": "Ann\u00e9e", "type": "date"}, {"name": "uai", "description": "Code UAI (unit\u00e9 administrative immatricul\u00e9e) de l'\u00e9tablissement", "annotations": {"facet": true, "facetsort": "alphanum", "disjunctive": true, "sortable": true}, "label": "UAI", "type": "text"}, {"name": "libelle_uai", "description": "Nom de l'\u00e9tablissement", "annotations": {"sortable": true}, "label": "Etablissement", "type": "text"}, {"name": "code_region", "description": "Code r\u00e9gion Insee", "annotations": {"sortable": true}, "label": "Code r\u00e9gion Insee", "type": "text"}, {"name": "libelle_region", "description": "Libell\u00e9 de r\u00e9gion acad\u00e9mique", "annotations": {"facet": true, "facetsort": "alphanum", "disjunctive": true, "sortable": true}, "label": "Libell\u00e9 r\u00e9gion", "type": "text"}, {"name": "libelle_academie", "description": "Libell\u00e9 de l'acad\u00e9mie", "annotations": {"facet": true, "facetsort": "alphanum", "disjunctive": true, "sortable": true}, "label": "Libell\u00e9 acad\u00e9mie", "type": "text"}, {"name": "code_departement", "description": "Code du d\u00e9partement", "annotations": {"sortable": true}, "label": "Code d\u00e9partement", "type": "text"}, {"name": "libelle_departement", "description": "Libell\u00e9 du d\u00e9partement", "annotations": {"facet": true, "facetsort": "alphanum", "sortable": true, "disjunctive": true}, "label": "Libell\u00e9 d\u00e9partement", "type": "text"}, {"name": "code_commune", "description": "Code de la commune", "annotations": {"sortable": true}, "label": "Code commune", "type": "text"}, {"name": "libelle_commune", "description": "Libell\u00e9 de la commune", "annotations": {"facet": true, "facetsort": "alphanum", "disjunctive": true, "sortable": true}, "label": "Libell\u00e9 commune", "type": "text"}, {"name": "secteur", "description": "Secteur d'enseignement (public/priv\u00e9)", "annotations": {"facet": true, "facetsort": "alphanum", "disjunctive": true, "sortable": true}, "label": "Secteur", "type": "text"}, {"name": "presents_total", "description": "Nombre total d'\u00e9l\u00e8ves pr\u00e9sents", "annotations": {}, "label": "Pr\u00e9sents - Toutes series", "type": "double"}, {"name": "taux_reu_total", "description": "Taux de r\u00e9ussite observ\u00e9 - Toutes s\u00e9ries", "annotations": {}, "label": "Taux de r\u00e9ussite - Toutes s\u00e9ries", "type": "double"}, {"name": "va_reu_total", "description": "Valeur ajout\u00e9e du taux de r\u00e9ussite - Toutes s\u00e9ries", "annotations": {}, "label": "Valeur ajout\u00e9e du taux de r\u00e9ussite - Toutes s\u00e9ries", "type": "double"}, {"name": "taux_acces_2nde", "description": "Taux d'acc\u00e8s de la seconde au baccalaur\u00e9at", "annotations": {}, "label": "Taux d'acc\u00e8s 2nde-bac", "type": "double"}, {"name": "va_acces_2nde", "description": "Valeur ajout\u00e9e du taux d'acc\u00e8s de la seconde au baccalaur\u00e9at", "annotations": {}, "label": "Valeur ajout\u00e9e du taux d'acc\u00e8s 2nde-bac", "type": "double"}, {"name": "taux_men_total", "description": "Taux de mentions observ\u00e9 - Toutes s\u00e9ries", "annotations": {}, "label": "Taux de mentions - Toutes s\u00e9ries", "type": "double"}, {"name": "va_men_total", "description": "Valeur ajout\u00e9e du taux de mentions - Toutes s\u00e9ries", "annotations": {}, "label": "Valeur ajout\u00e9e du taux de mentions - Toutes s\u00e9ries", "type": "double"}, {"name": "presents_pluri_techno", "description": "Nombre d'\u00e9l\u00e8ves pr\u00e9sents - sp\u00e9cialit\u00e9 Sp\u00e9cialit\u00e9s pluri-technologiques de la production", "annotations": {}, "label": "Pr\u00e9sents - Sp\u00e9cialites pluri-technologiques de la production", "type": "int"}, {"name": "presents_transfo", "description": "Nombre d'\u00e9l\u00e8ves pr\u00e9sents - sp\u00e9cialit\u00e9 Transformations", "annotations": {}, "label": "Pr\u00e9sents - Transformations", "type": "int"}, {"name": "presents_genie_civil", "description": "Nombre d'\u00e9l\u00e8ves pr\u00e9sents - sp\u00e9cialit\u00e9 G\u00e9nie civil construction bois", "annotations": {}, "label": "Pr\u00e9sents - G\u00e9nie civil construction bois", "type": "int"}, {"name": "presents_mat_souples", "description": "Nombre d'\u00e9l\u00e8ves pr\u00e9sents - sp\u00e9cialit\u00e9 Mat\u00e9riaux souples", "annotations": {}, "label": "Pr\u00e9sents - Mat\u00e9riaux souples", "type": "int"}, {"name": "presents_meca_elec", "description": "Nombre d'\u00e9l\u00e8ves pr\u00e9sents - sp\u00e9cialit\u00e9 M\u00e9canique \u00e9lectricit\u00e9 \u00e9lectronique", "annotations": {}, "label": "Pr\u00e9sents - M\u00e9canique \u00e9lectricit\u00e9 \u00e9lectronique", "type": "int"}, {"name": "presents_production", "description": "Nombre d'\u00e9l\u00e8ves pr\u00e9sents - Production", "annotations": {}, "label": "Pr\u00e9sents - Production", "type": "int"}, {"name": "presents_pluri_services", "description": "Nombre d'\u00e9l\u00e8ves pr\u00e9sents - sp\u00e9cialit\u00e9 Sp\u00e9cialit\u00e9s plurivalentes des services", "annotations": {}, "label": "Pr\u00e9sents - Specialites plurivalentes des services", "type": "int"}, {"name": "presents_echanges", "description": "Nombre d'\u00e9l\u00e8ves pr\u00e9sents - sp\u00e9cialit\u00e9 Echanges et gestion", "annotations": {}, "label": "Pr\u00e9sents - Echanges et gestion", "type": "int"}, {"name": "presents_communication", "description": "Nombre d'\u00e9l\u00e8ves pr\u00e9sents - sp\u00e9cialit\u00e9 Communication et information", "annotations": {}, "label": "Pr\u00e9sents - Communication et information", "type": "int"}, {"name": "presents_serv_personnes", "description": "Nombre d'\u00e9l\u00e8ves pr\u00e9sents - sp\u00e9cialit\u00e9 Services aux personnes", "annotations": {}, "label": "Pr\u00e9sents - Services aux personnes", "type": "int"}, {"name": "presents_serv_collec", "description": "Nombre d'\u00e9l\u00e8ves pr\u00e9sents - sp\u00e9cialit\u00e9 Services \u00e0 la collectivit\u00e9", "annotations": {}, "label": "Pr\u00e9sents - Services \u00e0 la collectivit\u00e9", "type": "int"}, {"name": "presents_services", "description": "Nombre d'\u00e9l\u00e8ves pr\u00e9sents - Services", "annotations": {}, "label": "Pr\u00e9sents - Services", "type": "int"}, {"name": "taux_reu_pluri_techno", "description": " Taux de r\u00e9ussite observ\u00e9 - sp\u00e9cialit\u00e9 Sp\u00e9cialit\u00e9s pluri-technologiques de la production", "annotations": {}, "label": "Taux de r\u00e9ussite - Sp\u00e9cialites pluri-technologiques de la production", "type": "double"}, {"name": "taux_reu_transfo", "description": "Taux de r\u00e9ussite observ\u00e9 - sp\u00e9cialit\u00e9 Transformations", "annotations": {}, "label": "Taux de r\u00e9ussite - Transformations", "type": "double"}, {"name": "taux_reu_genie_civil", "description": "Taux de r\u00e9ussite observ\u00e9 - sp\u00e9cialit\u00e9 Genie civil construction bois", "annotations": {}, "label": "Taux de r\u00e9ussite - G\u00e9nie civil construction bois", "type": "double"}, {"name": "taux_reu_mat_souples", "description": "Taux de r\u00e9ussite observ\u00e9 - sp\u00e9cialit\u00e9 Materiaux souples", "annotations": {}, "label": "Taux de r\u00e9ussite - Mat\u00e9riaux souples", "type": "double"}, {"name": "taux_reu_meca_elec", "description": "Taux de r\u00e9ussite observ\u00e9 - sp\u00e9cialit\u00e9 M\u00e9canique \u00e9lectricit\u00e9 \u00e9lectronique", "annotations": {}, "label": "Taux de r\u00e9ussite - M\u00e9canique \u00e9lectricit\u00e9 \u00e9lectronique", "type": "double"}, {"name": "taux_reu_production", "description": "Taux de r\u00e9ussite observ\u00e9 - Production", "annotations": {}, "label": "Taux de r\u00e9ussite - Production", "type": "double"}, {"name": "taux_reu_pluri_services", "description": "Taux de r\u00e9ussite observ\u00e9 - sp\u00e9cialit\u00e9 Sp\u00e9cialites plurivalentes des services", "annotations": {}, "label": "Taux de r\u00e9ussite - Sp\u00e9cialites plurivalentes des services", "type": "double"}, {"name": "taux_reu_echanges", "description": "Taux de r\u00e9ussite observ\u00e9 - sp\u00e9cialit\u00e9 Echanges et gestion", "annotations": {}, "label": "Taux de r\u00e9ussite - Echanges et gestion", "type": "double"}, {"name": "taux_reu_communication", "description": "Taux de r\u00e9ussite observ\u00e9 - sp\u00e9cialit\u00e9 Communication et information", "annotations": {}, "label": "Taux de r\u00e9ussite - Communication et information", "type": "double"}, {"name": "taux_reu_serv_personnes", "description": "Taux de r\u00e9ussite observ\u00e9 - sp\u00e9cialit\u00e9 Services aux personnes", "annotations": {}, "label": "Taux de r\u00e9ussite - Services aux personnes", "type": "double"}, {"name": "taux_reu_serv_collec", "description": "Taux de r\u00e9ussite observ\u00e9 - sp\u00e9cialit\u00e9 Services \u00e0 la collectivit\u00e9", "annotations": {}, "label": "Taux de r\u00e9ussite - Services \u00e0 la collectivit\u00e9", "type": "double"}, {"name": "taux_reu_services", "description": "Taux de r\u00e9ussite observ\u00e9 - Services", "annotations": {}, "label": "Taux de r\u00e9ussite - Services", "type": "double"}, {"name": "va_reu_pluri_techno", "description": "Valeur ajout\u00e9e du taux de r\u00e9ussite - sp\u00e9cialit\u00e9 Sp\u00e9cialit\u00e9s pluri-technologiques de la production", "annotations": {}, "label": "Valeur ajout\u00e9e du taux de r\u00e9ussite - Sp\u00e9cialit\u00e9s pluri-technologiques de la production", "type": "double"}, {"name": "va_reu_transfo", "description": "Valeur ajout\u00e9e du taux de r\u00e9ussite - sp\u00e9cialit\u00e9 Transformations", "annotations": {}, "label": "Valeur ajout\u00e9e du taux de r\u00e9ussite - Transformations", "type": "double"}, {"name": "va_reu_genie_civil", "description": "Valeur ajout\u00e9e du taux de r\u00e9ussite - sp\u00e9cialit\u00e9 Genie civil construction bois", "annotations": {}, "label": "Valeur ajout\u00e9e du taux de r\u00e9ussite - G\u00e9nie civil construction bois", "type": "double"}, {"name": "va_reu_mat_souples", "description": "Valeur ajout\u00e9e du taux de r\u00e9ussite - sp\u00e9cialit\u00e9 Mat\u00e9riaux souples", "annotations": {}, "label": "Valeur ajout\u00e9e du taux de r\u00e9ussite - Mat\u00e9riaux souples", "type": "double"}, {"name": "va_reu_meca_elec", "description": "Valeur ajout\u00e9e du taux de r\u00e9ussite - sp\u00e9cialit\u00e9 M\u00e9canique \u00e9lectricit\u00e9 \u00e9lectronique", "annotations": {}, "label": "Valeur ajout\u00e9e du taux de r\u00e9ussite - M\u00e9canique \u00e9lectricit\u00e9 \u00e9lectronique", "type": "double"}, {"name": "va_reu_production", "description": "Valeur ajout\u00e9e du taux de r\u00e9ussite - Production", "annotations": {}, "label": "Valeur ajout\u00e9e du taux de r\u00e9ussite - Production", "type": "double"}, {"name": "va_reu_pluri_services", "description": "Valeur ajout\u00e9e du taux de r\u00e9ussite - sp\u00e9cialit\u00e9 Sp\u00e9cialites plurivalentes des services", "annotations": {}, "label": "Valeur ajout\u00e9e du taux de r\u00e9ussite - Sp\u00e9cialites plurivalentes des services", "type": "double"}, {"name": "va_reu_echanges", "description": "Valeur ajout\u00e9e du taux de r\u00e9ussite - sp\u00e9cialit\u00e9 Echanges et gestion", "annotations": {}, "label": "Valeur ajout\u00e9e du taux de r\u00e9ussite - Echanges et gestion", "type": "double"}, {"name": "va_reu_communication", "description": "Valeur ajout\u00e9e du taux de r\u00e9ussite - sp\u00e9cialit\u00e9 Communication et information", "annotations": {}, "label": "Valeur ajout\u00e9e du taux de r\u00e9ussite - Communication et information", "type": "double"}, {"name": "va_reu_serv_personnes", "description": "Valeur ajout\u00e9e du taux de r\u00e9ussite - sp\u00e9cialit\u00e9 Services aux personnes", "annotations": {}, "label": "Valeur ajout\u00e9e du taux de r\u00e9ussite - Services aux personnes", "type": "double"}, {"name": "va_reu_serv_collec", "description": "Valeur ajout\u00e9e du taux de r\u00e9ussite - sp\u00e9cialit\u00e9 Services \u00e0 la collectivit\u00e9", "annotations": {}, "label": "Valeur ajout\u00e9e du taux de r\u00e9ussite - Services \u00e0 la collectivit\u00e9", "type": "double"}, {"name": "va_reu_services", "description": "Valeur ajout\u00e9e du taux de r\u00e9ussite - Services", "annotations": {}, "label": "Valeur ajout\u00e9e du taux de r\u00e9ussite - Services", "type": "double"}, {"name": "eff_2nde", "description": "Effectif de seconde", "annotations": {}, "label": "Effectif de seconde", "type": "int"}, {"name": "eff_1ere", "description": "Effectif de premi\u00e8re", "annotations": {}, "label": "Effectif de premiere", "type": "int"}, {"name": "eff_term", "description": "Effectif de terminale", "annotations": {}, "label": "Effectif de terminale", "type": "int"}, {"name": "taux_acces_1ere", "description": "Taux d'acc\u00e8s de la premi\u00e8re au baccalaur\u00e9at", "annotations": {}, "label": "Taux d'acces 1ere-bac", "type": "double"}, {"name": "taux_acces_term", "description": "Taux d'acc\u00e8s de la terminale au baccalaur\u00e9at", "annotations": {}, "label": "Taux d'acces terminale-bac", "type": "double"}, {"name": "va_acces_1ere", "description": "Valeur ajout\u00e9e du taux d'acc\u00e8s de la premi\u00e8re au baccalaur\u00e9at", "annotations": {}, "label": "Valeur ajout\u00e9e du taux d'acc\u00e8s 1ere-bac", "type": "double"}, {"name": "va_acces_term", "description": "Valeur ajout\u00e9e du taux d'acc\u00e8s de la terminale au baccalaur\u00e9at", "annotations": {}, "label": "Valeur ajout\u00e9e du taux d'acc\u00e8s terminale-bac", "type": "double"}, {"name": "taux_men_pluri_techno", "description": "Taux de mentions observ\u00e9 - sp\u00e9cialit\u00e9 Sp\u00e9cialit\u00e9s pluri-technologiques de la production", "annotations": {}, "label": "Taux de mentions - Sp\u00e9cialit\u00e9s pluri-technologiques de la production", "type": "double"}, {"name": "taux_men_transfo", "description": "Taux de mentions observ\u00e9 - sp\u00e9cialit\u00e9 Transformations", "annotations": {}, "label": "Taux de mentions - Transformations", "type": "double"}, {"name": "taux_men_genie_civil", "description": "Taux de mentions observ\u00e9 - sp\u00e9cialit\u00e9 Genie civil construction bois", "annotations": {}, "label": "Taux de mentions - G\u00e9nie civil construction bois", "type": "double"}, {"name": "taux_men_mat_souples", "description": "Taux de mentions observ\u00e9 - sp\u00e9cialit\u00e9 Mat\u00e9riaux souples", "annotations": {}, "label": "Taux de mentions - Mat\u00e9riaux souples", "type": "double"}, {"name": "taux_men_meca_elec", "description": "Taux de mentions observ\u00e9 - sp\u00e9cialit\u00e9 M\u00e9canique \u00e9lectricit\u00e9 \u00e9lectronique", "annotations": {}, "label": "Taux de mentions - M\u00e9canique \u00e9lectricit\u00e9 \u00e9lectronique", "type": "double"}, {"name": "taux_men_production", "description": "Taux de mentions observ\u00e9 - Production", "annotations": {}, "label": "Taux de mentions - Production", "type": "double"}, {"name": "taux_men_pluri_services", "description": "Taux de mentions observ\u00e9 - sp\u00e9cialit\u00e9 Sp\u00e9cialit\u00e9s plurivalentes des services", "annotations": {}, "label": "Taux de mentions - Sp\u00e9cialit\u00e9s plurivalentes des services", "type": "double"}, {"name": "taux_men_echanges", "description": "Taux de mentions observ\u00e9 - sp\u00e9cialit\u00e9 Echanges et gestion", "annotations": {}, "label": "Taux de mentions - Echanges et gestion", "type": "double"}, {"name": "taux_men_communication", "description": "Taux de mentions observ\u00e9 - sp\u00e9cialit\u00e9 Communication et information", "annotations": {}, "label": "Taux de mentions - Communication et information", "type": "double"}, {"name": "taux_men_serv_personnes", "description": "Taux de mentions observ\u00e9 - sp\u00e9cialit\u00e9 Services aux personnes", "annotations": {}, "label": "Taux de mentions - Services aux personnes", "type": "double"}, {"name": "taux_men_serv_collec", "description": "Taux de mentions observ\u00e9 - sp\u00e9cialit\u00e9 Services \u00e0 la collectivit\u00e9", "annotations": {}, "label": "Taux de mentions - Services a la collectivite", "type": "double"}, {"name": "taux_men_services", "description": "Taux de mentions observ\u00e9 - Services", "annotations": {}, "label": "Taux de mentions - Services", "type": "double"}, {"name": "va_men_pluri_techno", "description": "Valeur ajout\u00e9e du taux de mentions - sp\u00e9cialit\u00e9 Specialit\u00e9s pluri-technologiques de la production", "annotations": {}, "label": "Valeur ajout\u00e9e du taux de mentions - Specialites pluri-technologiques de la production", "type": "double"}, {"name": "va_men_transfo", "description": "Valeur ajout\u00e9e du taux de mentions - sp\u00e9cialit\u00e9 Transformations", "annotations": {}, "label": "Valeur ajout\u00e9e du taux de mentions - Transformations", "type": "double"}, {"name": "va_men_genie_civil", "description": "Valeur ajout\u00e9e du taux de mentions - sp\u00e9cialit\u00e9 G\u00e9nie civil construction bois", "annotations": {}, "label": "Valeur ajout\u00e9e du taux de mentions - G\u00e9nie civil construction bois", "type": "double"}, {"name": "va_men_mat_souples", "description": "Valeur ajout\u00e9e du taux de mentions - sp\u00e9cialit\u00e9 Mat\u00e9riaux souples", "annotations": {}, "label": "Valeur ajout\u00e9e du taux de mentions - Mat\u00e9riaux souples", "type": "double"}, {"name": "va_men_meca_elec", "description": "Valeur ajout\u00e9e du taux de mentions - sp\u00e9cialit\u00e9 M\u00e9canique \u00e9lectricit\u00e9 \u00e9lectronique", "annotations": {}, "label": "Valeur ajout\u00e9e du taux de mentions - M\u00e9canique \u00e9lectricit\u00e9 \u00e9lectronique", "type": "double"}, {"name": "va_men_production", "description": "Valeur ajout\u00e9e du taux de mentions - Production", "annotations": {}, "label": "Valeur ajout\u00e9e du taux de mentions - Production", "type": "double"}, {"name": "va_men_pluri_services", "description": "Valeur ajout\u00e9e du taux de mentions - sp\u00e9cialit\u00e9 Sp\u00e9cialit\u00e9s plurivalentes des services", "annotations": {}, "label": "Valeur ajout\u00e9e du taux de mentions - Sp\u00e9cialit\u00e9s plurivalentes des services", "type": "double"}, {"name": "va_men_echanges", "description": "Valeur ajout\u00e9e du taux de mentions - sp\u00e9cialit\u00e9 Echanges et gestion", "annotations": {}, "label": "Valeur ajout\u00e9e du taux de mentions - Echanges et gestion", "type": "double"}, {"name": "va_men_communication", "description": "Valeur ajout\u00e9e du taux de mentions - sp\u00e9cialit\u00e9 Communication et information", "annotations": {}, "label": "Valeur ajout\u00e9e du taux de mentions - Communication et information", "type": "double"}, {"name": "va_men_serv_personnes", "description": "Valeur ajout\u00e9e du taux de mentions - sp\u00e9cialit\u00e9 Services aux personnes", "annotations": {}, "label": "Valeur ajout\u00e9e du taux de mentions - Services aux personnes", "type": "double"}, {"name": "va_men_serv_collec", "description": "Valeur ajout\u00e9e du taux de mentions - sp\u00e9cialit\u00e9 Services \u00e0 la collectivit\u00e9", "annotations": {}, "label": "Valeur ajout\u00e9e du taux de mentions - Services \u00e0 la collectivit\u00e9", "type": "double"}, {"name": "va_men_services", "description": "Valeur ajout\u00e9e du taux de mentions - Services", "annotations": {}, "label": "Valeur ajout\u00e9e du taux de mentions - Services", "type": "double"}, {"name": "nb_mentions_tb_sansf_p", "description": "Nombre de mentions Tr\u00e8s Bien", "annotations": {}, "label": "Nombre de mentions TB", "type": "int"}, {"name": "nb_mentions_b_p", "description": "Nombre de mentions Bien", "annotations": {}, "label": "Nombre de mentions B", "type": "int"}, {"name": "nb_mentions_ab_p", "description": "Nombre de mentions Assez Bien", "annotations": {}, "label": "Nombre de mentions AB", "type": "int"}], "metas": {"dcat": {"created": "2024-09-11", "issued": "2024-09-11", "creator": "Bureau des \u00e9tudes sur les \u00e9tablissements et l'\u00e9ducation prioritaire", "contributor": null, "contact_name": null, "contact_email": "depp-open-data@education.gouv.fr", "accrualperiodicity": "annual", "spatial": "France", "temporal": "La session des examens du baccalaur\u00e9at de Juin \u00e0 Septembre", "granularity": null, "dataquality": null, "publisher_type": null, "conforms_to": null, "temporal_coverage_start": "2012-06-29T22:00:00+00:00", "temporal_coverage_end": "2025-06-29T22:00:00+00:00", "accessRights": "Le producteur et le diffuseur des donn\u00e9es ne sont pas responsables des interpr\u00e9tations ou d\u00e9ductions faites \u00e0 partir de l'utilisation des donn\u00e9es.  Pour citer la publication : \"Source Depp, plateforme de donn\u00e9es ouvertes data.education.gouv.fr\" En cas de retraitement des donn\u00e9es, ajouter \u00e0 la mention pr\u00e9c\u00e9dente :  \"traitement [auteur, nom de votre organisation]\"", "relation": null}, "default": {"title": "Indicateurs de valeur ajout\u00e9e des lyc\u00e9es d'enseignement professionnel", "description": "<p>Les indicateurs de valeur ajout\u00e9e des lyc\u00e9es sont une batterie d\u2019indicateurs qui visent \u00e0 \u00e9valuer l'action propre de chaque lyc\u00e9e pour faire r\u00e9ussir les \u00e9l\u00e8ves qu\u2019il accueille, en terme de r\u00e9ussite au baccalaur\u00e9at et d\u2019accompagnement tout au long de sa scolarit\u00e9 au lyc\u00e9e. <br>Les IVAL permettent un diagnostic qui va au-del\u00e0 de celui qui peut \u00eatre fait \u00e0 partir des seuls taux de r\u00e9ussite \u00ab bruts \u00bb \u00e0 l\u2019examen. Pour donner une image de l\u2019apport de chaque lyc\u00e9e, le calcul statistique s'efforce d'\u00e9liminer l'incidence des facteurs de r\u00e9ussite scolaire ext\u00e9rieurs au lyc\u00e9e, pour essayer de conserver ce qui est d\u00fb \u00e0 son action propre. Pour juger de l\u2019efficacit\u00e9 d\u2019un lyc\u00e9e, la r\u00e9ussite de chacun de ses \u00e9l\u00e8ves doit ainsi \u00eatre compar\u00e9e \u00e0 celle des \u00e9l\u00e8ves comparables scolaris\u00e9s dans des lyc\u00e9es comparables. Des indicateurs en \u00ab valeur ajout\u00e9e \u00bb accompagnent ainsi les indicateurs \u00ab bruts \u00bb. Pour chaque lyc\u00e9e, la valeur ajout\u00e9e correspond \u00e0 la diff\u00e9rence entre les r\u00e9sultats obtenus et les r\u00e9sultats qui \u00e9taient attendus, compte tenu des caract\u00e9ristiques scolaires et sociod\u00e9mographiques des \u00e9l\u00e8ves accueillis. L\u2019analyse combine des facteurs individuels des \u00e9l\u00e8ves (\u00e2ge et sexe, niveau scolaire \u00e0 l\u2019entr\u00e9e au lyc\u00e9e, profil social) et des facteurs li\u00e9s \u00e0 la structure de l\u2019\u00e9tablissement (pourcentage de filles, part d'\u00e9l\u00e8ves en retard scolaire, profil social des \u00e9l\u00e8ves et note moyenne obtenue au dipl\u00f4me national du brevet).<br><br>La valeur ajout\u00e9e est une approche relative et non pas absolue. Si la valeur ajout\u00e9e est positive, on a tout lieu de penser que l\u2019\u00e9tablissement a plus fait r\u00e9ussir ses \u00e9l\u00e8ves que ce qui \u00e9tait pr\u00e9vu vu le profil des \u00e9l\u00e8ves qu\u2019il accueillait. Si elle est n\u00e9gative, cela signifie que les r\u00e9sultats de l\u2019\u00e9tablissement sont inf\u00e9rieurs \u00e0 la moyenne des r\u00e9sultats des \u00e9tablissements qui lui ressemblent.<br><br>Les IVAL sont diffus\u00e9s uniquement pour les lyc\u00e9es publics et priv\u00e9s sous contrat.<br><br>Les taux d\u2019acc\u00e8s sont calcul\u00e9s uniquement pour les lyc\u00e9es qui offrent un cycle complet, c\u2019est-\u00e0-dire qui accueillent des \u00e9l\u00e8ves de 2nde, 1\u00e8re et Tale. Pour les lyc\u00e9es g\u00e9n\u00e9raux et technologiques, il faut au moins 20 candidats au baccalaur\u00e9at pour que les taux bruts soient calcul\u00e9s. Le seuil est fix\u00e9 \u00e0 10 pour les lyc\u00e9es professionnels. Enfin, les taux attendus (et par cons\u00e9quent les valeurs ajout\u00e9es associ\u00e9es) et les effectifs de laur\u00e9ats par mention ne sont pas d\u00e9termin\u00e9s lorsqu\u2019il y a moins de 40 candidats en s\u00e9rie GT ou moins de 20 candidats en s\u00e9rie PRO.<br><br>Les fiches de r\u00e9sultats des lyc\u00e9es sont consultables \u00e0 partir de la page de diffusion des IVAL sur le site du minist\u00e8re : <a href=\"https://www.education.gouv.fr/les-indicateurs-de-resultats-des-colleges-et-des-lycees-377729\" target=\"_blank\">https://www.education.gouv.fr/les-indicateurs-de-resultats-des-colleges-et-des-lycees-377729</a><br><br>Bibliographie : Evain F., 2020, Indicateurs de valeur ajout\u00e9e des lyc\u00e9es Du pilotage interne \u00e0 la diffusion grand public. Insee, Courrier des statistiques n\u00b05.<br></p>", "theme": ["Etablissements (dont IPS)"], "keyword": ["\u00e9tablissement scolaire", "baccalaur\u00e9at", "BAC", "\u00e9valuations acquis", "\u00e9l\u00e8ve", "indicateur valeur ajout\u00e9e lyc\u00e9e", "IVAL", "taux r\u00e9ussite", "\u00e9tablissement public", "\u00e9tablissement priv\u00e9 sous contrat"], "license": "Licence Ouverte v2.0 (Etalab)", "license_url": "http://www.etalab.gouv.fr/wp-content/uploads/2017/04/ETALAB-Licence-Ouverte-v2.0.pdf", "language": "fr", "metadata_languages": ["fr"], "timezone": null, "modified": "2026-04-03T07:52:45.060000+00:00", "modified_updates_on_metadata_change": true, "modified_updates_on_data_change": true, "data_processed": "2026-04-03T07:00:49.014000+00:00", "metadata_processed": "2026-04-03T07:52:47.543000+00:00", "geographic_reference": null, "geographic_reference_auto": false, "territory": null, "geometry_types": null, "bbox": null, "publisher": "DEPP \u2013 Minist\u00e8re en charge de l\u2019\u00e9ducation nationale", "references": null, "records_count": 28258, "attributions": null, "source_domain": null, "source_domain_title": null, "source_domain_address": null, "source_dataset": null, "shared_catalog": null, "federated": false, "parent_domain": null, "update_frequency": ["ANNUAL"]}, "metadonnees-complementaires": {"date-observation": "30/06/2025", "periode-donnees": "2012-2025", "champ": "Les lyc\u00e9es professionnels publics et priv\u00e9s sous contrat", "couverture-geographique": ["France"], "unite-statistique": "Les \u00e9tablissements", "secret-statistique": null}}}}