{"links": [{"rel": "self", "href": "https://data.education.gouv.fr/api/v2/catalog/datasets/fr-en-hybridation_lycees_par_collectivite"}, {"rel": "datasets", "href": "https://data.education.gouv.fr/api/v2/catalog/datasets"}, {"rel": "records", "href": "https://data.education.gouv.fr/api/v2/catalog/datasets/fr-en-hybridation_lycees_par_collectivite/records"}, {"rel": "exports", "href": "https://data.education.gouv.fr/api/v2/catalog/datasets/fr-en-hybridation_lycees_par_collectivite/exports"}, {"rel": "facets", "href": "https://data.education.gouv.fr/api/v2/catalog/datasets/fr-en-hybridation_lycees_par_collectivite/facets"}], "dataset": {"visibility": "domain", "dataset_id": "fr-en-hybridation_lycees_par_collectivite", "dataset_uid": "da_3bmy3v", "has_records": true, "features": ["geo", "analyze", "custom_view"], "attachments": [], "alternative_exports": [], "data_visible": true, "fields": [{"name": "code_region", "description": "Code de la r\u00e9gion acad\u00e9mique ou de la collectivit\u00e9 d'outre-mer", "annotations": {}, "label": "Code r\u00e9gion", "type": "text"}, {"name": "region_ou_drom_com", "description": "Nom de la r\u00e9gion acad\u00e9mique ou de la collectivit\u00e9 d'outre-mer", "annotations": {}, "label": "R\u00e9gion ou DROM-COM", "type": "text"}, {"name": "raison_sociale_du_signataire_de_la_convention", "description": "Raison sociale du signataire de la convention", "annotations": {}, "label": "Raison sociale du signataire de la convention", "type": "text"}, {"name": "siren_signataire_de_la_convention", "description": "Code SIREN du signataire de la convention", "annotations": {}, "label": "SIREN signataire de la convention", "type": "text"}, {"name": "code_commune_siege", "description": "Code de la commune si\u00e8ge du signataire de la convention", "annotations": {}, "label": "Code Commune si\u00e8ge", "type": "text"}, {"name": "nom_officiel_commune_siege", "description": "Commune si\u00e8ge du signataire de la convention", "annotations": {}, "label": "Nom Officiel Commune si\u00e8ge", "type": "text"}, {"name": "nombre_total_de_lycees", "description": "Nombre total de lyc\u00e9es", "annotations": {}, "label": "Nombre total de lyc\u00e9es", "type": "int"}, {"name": "nombre_total_divisions_de_classes_de_lycees", "description": "Nombre total (divisions) de classes de lyc\u00e9es", "annotations": {}, "label": "Nombre total (divisions) de classes de lyc\u00e9es", "type": "int"}, {"name": "depenses_realisees_par_la_collectivite", "description": "D\u00e9penses r\u00e9alis\u00e9es par la collectivit\u00e9", "annotations": {}, "label": "D\u00e9penses r\u00e9alis\u00e9es par la collectivit\u00e9", "type": "double"}, {"name": "montant_de_la_subvention", "description": "Montant de la subvention", "annotations": {}, "label": "Montant de la subvention", "type": "double"}, {"name": "geo_shape", "description": null, "annotations": {}, "label": "Geo Shape", "type": "geo_shape"}, {"name": "position_commune_siege", "description": "Position de la commune si\u00e8ge de la collectivit\u00e9", "annotations": {}, "label": "Position Commune si\u00e8ge", "type": "geo_point_2d"}], "metas": {"dcat": {"created": "2024-12-19", "issued": null, "creator": null, "contributor": null, "contact_name": null, "contact_email": null, "accrualperiodicity": null, "spatial": null, "temporal": null, "granularity": null, "dataquality": null, "publisher_type": null, "conforms_to": null, "temporal_coverage_start": null, "temporal_coverage_end": null, "accessRights": null, "relation": null}, "default": {"title": "Hybridation de l\u2019enseignement en lyc\u00e9e - par collectivit\u00e9", "description": "<div class=\"ods-asset-customview-crosslink\"><p>Cet actif a \u00e9t\u00e9 li\u00e9 \u00e0 l'actif suivant : <a href=\"/explore/assets/visualisation-fr-en-hybridation_lycees_par_collectivite/\">Hybridation de l\u2019enseignement en lyc\u00e9e - par collectivit\u00e9 - Visualization</a></p><hr></div><p>Dans le cadre du plan de relance, la mesure \"hybridation de l\u2019enseignement en lyc\u00e9e\", s\u2019inscrivant dans le\n cadre des accords r\u00e9gionaux de relance annex\u00e9s aux CPER 2021-2027 et \nb\u00e9n\u00e9ficiant de fonds europ\u00e9ens, concourt \u00e0 l\u2019\u00e9quipement des lyc\u00e9es en \nmat\u00e9riels, en services et ressources num\u00e9riques pour l\u2019hybridation des \nenseignements, et l\u2019accompagnement de leur prise en main.\n\n    </p><p>Ce jeu de donn\u00e9es pr\u00e9sente la liste des collectivit\u00e9s b\u00e9n\u00e9ficiaires et la liste des lyc\u00e9es \n(par commune et collectivit\u00e9s) avec le nombre de classes b\u00e9n\u00e9ficiaires \npour le dispositif Hybridation de l\u2019enseignement en lyc\u00e9e.\n</p><p>Plus d'information sur <a href=\"https://www.education.gouv.fr/plan-de-relance-continuite-pedagogique-hybridation-de-l-enseignement-en-lycee-343138\" target=\"_blank\">https://www.education.gouv.fr/plan-de-relance-continuite-pedagogique-hybridation-de-l-enseignement-en-lycee-343138</a><br></p>", "theme": ["Politique \u00e9ducative (dont \u00e9ducation prioritaire)"], "keyword": ["hybridation", "lyc\u00e9e", "plan de relance"], "license": "Licence Ouverte v2.0 (Etalab)", "license_url": "http://www.etalab.gouv.fr/wp-content/uploads/2017/04/ETALAB-Licence-Ouverte-v2.0.pdf", "language": "fr", "metadata_languages": ["fr"], "timezone": null, "modified": "2026-02-02T17:05:54.422000+00:00", "modified_updates_on_metadata_change": true, "modified_updates_on_data_change": true, "data_processed": "2026-01-29T19:46:17.745000+00:00", "metadata_processed": "2026-02-02T17:05:55.558000+00:00", "geographic_reference": null, "geographic_reference_auto": false, "territory": null, "geometry_types": ["MultiPolygon", "Polygon"], "bbox": {"type": "Feature", "geometry": {"coordinates": [[[45.29795126058161, 51.08898942824453], [-178.18573974072933, 51.08898942824453], [-178.18573974072933, -14.319431274197996], [45.29795126058161, -14.319431274197996], [45.29795126058161, 51.08898942824453]]], "type": "Polygon"}, "properties": {}}, "publisher": "DNE - Minist\u00e8re de l'Education Nationale", "references": null, "records_count": 19, "attributions": null, "source_domain": null, "source_domain_title": null, "source_domain_address": null, "source_dataset": null, "shared_catalog": null, "federated": false, "parent_domain": null, "update_frequency": null}, "metadonnees-complementaires": {"date-observation": null, "periode-donnees": null, "champ": null, "couverture-geographique": null, "unite-statistique": null, "secret-statistique": null}}}}