{"links": [{"rel": "self", "href": "https://data.education.gouv.fr/api/v2/catalog/datasets/fr-en-formations_diplomes"}, {"rel": "datasets", "href": "https://data.education.gouv.fr/api/v2/catalog/datasets"}, {"rel": "records", "href": "https://data.education.gouv.fr/api/v2/catalog/datasets/fr-en-formations_diplomes/records"}, {"rel": "exports", "href": "https://data.education.gouv.fr/api/v2/catalog/datasets/fr-en-formations_diplomes/exports"}, {"rel": "facets", "href": "https://data.education.gouv.fr/api/v2/catalog/datasets/fr-en-formations_diplomes/facets"}], "dataset": {"visibility": "domain", "dataset_id": "fr-en-formations_diplomes", "dataset_uid": "da_9lsfjd", "has_records": true, "features": ["analyze", "timeserie"], "attachments": [], "alternative_exports": [], "data_visible": true, "fields": [{"name": "formation_diplome", "description": "Code de la formation ou du dipl\u00f4me", "annotations": {}, "label": "Code formation dipl\u00f4me", "type": "text"}, {"name": "niveau_formation_diplome", "description": "Niveau de la formation ou du dipl\u00f4me", "annotations": {}, "label": "Niveau formation dipl\u00f4me", "type": "text"}, {"name": "groupe_specialite", "description": "Code du groupe de sp\u00e9cialit\u00e9", "annotations": {}, "label": "Code groupe de sp\u00e9cialit\u00e9", "type": "int"}, {"name": "lettre_specialite", "description": "Lettre de la sp\u00e9cialit\u00e9", "annotations": {}, "label": "Lettre sp\u00e9cialit\u00e9", "type": "text"}, {"name": "libelle_court", "description": "Libell\u00e9 court", "annotations": {}, "label": "Libell\u00e9 court", "type": "text"}, {"name": "libelle_long_200", "description": "Libell\u00e9 long formation", "annotations": {}, "label": "Libell\u00e9 long formation", "type": "text"}, {"name": "date_ouverture", "description": "Date d'ouverture", "annotations": {}, "label": "Date d'ouverture", "type": "date"}, {"name": "date_fermeture", "description": "Date de fermeture", "annotations": {}, "label": "Date de fermeture", "type": "date"}, {"name": "libelle_nature_formation_dipl", "description": "Libell\u00e9 de la nature de formation ou dipl\u00f4me", "annotations": {}, "label": "Libell\u00e9 de la nature de formation ou dipl\u00f4me", "type": "text"}, {"name": "cite_domaine_formation", "description": "Cite domaine de formation", "annotations": {}, "label": "Cite domaine de formation", "type": "text"}], "metas": {"dcat": {"created": "2025-09-19", "issued": "2025-09-19", "creator": null, "contributor": null, "contact_name": null, "contact_email": "diplome.apprentissage@education.gouv.fr", "accrualperiodicity": "daily", "spatial": "France", "temporal": "N/A", "granularity": null, "dataquality": null, "publisher_type": null, "conforms_to": null, "temporal_coverage_start": null, "temporal_coverage_end": null, "accessRights": null, "relation": null}, "default": {"title": "Codification des dipl\u00f4mes et certifications pr\u00e9par\u00e9s par la voie de l\u2019apprentissage", "description": "Cette codification permet de r\u00e9pertorier et d\u2019organiser les formations et les dipl\u00f4mes dans des nomenclatures pour faciliter leur traitement informatique. Enrichie et mise \u00e0 jour par le minist\u00e8re charg\u00e9 de l\u2019\u00e9ducation nationale, elle est mise \u00e0 disposition pour r\u00e9pondre aux besoins d\u2019autres acteurs de l\u2019\u00e9ducation. <br><br>Cette codification concerne l\u2019ensemble des dipl\u00f4mes technologiques et professionnels des minist\u00e8res charg\u00e9s de l\u2019\u00e9ducation nationale et de l\u2019agriculture. Y sont ajout\u00e9s, en tant que de besoin et \u00e0 la demande des centres de formation par l\u2019apprentissage, les autres dipl\u00f4mes et titres inscrits au r\u00e9pertoire national des certifications professionnelles (RNCP), d\u00e8s lors qu\u2019ils sont pr\u00e9par\u00e9s par la voie de l\u2019apprentissage.<br><br>Dans le premier cas, les mises \u00e0 jour sont effectu\u00e9es d\u00e8s parution des arr\u00eat\u00e9s minist\u00e9riels par les services comp\u00e9tents des deux minist\u00e8res. Dans le second cas, elles sont effectu\u00e9es p\u00e9riodiquement apr\u00e8s confirmation du renouvellement de l\u2019inscription de la certification au RNCP (renouvellement d\u2019une proc\u00e9dure d\u2019homologation ou d\u2019habilitation pour les dipl\u00f4mes inscrits de droit au RNCP comme les dipl\u00f4mes d\u2019ing\u00e9nieurs ou les licences et les masters des universit\u00e9s, ou renouvellement \u00e0 \u00e9ch\u00e9ance de l\u2019arr\u00eat\u00e9 d\u2019inscription pour toutes les certifications inscrites \u00e0 la demande).<br><br>La nomenclature est utilis\u00e9e pour la gestion et le suivi statistique des formations en \u00e9tablissement dans le second degr\u00e9 et pour l\u2019enqu\u00eate statistique Syst\u00e8me d\u2019information sur la formation des apprentis (Sifa). Elle est \u00e9galement utilis\u00e9e au moment de l\u2019enregistrement des contrats d\u2019apprentissage et reprise par les syst\u00e8mes d\u2019information des r\u00e9gions.<br><br>Ce jeu de donn\u00e9es est actualis\u00e9 quotidiennement. Si un nouveau dipl\u00f4me n\u2019appara\u00eet pas dans la liste, vous pouvez demander \u00e0 ce qu\u2019il y soit ajout\u00e9, apr\u00e8s avoir v\u00e9rifi\u00e9 qu'il est bien pr\u00e9par\u00e9 par la voie de l'apprentissage.<br><br>Syst\u00e8me de codification<br><br>La codification des dipl\u00f4mes et certifications pr\u00e9par\u00e9s par la voie de l\u2019apprentissage se traduit par un code \u00e0 8 positions.<br><br>\u00a0\u00a0\u00a0 Le 1er chiffre repr\u00e9sente le niveau interminist\u00e9riel (nomenclature de 1969).<br>\u00a0\u00a0\u00a0 Les 2e et 3e chiffres, associ\u00e9s au chiffre de niveau interminist\u00e9riel, repr\u00e9sentent le niveau de dipl\u00f4me (BTS, baccalaur\u00e9at professionnel, CAP, etc.).<br>\u00a0\u00a0\u00a0 Les 4e, 5e et 6e chiffres correspondent au groupe de sp\u00e9cialit\u00e9 de la nomenclature des sp\u00e9cialit\u00e9s de formation (NSF 1994).<br>\u00a0\u00a0\u00a0 Les 7e et 8e chiffres sont un num\u00e9ro d\u2019ordre.<br><br>La lettre de sp\u00e9cialit\u00e9 (champ d\u2019application disciplinaire ou fonction), crois\u00e9e avec le groupe de sp\u00e9cialit\u00e9, repr\u00e9sente le niveau 700 de la NSF ; elle constitue une propri\u00e9t\u00e9 compl\u00e9mentaire non int\u00e9gr\u00e9e dans l\u2019identifiant.<br><br>Nomenclatures associ\u00e9es :<br><br>Niveaux de formation<br>La nomenclature de r\u00e9f\u00e9rence est celle des niveaux de formation de la commission statistique nationale de la formation professionnelle et de la promotion sociale de mars 1969, en distinguant toutefois les niveaux II et I. Une exception est \u00e0 noter concernant les mentions compl\u00e9mentaires cod\u00e9es en 0 sans distinction entre les niveaux IV et V.<br><br>Niveaux de dipl\u00f4mes<br>Il s\u2019agit d\u2019une d\u00e9clinaison sp\u00e9cifique \u00e0 l\u2019\u00e9ducation nationale qui permet d\u2019identifier les diff\u00e9rents dipl\u00f4mes de chaque niveau. Les classes d\u00e9finies et leurs \u00e9volutions sont fortement d\u00e9termin\u00e9es par les besoins des syst\u00e8mes statistiques et de gestion. Par convention avec le minist\u00e8re de l\u2019agriculture, les CAP, baccalaur\u00e9ats technologique et professionnel, BT et BTS agricoles ont \u00e9t\u00e9 isol\u00e9s dans des classes sp\u00e9cifiques (dernier chiffre se terminant par 3 : 503, 433, 423, 403, 323, etc.) afin de faciliter les \u00e9changes avec ce minist\u00e8re.<br><br>Sp\u00e9cialit\u00e9s de formation (NSF)<br>\u00c9labor\u00e9e par l\u2019Insee dans le cadre du Conseil national de l'information statistique, la nomenclature des sp\u00e9cialit\u00e9s de formation, couvre l'ensemble des formations, quel qu'en soit le niveau : formations initiales ou continues, secondaires ou sup\u00e9rieures, professionnelles ou non.<br><p><br></p>", "theme": ["Donn\u00e9es de r\u00e9f\u00e9rence"], "keyword": ["nomenclature", "codification", "dipl\u00f4me", "certification", "apprentissage"], "license": "Licence Ouverte v2.0 (Etalab)", "license_url": "http://www.etalab.gouv.fr/wp-content/uploads/2017/04/ETALAB-Licence-Ouverte-v2.0.pdf", "language": "fr", "metadata_languages": ["fr"], "timezone": null, "modified": "2026-05-01T05:00:03.992000+00:00", "modified_updates_on_metadata_change": true, "modified_updates_on_data_change": true, "data_processed": "2026-05-01T05:00:03.992000+00:00", "metadata_processed": "2026-05-01T05:00:04.078000+00:00", "geographic_reference": null, "geographic_reference_auto": false, "territory": null, "geometry_types": null, "bbox": null, "publisher": "DEPP \u2013 Minist\u00e8re en charge de l\u2019\u00e9ducation nationale", "references": null, "records_count": 3740, "attributions": null, "source_domain": null, "source_domain_title": null, "source_domain_address": null, "source_dataset": null, "shared_catalog": null, "federated": false, "parent_domain": null, "update_frequency": ["DAILY"]}, "metadonnees-complementaires": {"date-observation": "date de la veille", "periode-donnees": "N/A", "champ": "L\u2019ensemble des dipl\u00f4mes technologiques et professionnels des minist\u00e8res charg\u00e9s de l\u2019\u00e9ducation nationale et de l\u2019agriculture. Y sont ajout\u00e9s, en tant que de besoin et \u00e0 la demande des centres de formation par l\u2019apprentissage (CFA), les autres dipl\u00f4mes et titres inscrits au r\u00e9pertoire national des certifications professionnelles (RNCP), d\u00e8s lors qu\u2019ils sont pr\u00e9par\u00e9s par la voie de l\u2019apprentissage.", "couverture-geographique": ["France"], "unite-statistique": "Les dipl\u00f4mes et certifications", "secret-statistique": null}}}}