{"links": [{"rel": "self", "href": "https://data.education.gouv.fr/api/v2/catalog/datasets/fr-en-evaluations_nationales_cm1_departement"}, {"rel": "datasets", "href": "https://data.education.gouv.fr/api/v2/catalog/datasets"}, {"rel": "records", "href": "https://data.education.gouv.fr/api/v2/catalog/datasets/fr-en-evaluations_nationales_cm1_departement/records"}, {"rel": "exports", "href": "https://data.education.gouv.fr/api/v2/catalog/datasets/fr-en-evaluations_nationales_cm1_departement/exports"}, {"rel": "facets", "href": "https://data.education.gouv.fr/api/v2/catalog/datasets/fr-en-evaluations_nationales_cm1_departement/facets"}, {"rel": "attachments", "href": "https://data.education.gouv.fr/api/v2/catalog/datasets/fr-en-evaluations_nationales_cm1_departement/attachments"}], "dataset": {"visibility": "domain", "dataset_id": "fr-en-evaluations_nationales_cm1_departement", "dataset_uid": "da_q4gkt4", "has_records": true, "features": ["timeserie", "analyze"], "attachments": [{"id": "cm1_metadonnees_2025pdf", "title": "CM1 - Metadonnees 2025.pdf", "mimetype": "application/pdf", "url": "https://data.education.gouv.fr/api/v2/catalog/datasets/fr-en-evaluations_nationales_cm1_departement/attachments/cm1_metadonnees_2025pdf"}], "alternative_exports": [], "data_visible": true, "fields": [{"name": "annee", "description": "Ann\u00e9e de passation de l'\u00e9valuation, au format YYYY", "annotations": {"facet": true, "facetsort": "-alphanum", "disjunctive": true, "sortable": true, "timeserie_precision": "year"}, "label": "Ann\u00e9e", "type": "date"}, {"name": "code_region_academique", "description": "Code de la r\u00e9gion acad\u00e9mique", "annotations": {}, "label": "Code r\u00e9gion acad\u00e9mique", "type": "text"}, {"name": "code_region_insee", "description": "Code r\u00e9gion Insee", "annotations": {}, "label": "Code r\u00e9gion Insee", "type": "text"}, {"name": "libelle_region_academique", "description": "Libell\u00e9 de la r\u00e9gion acad\u00e9mique", "annotations": {}, "label": "Libell\u00e9 r\u00e9gion acad\u00e9mique", "type": "text"}, {"name": "code_academie", "description": "Code de l'acad\u00e9mie", "annotations": {}, "label": "Code acad\u00e9mie", "type": "text"}, {"name": "libelle_academie", "description": "Libell\u00e9 de l'acad\u00e9mie", "annotations": {}, "label": "Libell\u00e9 acad\u00e9mie", "type": "text"}, {"name": "code_dept", "description": "Code du d\u00e9partement", "annotations": {}, "label": "Code d\u00e9partement", "type": "text"}, {"name": "libelle_departement", "description": "Libell\u00e9 du d\u00e9partement", "annotations": {}, "label": "Libell\u00e9 d\u00e9partement", "type": "text"}, {"name": "discipline", "description": "La discipline concern\u00e9e : Fran\u00e7ais ou Math\u00e9matiques", "annotations": {}, "label": "Discipline", "type": "text"}, {"name": "competence", "description": "Nom de la comp\u00e9tence \u00e9valu\u00e9e", "annotations": {}, "label": "Comp\u00e9tences", "type": "text"}, {"name": "comparabilite_competence", "description": "Cette variable permet d'appr\u00e9hender les ruptures de s\u00e9ries d'une ann\u00e9e sur l'autre", "annotations": {}, "label": "Comparabilit\u00e9 comp\u00e9tences", "type": "text"}, {"name": "caracteristique", "description": "Population cibl\u00e9e : Filles, Gar\u00e7ons ou Ensemble", "annotations": {}, "label": "Caract\u00e9ristiques", "type": "text"}, {"name": "taux_de_maitrise", "description": "Proportion d'\u00e9l\u00e8ves pr\u00e9sentant une ma\u00eetrise satisfaisante ", "annotations": {"decimals": 1}, "label": "Taux de ma\u00eetrise", "type": "double"}], "metas": {"dcat": {"created": "2024-05-21", "issued": "2024-05-21", "creator": "Bureaux en charge de la conception, du pilotage et des \u00e9tudes statistiques et psychom\u00e9triques sur l'\u00e9valuation des acquis des \u00e9l\u00e8ves", "contributor": null, "contact_name": null, "contact_email": null, "accrualperiodicity": "annual", "spatial": "France + Saint-Martin et Saint-Barth\u00e9lemy rattach\u00e9s \u00e0 l'acad\u00e9mie de la Guadeloupe", "temporal": "la rentr\u00e9e scolaire", "granularity": null, "dataquality": null, "publisher_type": null, "conforms_to": null, "temporal_coverage_start": "2023-09-14T22:00:00+00:00", "temporal_coverage_end": "2025-09-14T22:00:00+00:00", "accessRights": null, "relation": null}, "default": {"title": "Les \u00e9valuations nationales Rep\u00e8res CM1 par d\u00e9partement", "description": "<p>Ce jeu de donn\u00e9es contient les taux de ma\u00eetrise par d\u00e9partement des \n\u00e9l\u00e8ves de CM1 aux \u00e9valuations nationales Rep\u00e8res de fran\u00e7ais et de \nmath\u00e9matiques. Les statistiques sont issues des donn\u00e9es consolid\u00e9es. Ce \njeu de donn\u00e9es pr\u00e9sente les r\u00e9sultats par d\u00e9partement et au niveau \nnational.<br><br>Cette \u00e9valuation concerne tous les \u00e9l\u00e8ves qui entrent \nen CM1 dans toutes les \u00e9coles de France, publiques et priv\u00e9es sous \ncontrat. Elle se d\u00e9roule en d\u00e9but d'ann\u00e9e scolaire, dans le courant du \nmois de septembre. La date d'\u00e9valuation est indiqu\u00e9e comme \u00e9tant le 15 \nseptembre de chaque ann\u00e9e, elle varie de quelques jours d'un \n\u00e9tablissement \u00e0 l'autre et d'une ann\u00e9e \u00e0 l'autre.</p><p>Pour en savoir plus :</p><p><a href=\"https://www.education.gouv.fr/evaluations-2025-reperes-cm1-451790\" target=\"_blank\">Magnino L. et al., 2025, \"\u00c9valuations 2025 - Rep\u00e8res CM1- R\u00e9sultats nationaux\", </a><i><a href=\"https://www.education.gouv.fr/evaluations-2025-reperes-cm1-451790\" target=\"_blank\">Document de travail</a></i><a href=\"https://www.education.gouv.fr/evaluations-2025-reperes-cm1-451790\" target=\"_blank\"> - s\u00e9rie \u00e9tudes, n\u00b0 2025-E10, DEPP.</a></p><a href=\"https://www.education.gouv.fr/evaluations-reperes-2024-de-debut-de-cm1-des-resultats-stables-en-francais-et-en-legere-hausse-en-450066\" target=\"_blank\">Lauriane\n Magnino, Ga\u00ebl Raffy, 2025, \"\u00c9valuations Rep\u00e8res 2024 de d\u00e9but de CM1 : \ndes r\u00e9sultats stables en fran\u00e7ais et en l\u00e9g\u00e8re hausse en math\u00e9matiques\",\n Note d'Information, n\u00b0 25-18, DEPP</a>", "theme": ["Evaluation des \u00e9l\u00e8ves"], "keyword": ["CM1", "taux de maitrise", "fran\u00e7ais", "math\u00e9matiques", "premier degr\u00e9", "1er degr\u00e9", "\u00e9valuations nationales", "d\u00e9partement", "\u00e9tablissement public", "\u00e9tablissement priv\u00e9 sous contrat", "sexe"], "license": "Licence Ouverte v2.0 (Etalab)", "license_url": "http://www.etalab.gouv.fr/wp-content/uploads/2017/04/ETALAB-Licence-Ouverte-v2.0.pdf", "language": "fr", "metadata_languages": ["fr"], "timezone": null, "modified": "2026-02-27T12:59:07.752000+00:00", "modified_updates_on_metadata_change": true, "modified_updates_on_data_change": true, "data_processed": "2026-02-24T17:26:49.134000+00:00", "metadata_processed": "2026-02-27T12:59:20.149000+00:00", "geographic_reference": null, "geographic_reference_auto": false, "territory": null, "geometry_types": null, "bbox": null, "publisher": "DEPP \u2013 Minist\u00e8re en charge de l\u2019\u00e9ducation nationale", "references": null, "records_count": 15606, "attributions": null, "source_domain": null, "source_domain_title": null, "source_domain_address": null, "source_dataset": null, "shared_catalog": null, "federated": false, "parent_domain": null, "update_frequency": ["ANNUAL"]}, "metadonnees-complementaires": {"date-observation": "15/09/2025", "periode-donnees": "2023-2025", "champ": "\u00c9tablissements scolaires des secteurs public et priv\u00e9 sous contrat", "couverture-geographique": ["France + Saint-Martin et Saint-Barth\u00e9lemy rattach\u00e9es \u00e0 l\u2019acad\u00e9mie de la Guadeloupe"], "unite-statistique": "Les \u00e9l\u00e8ves de CM1", "secret-statistique": null}}}}