{"links": [{"rel": "self", "href": "https://data.education.gouv.fr/api/v2/catalog/datasets/fr-en-evaluations_nationales_2degt_departement"}, {"rel": "datasets", "href": "https://data.education.gouv.fr/api/v2/catalog/datasets"}, {"rel": "records", "href": "https://data.education.gouv.fr/api/v2/catalog/datasets/fr-en-evaluations_nationales_2degt_departement/records"}, {"rel": "exports", "href": "https://data.education.gouv.fr/api/v2/catalog/datasets/fr-en-evaluations_nationales_2degt_departement/exports"}, {"rel": "facets", "href": "https://data.education.gouv.fr/api/v2/catalog/datasets/fr-en-evaluations_nationales_2degt_departement/facets"}], "dataset": {"visibility": "domain", "dataset_id": "fr-en-evaluations_nationales_2degt_departement", "dataset_uid": "da_c9ncaa", "has_records": true, "features": ["timeserie", "analyze"], "attachments": [], "alternative_exports": [], "data_visible": true, "fields": [{"name": "annee", "description": "Ann\u00e9e de passation de l'\u00e9valuation, au format YYYY", "annotations": {"timeserie_precision": "year"}, "label": "Ann\u00e9e", "type": "date"}, {"name": "code_region_academique", "description": "Code de la r\u00e9gion acad\u00e9mique", "annotations": {}, "label": "Code r\u00e9gion acad\u00e9mique", "type": "text"}, {"name": "code_region_insee", "description": "Code r\u00e9gion Insee", "annotations": {}, "label": "Code r\u00e9gion Insee", "type": "text"}, {"name": "libelle_region_academique", "description": "Libell\u00e9 de la r\u00e9gion acad\u00e9mique", "annotations": {}, "label": "Libell\u00e9 r\u00e9gion acad\u00e9mique", "type": "text"}, {"name": "code_academie", "description": "Code de l'acad\u00e9mie", "annotations": {}, "label": "Code acad\u00e9mie", "type": "text"}, {"name": "libelle_academie", "description": "Libell\u00e9 de l'acad\u00e9mie", "annotations": {}, "label": "Libell\u00e9 acad\u00e9mie", "type": "text"}, {"name": "code_departement", "description": "Code du d\u00e9partement", "annotations": {}, "label": "Code d\u00e9partement", "type": "text"}, {"name": "libelle_departement", "description": "Libell\u00e9 du d\u00e9partement", "annotations": {}, "label": "Libell\u00e9 d\u00e9partement", "type": "text"}, {"name": "discipline", "description": "La discipline concern\u00e9e : Fran\u00e7ais ou Math\u00e9matiques", "annotations": {}, "label": "Discipline", "type": "text"}, {"name": "ips_moyen", "description": "L'IPS moyen en voie g\u00e9n\u00e9rale et technologique des lyc\u00e9es du d\u00e9partement", "annotations": {"decimals": 1}, "label": "IPS moyen", "type": "double"}, {"name": "caracteristique", "description": "Population cibl\u00e9e : Fille, Gar\u00e7on ou Ensemble", "annotations": {}, "label": "Caract\u00e9ristique", "type": "text"}, {"name": "score_moyen", "description": "Score moyen en fran\u00e7ais ou en math\u00e9matiques", "annotations": {}, "label": "Score moyen", "type": "int"}, {"name": "ecart_type", "description": "Ecart type en fran\u00e7ais ou en math\u00e9matiques", "annotations": {"decimals": 1}, "label": "Ecart type", "type": "double"}, {"name": "groupe_1", "description": "R\u00e9partition des \u00e9l\u00e8ves dans le groupe 1 (\u00e9l\u00e8ves dont le score est inf\u00e9rieur \u00e0 200 - \u00e9l\u00e8ves ayant les r\u00e9sultats les plus faibles)", "annotations": {"decimals": 1}, "label": "Groupe 1", "type": "double"}, {"name": "groupe_2", "description": "R\u00e9partition des \u00e9l\u00e8ves dans le groupe 2 (\u00e9l\u00e8ves dont le score est compris entre 200 et 225)", "annotations": {"decimals": 1}, "label": "Groupe 2", "type": "double"}, {"name": "groupe_3", "description": "R\u00e9partition des \u00e9l\u00e8ves dans le groupe 3 (\u00e9l\u00e8ves dont le score est compris entre 225 et 250)", "annotations": {"decimals": 1}, "label": "Groupe 3", "type": "double"}, {"name": "groupe_4", "description": "R\u00e9partition des \u00e9l\u00e8ves dans le groupe 4 (\u00e9l\u00e8ves dont le score est compris entre 250 et 275)", "annotations": {"decimals": 1}, "label": "Groupe 4", "type": "double"}, {"name": "groupe_5", "description": "R\u00e9partition des \u00e9l\u00e8ves dans le groupe 5 (\u00e9l\u00e8ves dont le score est compris entre 275 et 300)", "annotations": {"decimals": 1}, "label": "Groupe 5", "type": "double"}, {"name": "groupe_6", "description": "R\u00e9partition des \u00e9l\u00e8ves dans le groupe 6 (\u00e9l\u00e8ves dont le score est sup\u00e9rieur \u00e0 300 - \u00e9l\u00e8ves ayant les r\u00e9sultats les plus \u00e9lev\u00e9s)", "annotations": {"decimals": 1}, "label": "Groupe 6", "type": "double"}], "metas": {"dcat": {"created": "2025-01-26", "issued": "2025-03-06", "creator": "Bureaux en charge de la conception, du pilotage et des \u00e9tudes statistiques et psychom\u00e9triques sur l'\u00e9valuation des acquis des \u00e9l\u00e8ves", "contributor": null, "contact_name": null, "contact_email": null, "accrualperiodicity": "annual", "spatial": "France + Saint-Martin et Saint-Barth\u00e9lemy rattach\u00e9es \u00e0 l\u2019acad\u00e9mie de la Guadeloupe", "temporal": "la rentr\u00e9e scolaire", "granularity": null, "dataquality": null, "publisher_type": null, "conforms_to": null, "temporal_coverage_start": "2019-09-14T22:00:00+00:00", "temporal_coverage_end": "2025-09-14T22:00:00+00:00", "accessRights": null, "relation": null}, "default": {"title": "R\u00e9sultats consolid\u00e9s aux \u00e9valuations nationales de d\u00e9but de seconde g\u00e9n\u00e9rale et technologique par d\u00e9partement", "description": "<p>Ce jeu de donn\u00e9es contient les scores moyens et les \u00e9carts types, \nainsi que les r\u00e9partitions dans les groupes des \u00e9l\u00e8ves de seconde \ng\u00e9n\u00e9rale et technologique aux tests de positonnement de fran\u00e7ais et de \nmath\u00e9matiques. Les statistiques sont issues des donn\u00e9es consolid\u00e9es. Les\n donn\u00e9es sont pr\u00e9sent\u00e9es par d\u00e9partement et au niveau national.<br><br>Cette\n \u00e9valuation se d\u00e9roule en septembre chaque ann\u00e9e pour tous les \u00e9l\u00e8ves de\n seconde g\u00e9n\u00e9rale et technologique des \u00e9tablissements publics et priv\u00e9s \nsous contrat. La date d'\u00e9valuation est indiqu\u00e9e comme \u00e9tant le 15 \nseptembre de chaque ann\u00e9e, elle varie de quelques jours d'un \n\u00e9tablissement \u00e0 l'autre et d'une ann\u00e9e \u00e0 l'autre.</p><p>Depuis 2020, les\n acad\u00e9mies de Caen et de Rouen constituent l\u2019acad\u00e9mie de Normandie. Les \ndonn\u00e9es sont pr\u00e9sent\u00e9es selon ce d\u00e9coupage afin d\u2019en faciliter la \nlecture.<br><br>Pour en savoir plus :</p><p><a href=\"https://www.education.gouv.fr/test-de-positionnement-de-seconde-2024-des-resultats-en-baisse-en-francais-depuis-2021-en-hausse-en-450228\" target=\"_blank\">Vincent\n Bernigole, Luc Cheung Kivan Yeun, Marina Hick, Vicky Kass-Canonge, \nNathalie Marin,Patrice Virieux, 2025, \"Test de positionnement de seconde\n 2024 : des r\u00e9sultats en baisse en fran\u00e7ais depuis 2021, en hausse en \nmath\u00e9matiques en seconde g\u00e9n\u00e9rale et technologique et stables en seconde\n professionnelle\", </a><i><a href=\"https://www.education.gouv.fr/test-de-positionnement-de-seconde-2024-des-resultats-en-baisse-en-francais-depuis-2021-en-hausse-en-450228\" target=\"_blank\">Note d'Information</a></i><a href=\"https://www.education.gouv.fr/test-de-positionnement-de-seconde-2024-des-resultats-en-baisse-en-francais-depuis-2021-en-hausse-en-450228\" target=\"_blank\">, n\u00b0 25-24, DEPP</a></p><p><br></p>", "theme": ["Evaluation des \u00e9l\u00e8ves"], "keyword": ["seconde", "second degr\u00e9", "2nd degr\u00e9", "\u00e9valuations nationales", "score", "fran\u00e7ais", "math\u00e9matiques", "sexe", "d\u00e9partement", "lyc\u00e9e"], "license": "Licence Ouverte v2.0 (Etalab)", "license_url": "http://www.etalab.gouv.fr/wp-content/uploads/2017/04/ETALAB-Licence-Ouverte-v2.0.pdf", "language": "fr", "metadata_languages": ["fr"], "timezone": null, "modified": "2026-02-27T11:50:49.174000+00:00", "modified_updates_on_metadata_change": true, "modified_updates_on_data_change": true, "data_processed": "2026-02-27T11:50:49.174000+00:00", "metadata_processed": "2026-02-27T11:50:49.301000+00:00", "geographic_reference": null, "geographic_reference_auto": false, "territory": null, "geometry_types": null, "bbox": null, "publisher": "DEPP \u2013 Minist\u00e8re en charge de l\u2019\u00e9ducation nationale", "references": null, "records_count": 4284, "attributions": null, "source_domain": null, "source_domain_title": null, "source_domain_address": null, "source_dataset": null, "shared_catalog": null, "federated": false, "parent_domain": null, "update_frequency": ["ANNUAL"]}, "metadonnees-complementaires": {"date-observation": "15/09/2025", "periode-donnees": "2019-2025", "champ": "Public et priv\u00e9 sous contrat sous tutelle du minist\u00e8re de l'\u00e9ducation nationale", "couverture-geographique": ["France + Saint-Martin et Saint-Barth\u00e9lemy rattach\u00e9es \u00e0 l\u2019acad\u00e9mie de la Guadeloupe"], "unite-statistique": "Les \u00e9l\u00e8ves de seconde g\u00e9n\u00e9rale et technologique", "secret-statistique": null}}}}