{"links": [{"rel": "self", "href": "https://data.education.gouv.fr/api/v2/catalog/datasets/fr-en-etablissements-labellises-euroscol"}, {"rel": "datasets", "href": "https://data.education.gouv.fr/api/v2/catalog/datasets"}, {"rel": "records", "href": "https://data.education.gouv.fr/api/v2/catalog/datasets/fr-en-etablissements-labellises-euroscol/records"}, {"rel": "exports", "href": "https://data.education.gouv.fr/api/v2/catalog/datasets/fr-en-etablissements-labellises-euroscol/exports"}, {"rel": "facets", "href": "https://data.education.gouv.fr/api/v2/catalog/datasets/fr-en-etablissements-labellises-euroscol/facets"}], "dataset": {"visibility": "domain", "dataset_id": "fr-en-etablissements-labellises-euroscol", "dataset_uid": "da_36bnzm", "has_records": true, "features": ["geo", "analyze", "custom_view"], "attachments": [], "alternative_exports": [], "data_visible": true, "fields": [{"name": "academie", "description": "Nom de l'acad\u00e9mie", "annotations": {"facet": true, "disjunctive": true, "sortable": true}, "label": "Academie", "type": "text"}, {"name": "rne", "description": "Identifiant de l'\u00e9tablissement", "annotations": {"facet": true, "disjunctive": true, "sortable": true}, "label": "RNE", "type": "text"}, {"name": "niveau_etablissement", "description": "Niveau de l'\u00e9tablissement", "annotations": {"facet": true, "disjunctive": true, "sortable": true}, "label": "Niveau_etablissement", "type": "text"}, {"name": "niveau_etablissement_simplifie", "description": "Niveau de l'\u00e9tablissement simplfi\u00e9", "annotations": {"facet": true}, "label": "Niveau_etablissement_simplifie", "type": "text"}, {"name": "nom_etablissement", "description": "Nom de l'\u00e9tablissement", "annotations": {"sortable": true}, "label": "Nom_etablissement", "type": "text"}, {"name": "adresse", "description": "Adresse", "annotations": {}, "label": "Adresse", "type": "text"}, {"name": "code_postal", "description": "Code postal", "annotations": {"facet": true, "sortable": true, "disjunctive": true, "facetsort": "-count"}, "label": "code_postal", "type": "text"}, {"name": "ville", "description": "Ville", "annotations": {"facet": true, "disjunctive": true, "sortable": true}, "label": "ville", "type": "text"}, {"name": "telephone", "description": "Num\u00e9ro de t\u00e9l\u00e9phone", "annotations": {"facetsort": "-count"}, "label": "telephone", "type": "text"}, {"name": "mail", "description": "Adresse mail de l'\u00e9tablissement", "annotations": {}, "label": "mail", "type": "text"}, {"name": "caracteristiques_du_choix_de_cet_etablissement", "description": "Crit\u00e8res de choix de cet \u00e9tablissement", "annotations": {}, "label": "caracteristiques_du_choix_de_cet_etablissement", "type": "text"}, {"name": "latitude", "description": "Latitude", "annotations": {}, "label": "latitude", "type": "double"}, {"name": "longitude", "description": "Longitude", "annotations": {}, "label": "longitude", "type": "double"}, {"name": "position", "description": "Position g\u00e9ographique", "annotations": {}, "label": "position", "type": "geo_point_2d"}, {"name": "code_region_2016", "description": "Code r\u00e9gion", "annotations": {}, "label": "Code_region", "type": "int"}, {"name": "libelle_region_2016", "description": "Libell\u00e9 r\u00e9gion", "annotations": {"facet": true}, "label": "Libelle_region", "type": "text"}, {"name": "section_binationale", "description": "indique si l'\u00e9tablissement poss\u00e8de une section binationale", "annotations": {}, "label": "section_binationale", "type": "int"}, {"name": "section_europeenne_orientale", "description": "indique si l'\u00e9tablissement poss\u00e8de une section europ\u00e9enne ou orientale", "annotations": {}, "label": "section_europeenne_orientale", "type": "int"}, {"name": "section_internationale", "description": "\tindique si l'\u00e9tablissement poss\u00e8de une section internationale", "annotations": {}, "label": "section_internationale", "type": "int"}, {"name": "lycee_metiers", "description": "Indique si l'\u00e9tablissement est labellis\u00e9 \"lyc\u00e9e des m\u00e9tiers\"", "annotations": {}, "label": "lycee_metiers", "type": "int"}, {"name": "rep", "description": "Indique si l'\u00e9tablissement est situ\u00e9 en r\u00e9seau d'\u00e9ducation prioritaire (REP)", "annotations": {}, "label": "REP", "type": "int"}, {"name": "rep_plus", "description": "Indique si l'\u00e9tablissement est situ\u00e9 en r\u00e9seau d'\u00e9ducation prioritaire renforc\u00e9 (REP+)", "annotations": {}, "label": "REP_plus", "type": "int"}], "metas": {"dcat": {"created": "2019-10-14", "issued": "2020-12-16", "creator": null, "contributor": null, "contact_name": null, "contact_email": null, "accrualperiodicity": "Ponctuelle", "spatial": "France", "temporal": "2019-2040", "granularity": null, "dataquality": null, "publisher_type": null, "conforms_to": null, "temporal_coverage_start": "2018-12-31T23:00:00+00:00", "temporal_coverage_end": "2040-12-30T23:00:00+00:00", "accessRights": null, "relation": null}, "default": {"title": "\u00c9tablissements labellis\u00e9s Euroscol", "description": "<div class=\"ods-asset-customview-crosslink\"><p>Cet actif a \u00e9t\u00e9 li\u00e9 \u00e0 l'actif suivant : <a href=\"/explore/assets/visualisation-fr-en-etablissements-labellises-euroscol/\">\u00c9tablissements labellis\u00e9s Euroscol - Visualization</a></p><hr></div><p>Le label \u00ab Euroscol \u00bb vise \u00e0 reconna\u00eetre la mobilisation des \u00e9coles et des \u00e9tablissements scolaires publics ou priv\u00e9s sous contrat s'inscrivant dans une dynamique europ\u00e9enne, par le portage et la participation \u00e0 des projets et par la construction de parcours europ\u00e9ens dans la perspective de la cr\u00e9ation d'un Espace europ\u00e9en de l'\u00e9ducation.<br></p><p>Plus d'informations sur <a href=\"https://eduscol.education.fr/1098/euroscol-le-label-des-ecoles-et-des-etablissements-scolaires\">https://eduscol.education.fr/1098/euroscol-le-label-des-ecoles-et-des-etablissements-scolaires</a></p><p></p><p></p>", "theme": ["Etablissements (dont IPS)", "Politique \u00e9ducative (dont \u00e9ducation prioritaire)", "Organisation du syst\u00e8me scolaire"], "keyword": ["\u00e9tablissements", "label"], "license": "Licence Ouverte v2.0 (Etalab)", "license_url": "http://www.etalab.gouv.fr/wp-content/uploads/2017/04/ETALAB-Licence-Ouverte-v2.0.pdf", "language": "fr", "metadata_languages": ["fr"], "timezone": null, "modified": "2026-02-02T19:58:11.354000+00:00", "modified_updates_on_metadata_change": true, "modified_updates_on_data_change": true, "data_processed": "2026-01-29T18:29:52.968000+00:00", "metadata_processed": "2026-02-02T19:58:14.170000+00:00", "geographic_reference": ["world_fr", "world_be"], "geographic_reference_auto": true, "territory": ["France", "Belgium"], "geometry_types": ["Point"], "bbox": {"type": "Feature", "geometry": {"coordinates": [[[55.76738451607525, 51.05135677848011], [-61.59395336173475, 51.05135677848011], [-61.59395336173475, -21.381414863280952], [55.76738451607525, -21.381414863280952], [55.76738451607525, 51.05135677848011]]], "type": "Polygon"}, "properties": {}}, "publisher": "DREIC - Minist\u00e8re de l'\u00e9ducation nationale", "references": null, "records_count": 1672, "attributions": null, "source_domain": null, "source_domain_title": null, "source_domain_address": null, "source_dataset": null, "shared_catalog": null, "federated": false, "parent_domain": null, "update_frequency": null}, "metadonnees-complementaires": {"date-observation": null, "periode-donnees": null, "champ": null, "couverture-geographique": null, "unite-statistique": null, "secret-statistique": null}}}}