{"links": [{"rel": "self", "href": "https://data.education.gouv.fr/api/v2/catalog/datasets/fr-en-effectifs-specialites-triplettes-1ere-generale"}, {"rel": "datasets", "href": "https://data.education.gouv.fr/api/v2/catalog/datasets"}, {"rel": "records", "href": "https://data.education.gouv.fr/api/v2/catalog/datasets/fr-en-effectifs-specialites-triplettes-1ere-generale/records"}, {"rel": "exports", "href": "https://data.education.gouv.fr/api/v2/catalog/datasets/fr-en-effectifs-specialites-triplettes-1ere-generale/exports"}, {"rel": "facets", "href": "https://data.education.gouv.fr/api/v2/catalog/datasets/fr-en-effectifs-specialites-triplettes-1ere-generale/facets"}], "dataset": {"visibility": "domain", "dataset_id": "fr-en-effectifs-specialites-triplettes-1ere-generale", "dataset_uid": "da_g9qfsb", "has_records": true, "features": ["timeserie", "analyze"], "attachments": [], "alternative_exports": [], "data_visible": true, "fields": [{"name": "rentree_scolaire", "description": "Ann\u00e9e de rentr\u00e9e scolaire sous la forme YYYY (par exemple : 2019 pour l'ann\u00e9e scolaire 2019-2020)", "annotations": {"facet": true, "facetsort": "-count", "timeserie_precision": "year"}, "label": "RENTREE SCOLAIRE", "type": "date"}, {"name": "code_regacad", "description": "code g\u00e9ographique r\u00e9gion acad\u00e9mique", "annotations": {}, "label": "code r\u00e9gion acad\u00e9mique", "type": "text"}, {"name": "region_academique", "description": "Nom de la r\u00e9gion acad\u00e9mique de l'\u00e9tablissement scolaire", "annotations": {"facet": true}, "label": "REGION ACADEMIQUE", "type": "text"}, {"name": "code_acad", "description": "code g\u00e9ographique acad\u00e9mie", "annotations": {}, "label": "code acad\u00e9mie", "type": "text"}, {"name": "academie", "description": "Nom de l'acad\u00e9mie \u00e0 laquelle appartient l'\u00e9tablissement scolaire", "annotations": {"facet": true, "facetsort": "alphanum", "sortable": true}, "label": "ACADEMIE", "type": "text"}, {"name": "code_dep", "description": "code g\u00e9ographique d\u00e9partement", "annotations": {}, "label": "code d\u00e9partement", "type": "text"}, {"name": "departement", "description": "Nom du d\u00e9partement d'implantation de l'\u00e9tablissement scolaire", "annotations": {"facet": true, "facetsort": "alphanum", "sortable": true}, "label": "DEPARTEMENT", "type": "text"}, {"name": "commune", "description": "Nom de la commune d'implantation de l'\u00e9tablissement scolaire", "annotations": {"facet": true}, "label": "COMMUNE", "type": "text"}, {"name": "numero_etablissement", "description": "Identifiant de l'\u00e9tablissement scolaire (UAI)", "annotations": {"facet": true, "sortable": true}, "label": "UAI", "type": "text"}, {"name": "denomination_principale", "description": "D\u00e9nomination de l'\u00e9tablissement scolaire : ECOLE, COLLEGE, LYCEE POLYVALENT, AUTRE", "annotations": {}, "label": "DENOMINATION PRINCIPALE", "type": "text"}, {"name": "patronyme", "description": "Nom de l'\u00e9tablissement scolaire", "annotations": {"facet": true}, "label": "PATRONYME", "type": "text"}, {"name": "secteur", "description": "Secteur d'enseignement de l'\u00e9tablissement scolaire : public / priv\u00e9", "annotations": {"facet": true}, "label": "SECTEUR", "type": "text"}, {"name": "effectif_total", "description": "Effectif total des \u00e9l\u00e8ves de l'\u00e9tablissement en premi\u00e8re d'enseignement de sp\u00e9cialit\u00e9", "annotations": {"facetsort": "-count"}, "label": "EFFECTIF TOTAL", "type": "int"}, {"name": "effectif_total_filles", "description": "Effectif total de filles en premi\u00e8re d'enseignement de sp\u00e9cialit\u00e9", "annotations": {"facetsort": "-count"}, "label": "EFFECTIF TOTAL FILLES", "type": "int"}, {"name": "effectif_total_garcons", "description": "Effectif total de gar\u00e7ons en premi\u00e8re d'enseignement de sp\u00e9cialit\u00e9", "annotations": {"facetsort": "-count"}, "label": "EFFECTIF TOTAL GARCONS", "type": "int"}, {"name": "0105_humanites_litterature_et_philosophie_filles", "description": "Nombre de filles en HUMANITES, LITTERATURE ET PHILOSOPHIE", "annotations": {"facetsort": "-count"}, "label": "0105 - HUMANITES, LITTERATURE ET PHILOSOPHIE - filles", "type": "int"}, {"name": "0105_humanites_litterature_et_philosophie_garcons", "description": "Nombre de gar\u00e7ons en HUMANITES, LITTERATURE ET PHILOSOPHIE", "annotations": {"facetsort": "-count"}, "label": "0105 - HUMANITES, LITTERATURE ET PHILOSOPHIE - gar\u00e7ons", "type": "int"}, {"name": "0241_litterature_et_lca_latin_filles", "description": "Nombre de filles en LITTERATURE ET LCA LATIN", "annotations": {"facetsort": "-count"}, "label": "0241 - LITTERATURE ET LCA LATIN - filles", "type": "int"}, {"name": "0241_litterature_et_lca_latin_garcons", "description": "Nombre de gar\u00e7ons en LITTERATURE ET LCA LATIN", "annotations": {"facetsort": "-count"}, "label": "0241 - LITTERATURE ET LCA LATIN - gar\u00e7ons", "type": "int"}, {"name": "0242_litterature_et_lca_grec_filles", "description": "Nombre de filles en LITTERATURE ET LCA GREC", "annotations": {"facetsort": "-count"}, "label": "0242 - LITTERATURE ET LCA GREC - filles", "type": "int"}, {"name": "0242_litterature_et_lca_grec_garcons", "description": "Nombre de gar\u00e7ons en LITTERATURE ET LCA GREC", "annotations": {"facetsort": "-count"}, "label": "0242 - LITTERATURE ET LCA GREC - gar\u00e7ons", "type": "int"}, {"name": "0300_langues_litterature_et_cultures_etrangeres_et_regionales_filles", "description": "Nombre de filles en LANGUES, LITTERATURE ET CULTURES ETRANGERES ET REGIONALES", "annotations": {"facetsort": "-count"}, "label": "0300 - LANGUES, LITTERATURE ET CULTURES ETRANGERES ET REGIONALES - filles", "type": "int"}, {"name": "0300_langues_litterature_et_cultures_etrangeres_et_regionales_garcons", "description": "Nombre de gar\u00e7ons en LANGUES, LITTERATURE ET CULTURES ETRANGERES ET REGIONALES", "annotations": {}, "label": "0300 - LANGUES, LITTERATURE ET CULTURES ETRANGERES ET REGIONALES - gar\u00e7ons", "type": "int"}, {"name": "0439_hist_geo_geopolitique_sc_politiques_filles", "description": "Nombre de filles en HIST.-GEO. GEOPOLITIQUE & SC.POLITIQUES", "annotations": {"facetsort": "-count"}, "label": "0439 - HIST.-GEO. GEOPOLITIQUE & SC.POLITIQUES - filles", "type": "int"}, {"name": "0439_hist_geo_geopolitique_sc_politiques_garcons", "description": "Nombre de gar\u00e7ons en HIST.-GEO. GEOPOLITIQUE & SC.POLITIQUES", "annotations": {"facetsort": "-count"}, "label": "0439 - HIST.-GEO. GEOPOLITIQUE & SC.POLITIQUES - gar\u00e7ons", "type": "int"}, {"name": "0507_sciences_economiques_et_sociales_filles", "description": "Nombre de filles en SCIENCES ECONOMIQUES ET SOCIALES", "annotations": {"facetsort": "-count"}, "label": "0507 - SCIENCES ECONOMIQUES ET SOCIALES - filles", "type": "int"}, {"name": "0507_sciences_economiques_et_sociales_garcons", "description": "Nombre de gar\u00e7ons en SCIENCES ECONOMIQUES ET SOCIALES", "annotations": {"facetsort": "-count"}, "label": "0507 - SCIENCES ECONOMIQUES ET SOCIALES - gar\u00e7ons", "type": "int"}, {"name": "0613_mathematiques_filles", "description": "Nombre de filles en MATHEMATIQUES", "annotations": {"facetsort": "-count"}, "label": "0613 - MATHEMATIQUES - filles", "type": "int"}, {"name": "0613_mathematiques_garcons", "description": "Nombre de gar\u00e7ons en MATHEMATIQUES", "annotations": {"facetsort": "-count"}, "label": "0613 - MATHEMATIQUES - gar\u00e7ons", "type": "int"}, {"name": "0623_physique_chimie_filles", "description": "Nombre de filles en PHYSIQUE-CHIMIE", "annotations": {"facetsort": "-count"}, "label": "0623 - PHYSIQUE-CHIMIE - filles", "type": "int"}, {"name": "0623_physique_chimie_garcons", "description": "Nombre de gar\u00e7ons en PHYSIQUE-CHIMIE", "annotations": {"facetsort": "-count"}, "label": "0623 - PHYSIQUE-CHIMIE - gar\u00e7ons", "type": "int"}, {"name": "0629_sciences_de_la_vie_et_de_la_terre_filles", "description": "Nombre de filles en SCIENCES DE LA VIE ET DE LA TERRE", "annotations": {"facetsort": "-count"}, "label": "0629 - SCIENCES DE LA VIE ET DE LA TERRE - filles", "type": "int"}, {"name": "0629_sciences_de_la_vie_et_de_la_terre_garcons", "description": "Nombre de gar\u00e7ons en SCIENCES DE LA VIE ET DE LA TERRE", "annotations": {"facetsort": "-count"}, "label": "0629 - SCIENCES DE LA VIE ET DE LA TERRE - gar\u00e7ons", "type": "int"}, {"name": "0673_sciences_de_l_ingenieur_filles", "description": "Nombre de filles en SCIENCES DE L'INGENIEUR", "annotations": {"facetsort": "-count"}, "label": "0673 - SCIENCES DE L'INGENIEUR - filles", "type": "int"}, {"name": "0673_sciences_de_l_ingenieur_garcons", "description": "Nombre de gar\u00e7ons en SCIENCES DE L'INGENIEUR", "annotations": {"facetsort": "-count"}, "label": "0673 - SCIENCES DE L'INGENIEUR - gar\u00e7ons", "type": "int"}, {"name": "0747_numerique_et_sciences_informatiques_filles", "description": "Nombre de filles en NUMERIQUE ET SCIENCES INFORMATIQUES", "annotations": {"facetsort": "-count"}, "label": "0747 - NUMERIQUE ET SCIENCES INFORMATIQUES - filles", "type": "int"}, {"name": "0747_numerique_et_sciences_informatiques_garcons", "description": "Nombre de gar\u00e7ons en NUMERIQUE ET SCIENCES INFORMATIQUES", "annotations": {"facetsort": "-count"}, "label": "0747 - NUMERIQUE ET SCIENCES INFORMATIQUES - gar\u00e7ons", "type": "int"}, {"name": "0825_danse_filles", "description": "Nombre de filles en DANSE", "annotations": {"facetsort": "-count"}, "label": "0825 - DANSE - filles", "type": "int"}, {"name": "0825_danse_garcons", "description": "Nombre de gar\u00e7ons en DANSE", "annotations": {"facetsort": "-count"}, "label": "0825 - DANSE - gar\u00e7ons", "type": "int"}, {"name": "0832_musique_filles", "description": "Nombre de filles en MUSIQUE", "annotations": {"facetsort": "-count"}, "label": "0832 - MUSIQUE - filles", "type": "int"}, {"name": "0832_musique_garcons", "description": "Nombre de gar\u00e7ons en MUSIQUE", "annotations": {"facetsort": "-count"}, "label": "0832 - MUSIQUE - gar\u00e7ons", "type": "int"}, {"name": "0901_arts_plastiques_filles_39", "description": "Nombre de filles en ARTS PLASTIQUES", "annotations": {"facetsort": "-count"}, "label": "0901 - ARTS PLASTIQUES - filles", "type": "int"}, {"name": "0901_arts_plastiques_garcons_40", "description": "Nombre de gar\u00e7ons en ARTS PLASTIQUES", "annotations": {"facetsort": "-count"}, "label": "0901 - ARTS PLASTIQUES - gar\u00e7ons", "type": "int"}, {"name": "2757_histoire_des_arts_filles", "description": "Nombre de filles en HISTOIRE DES ARTS", "annotations": {"facetsort": "-count"}, "label": "2757 - HISTOIRE DES ARTS - filles", "type": "int"}, {"name": "2757_histoire_des_arts_garcons", "description": "Nombre de gar\u00e7ons en HISTOIRE DES ARTS", "annotations": {"facetsort": "-count"}, "label": "2757 - HISTOIRE DES ARTS - gar\u00e7ons", "type": "int"}, {"name": "2785_theatre_filles", "description": "Nombre de filles en THEATRE", "annotations": {"facetsort": "-count"}, "label": "2785 - THEATRE - filles", "type": "int"}, {"name": "2785_theatre_garcons", "description": "Nombre de gar\u00e7ons en THEATRE", "annotations": {"facetsort": "-count"}, "label": "2785 - THEATRE - gar\u00e7ons", "type": "int"}, {"name": "2786_arts_du_cirque_filles", "description": "Nombre de filles en ARTS DU CIRQUE", "annotations": {"facetsort": "-count"}, "label": "2786 - ARTS DU CIRQUE - filles", "type": "int"}, {"name": "2786_arts_du_cirque_garcons", "description": "Nombre de gar\u00e7ons en ARTS DU CIRQUE", "annotations": {"facetsort": "-count"}, "label": "2786 - ARTS DU CIRQUE - gar\u00e7ons", "type": "int"}, {"name": "2852_cinema_audiovisuel_filles", "description": "Nombre de filles en CINEMA-AUDIOVISUEL", "annotations": {"facetsort": "-count"}, "label": "2852 - CINEMA-AUDIOVISUEL - filles", "type": "int"}, {"name": "2852_cinema_audiovisuel_garcons", "description": "Nombre de gar\u00e7ons en CINEMA-AUDIOVISUEL", "annotations": {"facetsort": "-count"}, "label": "2852 - CINEMA-AUDIOVISUEL - gar\u00e7ons", "type": "int"}, {"name": "3045_biologie_ecologie_filles", "description": "Nombre de filles en BIOLOGIE-ECOLOGIE", "annotations": {"facetsort": "-count"}, "label": "3045 - BIOLOGIE-ECOLOGIE - filles", "type": "int"}, {"name": "3045_biologie_ecologie_garcons", "description": "Nombre de gar\u00e7ons en BIOLOGIE-ECOLOGIE", "annotations": {}, "label": "3045 - BIOLOGIE-ECOLOGIE - gar\u00e7ons", "type": "int"}, {"name": "01_mathematiques_physique_chimie_sciences_de_la_vie_et_de_la_terre_filles", "description": "Nombre de filles en MATHEMATIQUES/PHYSIQUE-CHIMIE/SCIENCES DE LA VIE ET DE LA TERRE", "annotations": {"facetsort": "-count"}, "label": "01 - MATHEMATIQUES/PHYSIQUE-CHIMIE/SCIENCES DE LA VIE ET DE LA TERRE - filles", "type": "int"}, {"name": "01_mathematiques_physique_chimie_sciences_de_la_vie_et_de_la_terre_garcons", "description": "Nombre de gar\u00e7ons en MATHEMATIQUES/PHYSIQUE-CHIMIE/SCIENCES DE LA VIE ET DE LA TERRE", "annotations": {"facetsort": "-count"}, "label": "01 - MATHEMATIQUES/PHYSIQUE-CHIMIE/SCIENCES DE LA VIE ET DE LA TERRE - gar\u00e7ons", "type": "int"}, {"name": "02_hist_geo_geopolitique_sc_politiques_langues_litt_et_cultures_etra_et_r_sciences_economiques_et_so", "description": "Nombre de filles en HIST.-GEO. GEOPOLITIQUE & SC.POLITIQUES/LANGUES, LITT. ET CULTURES ETRA. ET R./SCIENCES ECONOMIQUES ET SOCIALES", "annotations": {"facetsort": "-count"}, "label": "02 - HIST.-GEO. GEOPOLITIQUE & SC.POLITIQUES/LANGUES, LITT. ET CULTURES ETRA. ET R./SCIENCES ECONOMIQUES ET SOCIALES - filles", "type": "int"}, {"name": "02_hist_geo_geopolitique_sc_politiques_langues_litt_et_cultures_etra_et_r_sciences_economiques_et_s0", "description": "Nombre de gar\u00e7ons en HIST.-GEO. GEOPOLITIQUE & SC.POLITIQUES/LANGUES, LITT. ET CULTURES ETRA. ET R./SCIENCES ECONOMIQUES ET SOCIALES", "annotations": {"facetsort": "-count"}, "label": "02 - HIST.-GEO. GEOPOLITIQUE & SC.POLITIQUES/LANGUES, LITT. ET CULTURES ETRA. ET R./SCIENCES ECONOMIQUES ET SOCIALES - gar\u00e7ons", "type": "int"}, {"name": "03_hist_geo_geopolitique_sc_politiques_mathematiques_sciences_economiques_et_sociales_filles", "description": "Nombre de filles en HIST.-GEO. GEOPOLITIQUE & SC.POLITIQUES/MATHEMATIQUES/SCIENCES ECONOMIQUES ET SOCIALES", "annotations": {"facetsort": "-count"}, "label": "03 - HIST.-GEO. GEOPOLITIQUE & SC.POLITIQUES/MATHEMATIQUES/SCIENCES ECONOMIQUES ET SOCIALES - filles", "type": "int"}, {"name": "03_hist_geo_geopolitique_sc_politiques_mathematiques_sciences_economiques_et_sociales_garcons", "description": "Nombre de gar\u00e7ons en HIST.-GEO. GEOPOLITIQUE & SC.POLITIQUES/MATHEMATIQUES/SCIENCES ECONOMIQUES ET SOCIALES", "annotations": {"facetsort": "-count"}, "label": "03 - HIST.-GEO. GEOPOLITIQUE & SC.POLITIQUES/MATHEMATIQUES/SCIENCES ECONOMIQUES ET SOCIALES - gar\u00e7ons", "type": "int"}, {"name": "04_hist_geo_geopolitique_sc_politiques_humanites_litterature_et_philosophie_sciences_economiques_et", "description": "Nombre de filles en HIST.-GEO. GEOPOLITIQUE & SC.POLITIQUES/HUMANITES, LITTERATURE ET PHILOSOPHIE/SCIENCES ECONOMIQUES ET SOCIALES", "annotations": {"facetsort": "-count"}, "label": "04 - HIST.-GEO. GEOPOLITIQUE & SC.POLITIQUES/HUMANITES, LITTERATURE ET PHILOSOPHIE/SCIENCES ECONOMIQUES ET SOCIALES - filles", "type": "int"}, {"name": "04_hist_geo_geopolitique_sc_politiques_humanites_litterature_et_philosophie_sciences_economiques_et0", "description": "Nombre de gar\u00e7ons en HIST.-GEO. GEOPOLITIQUE & SC.POLITIQUES/HUMANITES, LITTERATURE ET PHILOSOPHIE/SCIENCES ECONOMIQUES ET SOCIALES", "annotations": {}, "label": "04 - HIST.-GEO. GEOPOLITIQUE & SC.POLITIQUES/HUMANITES, LITTERATURE ET PHILOSOPHIE/SCIENCES ECONOMIQUES ET SOCIALES - gar\u00e7ons", "type": "int"}, {"name": "05_mathematiques_numerique_et_sciences_informatiques_physique_chimie_filles", "description": "Nombre de filles en MATHEMATIQUES/NUMERIQUE ET SCIENCES INFORMATIQUES/PHYSIQUE-CHIMIE", "annotations": {"facetsort": "-count"}, "label": "05 - MATHEMATIQUES/NUMERIQUE ET SCIENCES INFORMATIQUES/PHYSIQUE-CHIMIE - filles", "type": "int"}, {"name": "05_mathematiques_numerique_et_sciences_informatiques_physique_chimie_garcons", "description": "Nombre de gar\u00e7ons en MATHEMATIQUES/NUMERIQUE ET SCIENCES INFORMATIQUES/PHYSIQUE-CHIMIE", "annotations": {"facetsort": "-count"}, "label": "05 - MATHEMATIQUES/NUMERIQUE ET SCIENCES INFORMATIQUES/PHYSIQUE-CHIMIE - gar\u00e7ons", "type": "int"}, {"name": "06_hist_geo_geopolitique_sc_politiques_humanites_litterature_et_philosophie_langues_litt_et_cultures", "description": "Nombre de filles en HIST.-GEO. GEOPOLITIQUE & SC.POLITIQUES/HUMANITES, LITTERATURE ET PHILOSOPHIE/LANGUES, LITT. ET CULTURES ETRA. ET R.", "annotations": {"facetsort": "-count"}, "label": "06 - HIST.-GEO. GEOPOLITIQUE & SC.POLITIQUES/HUMANITES, LITTERATURE ET PHILOSOPHIE/LANGUES, LITT. ET CULTURES ETRA. ET R. - filles", "type": "int"}, {"name": "06_hist_geo_geopolitique_sc_politiques_humanites_litterature_et_philosophie_langues_litt_et_culture0", "description": "Nombre de gar\u00e7ons en HIST.-GEO. GEOPOLITIQUE & SC.POLITIQUES/HUMANITES, LITTERATURE ET PHILOSOPHIE/LANGUES, LITT. ET CULTURES ETRA. ET R.", "annotations": {"facetsort": "-count"}, "label": "06 - HIST.-GEO. GEOPOLITIQUE & SC.POLITIQUES/HUMANITES, LITTERATURE ET PHILOSOPHIE/LANGUES, LITT. ET CULTURES ETRA. ET R. - gar\u00e7ons", "type": "int"}, {"name": "07_mathematiques_physique_chimie_sciences_de_l_ingenieur_filles", "description": "Nombre de filles en MATHEMATIQUES/PHYSIQUE-CHIMIE/SCIENCES DE L INGENIEUR", "annotations": {"facetsort": "-count"}, "label": "07 - MATHEMATIQUES/PHYSIQUE-CHIMIE/SCIENCES DE L INGENIEUR - filles", "type": "int"}, {"name": "07_mathematiques_physique_chimie_sciences_de_l_ingenieur_garcons", "description": "Nombre de gar\u00e7ons en MATHEMATIQUES/PHYSIQUE-CHIMIE/SCIENCES DE L INGENIEUR", "annotations": {"facetsort": "-count"}, "label": "07 - MATHEMATIQUES/PHYSIQUE-CHIMIE/SCIENCES DE L INGENIEUR - gar\u00e7ons", "type": "int"}, {"name": "08_mathematiques_physique_chimie_sciences_economiques_et_sociales_filles", "description": "Nombre de filles en MATHEMATIQUES/PHYSIQUE-CHIMIE/SCIENCES ECONOMIQUES ET SOCIALES", "annotations": {"facetsort": "-count"}, "label": "08 - MATHEMATIQUES/PHYSIQUE-CHIMIE/SCIENCES ECONOMIQUES ET SOCIALES - filles", "type": "int"}, {"name": "08_mathematiques_physique_chimie_sciences_economiques_et_sociales_garcons", "description": "Nombre de gar\u00e7ons en MATHEMATIQUES/PHYSIQUE-CHIMIE/SCIENCES ECONOMIQUES ET SOCIALES", "annotations": {"facetsort": "-count"}, "label": "08 - MATHEMATIQUES/PHYSIQUE-CHIMIE/SCIENCES ECONOMIQUES ET SOCIALES - gar\u00e7ons", "type": "int"}, {"name": "09_langues_litt_et_cultures_etra_et_r_mathematiques_sciences_economiques_et_sociales_filles", "description": "Nombre de filles en LANGUES, LITT. ET CULTURES ETRA. ET R./MATHEMATIQUES/SCIENCES ECONOMIQUES ET SOCIALES", "annotations": {"facetsort": "-count"}, "label": "09 - LANGUES, LITT. ET CULTURES ETRA. ET R./MATHEMATIQUES/SCIENCES ECONOMIQUES ET SOCIALES - filles", "type": "int"}, {"name": "09_langues_litt_et_cultures_etra_et_r_mathematiques_sciences_economiques_et_sociales_garcons", "description": "Nombre de gar\u00e7ons en LANGUES, LITT. ET CULTURES ETRA. ET R./MATHEMATIQUES/SCIENCES ECONOMIQUES ET SOCIALES", "annotations": {"facetsort": "-count"}, "label": "09 - LANGUES, LITT. ET CULTURES ETRA. ET R./MATHEMATIQUES/SCIENCES ECONOMIQUES ET SOCIALES - gar\u00e7ons", "type": "int"}, {"name": "10_mathematiques_sciences_economiques_et_sociales_sciences_de_la_vie_et_de_la_terre_filles", "description": "Nombre de filles en MATHEMATIQUES/SCIENCES ECONOMIQUES ET SOCIALES/SCIENCES DE LA VIE ET DE LA TERRE", "annotations": {"facetsort": "-count"}, "label": "10 - MATHEMATIQUES/SCIENCES ECONOMIQUES ET SOCIALES/SCIENCES DE LA VIE ET DE LA TERRE - filles", "type": "int"}, {"name": "10_mathematiques_sciences_economiques_et_sociales_sciences_de_la_vie_et_de_la_terre_garcons", "description": "Nombre de gar\u00e7ons en MATHEMATIQUES/SCIENCES ECONOMIQUES ET SOCIALES/SCIENCES DE LA VIE ET DE LA TERRE", "annotations": {"facetsort": "-count"}, "label": "10 - MATHEMATIQUES/SCIENCES ECONOMIQUES ET SOCIALES/SCIENCES DE LA VIE ET DE LA TERRE - gar\u00e7ons", "type": "int"}, {"name": "11_hist_geo_geopolitique_sc_politiques_sciences_economiques_et_sociales_sciences_de_la_vie_et_de_la", "description": "Nombre de filles en HIST.-GEO. GEOPOLITIQUE & SC.POLITIQUES/SCIENCES ECONOMIQUES ET SOCIALES/SCIENCES DE LA VIE ET DE LA TERRE", "annotations": {"facetsort": "-count"}, "label": "11 - HIST.-GEO. GEOPOLITIQUE & SC.POLITIQUES/SCIENCES ECONOMIQUES ET SOCIALES/SCIENCES DE LA VIE ET DE LA TERRE - filles", "type": "int"}, {"name": "11_hist_geo_geopolitique_sc_politiques_sciences_economiques_et_sociales_sciences_de_la_vie_et_de_la0", "description": "Nombre de gar\u00e7ons en HIST.-GEO. GEOPOLITIQUE & SC.POLITIQUES/SCIENCES ECONOMIQUES ET SOCIALES/SCIENCES DE LA VIE ET DE LA TERRE", "annotations": {}, "label": "11 - HIST.-GEO. GEOPOLITIQUE & SC.POLITIQUES/SCIENCES ECONOMIQUES ET SOCIALES/SCIENCES DE LA VIE ET DE LA TERRE - gar\u00e7ons", "type": "int"}, {"name": "12_humanites_litterature_et_philosophie_langues_litt_et_cultures_etra_et_r_sciences_economiques_et_s", "description": "Nombre de filles en HUMANITES, LITTERATURE ET PHILOSOPHIE/LANGUES, LITT. ET CULTURES ETRA. ET R./SCIENCES ECONOMIQUES ET SOCIALES", "annotations": {"facetsort": "-count"}, "label": "12 - HUMANITES, LITTERATURE ET PHILOSOPHIE/LANGUES, LITT. ET CULTURES ETRA. ET R./SCIENCES ECONOMIQUES ET SOCIALES - filles", "type": "int"}, {"name": "12_humanites_litterature_et_philosophie_langues_litt_et_cultures_etra_et_r_sciences_economiques_et_0", "description": "Nombre de gar\u00e7ons en HUMANITES, LITTERATURE ET PHILOSOPHIE/LANGUES, LITT. ET CULTURES ETRA. ET R./SCIENCES ECONOMIQUES ET SOCIALES", "annotations": {}, "label": "12 - HUMANITES, LITTERATURE ET PHILOSOPHIE/LANGUES, LITT. ET CULTURES ETRA. ET R./SCIENCES ECONOMIQUES ET SOCIALES - gar\u00e7ons", "type": "int"}, {"name": "13_langues_litt_et_cultures_etra_et_r_mathematiques_physique_chimie_filles", "description": "Nombre de filles en LANGUES, LITT. ET CULTURES ETRA. ET R./MATHEMATIQUES/PHYSIQUE-CHIMIE", "annotations": {"facetsort": "-count"}, "label": "13 - LANGUES, LITT. ET CULTURES ETRA. ET R./MATHEMATIQUES/PHYSIQUE-CHIMIE - filles", "type": "int"}, {"name": "13_langues_litt_et_cultures_etra_et_r_mathematiques_physique_chimie_garcons", "description": "Nombre de gar\u00e7ons en LANGUES, LITT. ET CULTURES ETRA. ET R./MATHEMATIQUES/PHYSIQUE-CHIMIE", "annotations": {"facetsort": "-count"}, "label": "13 - LANGUES, LITT. ET CULTURES ETRA. ET R./MATHEMATIQUES/PHYSIQUE-CHIMIE - gar\u00e7ons", "type": "int"}, {"name": "14_hist_geo_geopolitique_sc_politiques_mathematiques_physique_chimie_filles", "description": "Nombre de filles en HIST.-GEO. GEOPOLITIQUE & SC.POLITIQUES/MATHEMATIQUES/PHYSIQUE-CHIMIE", "annotations": {"facetsort": "-count"}, "label": "14 - HIST.-GEO. GEOPOLITIQUE & SC.POLITIQUES/MATHEMATIQUES/PHYSIQUE-CHIMIE - filles", "type": "int"}, {"name": "14_hist_geo_geopolitique_sc_politiques_mathematiques_physique_chimie_garcons", "description": "Nombre de gar\u00e7ons en HIST.-GEO. GEOPOLITIQUE & SC.POLITIQUES/MATHEMATIQUES/PHYSIQUE-CHIMIE", "annotations": {"facetsort": "-count"}, "label": "14 - HIST.-GEO. GEOPOLITIQUE & SC.POLITIQUES/MATHEMATIQUES/PHYSIQUE-CHIMIE - gar\u00e7ons", "type": "int"}, {"name": "15_langues_litt_et_cultures_etra_et_r_sciences_economiques_et_sociales_sciences_de_la_vie_et_de_la_t", "description": "Nombre de filles en LANGUES, LITT. ET CULTURES ETRA. ET R./SCIENCES ECONOMIQUES ET SOCIALES/SCIENCES DE LA VIE ET DE LA TERRE", "annotations": {"facetsort": "-count"}, "label": "15 - LANGUES, LITT. ET CULTURES ETRA. ET R./SCIENCES ECONOMIQUES ET SOCIALES/SCIENCES DE LA VIE ET DE LA TERRE - filles", "type": "int"}, {"name": "15_langues_litt_et_cultures_etra_et_r_sciences_economiques_et_sociales_sciences_de_la_vie_et_de_la_0", "description": "Nombre de gar\u00e7ons en LANGUES, LITT. ET CULTURES ETRA. ET R./SCIENCES ECONOMIQUES ET SOCIALES/SCIENCES DE LA VIE ET DE LA TERRE", "annotations": {"facetsort": "-count"}, "label": "15 - LANGUES, LITT. ET CULTURES ETRA. ET R./SCIENCES ECONOMIQUES ET SOCIALES/SCIENCES DE LA VIE ET DE LA TERRE - gar\u00e7ons", "type": "int"}, {"name": "16_langues_litt_et_cultures_etra_et_r_mathematiques_sciences_de_la_vie_et_de_la_terre_filles", "description": "Nombre de filles en LANGUES, LITT. ET CULTURES ETRA. ET R./MATHEMATIQUES/SCIENCES DE LA VIE ET DE LA TERRE", "annotations": {"facetsort": "-count"}, "label": "16 - LANGUES, LITT. ET CULTURES ETRA. ET R./MATHEMATIQUES/SCIENCES DE LA VIE ET DE LA TERRE - filles", "type": "int"}, {"name": "16_langues_litt_et_cultures_etra_et_r_mathematiques_sciences_de_la_vie_et_de_la_terre_garcons", "description": "Nombre de gar\u00e7ons en LANGUES, LITT. ET CULTURES ETRA. ET R./MATHEMATIQUES/SCIENCES DE LA VIE ET DE LA TERRE", "annotations": {"facetsort": "-count"}, "label": "16 - LANGUES, LITT. ET CULTURES ETRA. ET R./MATHEMATIQUES/SCIENCES DE LA VIE ET DE LA TERRE - gar\u00e7ons", "type": "int"}, {"name": "17_hist_geo_geopolitique_sc_politiques_mathematiques_sciences_de_la_vie_et_de_la_terre_filles", "description": "Nombre de filles en HIST.-GEO. GEOPOLITIQUE & SC.POLITIQUES/MATHEMATIQUES/SCIENCES DE LA VIE ET DE LA TERRE", "annotations": {"facetsort": "-count"}, "label": "17 - HIST.-GEO. GEOPOLITIQUE & SC.POLITIQUES/MATHEMATIQUES/SCIENCES DE LA VIE ET DE LA TERRE - filles", "type": "int"}, {"name": "17_hist_geo_geopolitique_sc_politiques_mathematiques_sciences_de_la_vie_et_de_la_terre_garcons", "description": "Nombre de gar\u00e7ons en HIST.-GEO. GEOPOLITIQUE & SC.POLITIQUES/MATHEMATIQUES/SCIENCES DE LA VIE ET DE LA TERRE", "annotations": {"facetsort": "-count"}, "label": "17 - HIST.-GEO. GEOPOLITIQUE & SC.POLITIQUES/MATHEMATIQUES/SCIENCES DE LA VIE ET DE LA TERRE - gar\u00e7ons", "type": "int"}, {"name": "18_hist_geo_geopolitique_sc_politiques_langues_litt_et_cultures_etra_et_r_mathematiques_filles", "description": "Nombre de filles en HIST.-GEO. GEOPOLITIQUE & SC.POLITIQUES/LANGUES, LITT. ET CULTURES ETRA. ET R./MATHEMATIQUES", "annotations": {"facetsort": "-count"}, "label": "18 - HIST.-GEO. GEOPOLITIQUE & SC.POLITIQUES/LANGUES, LITT. ET CULTURES ETRA. ET R./MATHEMATIQUES - filles", "type": "int"}, {"name": "18_hist_geo_geopolitique_sc_politiques_langues_litt_et_cultures_etra_et_r_mathematiques_garcons", "description": "Nombre de gar\u00e7ons en HIST.-GEO. GEOPOLITIQUE & SC.POLITIQUES/LANGUES, LITT. ET CULTURES ETRA. ET R./MATHEMATIQUES", "annotations": {"facetsort": "-count"}, "label": "18 - HIST.-GEO. GEOPOLITIQUE & SC.POLITIQUES/LANGUES, LITT. ET CULTURES ETRA. ET R./MATHEMATIQUES - gar\u00e7ons", "type": "int"}, {"name": "autres_combinaisons_filles", "description": "Nombre de AUTRES COMBINAISONS en filles", "annotations": {"facetsort": "-count"}, "label": "AUTRES COMBINAISONS - filles", "type": "int"}, {"name": "autres_combinaisons_garcons", "description": "Nombre de AUTRES COMBINAISONS en gar\u00e7ons", "annotations": {"facetsort": "-count"}, "label": "AUTRES COMBINAISONS - gar\u00e7ons", "type": "int"}, {"name": "1087_educ_physique_pratique_cult_sportive_filles", "description": "Nombre de filles en EDUC.PHYSIQUE PRATIQUE & CULT.SPORTIVE", "annotations": {"facetsort": "-count"}, "label": "1087 - EDUC.PHYSIQUE PRATIQUE & CULT.SPORTIVE - filles", "type": "int"}, {"name": "1087_educ_physique_pratique_cult_sportive_garcons", "description": "Nombre de gar\u00e7ons en EDUC.PHYSIQUE PRATIQUE & CULT.SPORTIVE", "annotations": {"facetsort": "-count"}, "label": "1087 - EDUC.PHYSIQUE PRATIQUE & CULT.SPORTIVE - gar\u00e7ons", "type": "int"}, {"name": "code_commune", "description": null, "annotations": {}, "label": "code_commune", "type": "text"}], "metas": {"dcat": {"created": "2021-05-14", "issued": "2021-06-27", "creator": null, "contributor": null, "contact_name": null, "contact_email": null, "accrualperiodicity": "Annuelle", "spatial": null, "temporal": "Rentr\u00e9e scolaire", "granularity": null, "dataquality": null, "publisher_type": null, "conforms_to": null, "temporal_coverage_start": "2020-09-30T22:00:00+00:00", "temporal_coverage_end": "2024-09-30T22:00:00+00:00", "accessRights": null, "relation": null}, "default": {"title": "Effectifs dans les enseignements de sp\u00e9cialit\u00e9s en Premi\u00e8re g\u00e9n\u00e9rale", "description": "<table border=\"0\" cellpadding=\"0\" cellspacing=\"0\" width=\"668\"><colgroup><col width=\"668\"/></colgroup><tbody><tr height=\"260\">\n  <td class=\"xl65\" height=\"260\" style=\"height:195.0pt;width:501pt\" width=\"668\">Ce jeu\n  de donn\u00e9es contient les donn\u00e9es sur les effectifs d'\u00e9l\u00e8ves de premi\u00e8re\n  g\u00e9n\u00e9rale dans les enseignements de sp\u00e9cialit\u00e9 par sp\u00e9cialit\u00e9 et par\n  principales combinaisons.<br>\n    <br>\n    En classe de premi\u00e8re g\u00e9n\u00e9rale, les \u00e9l\u00e8ves choisissent 3 enseignements de\n  sp\u00e9cialit\u00e9. Ce jeu de donn\u00e9es permet de voir les sp\u00e9cialit\u00e9s les plus ou moins\n  choisies ainsi que les principales combinaisons d'enseignements de\n  sp\u00e9cialit\u00e9s. Les donn\u00e9es sont d\u00e9clin\u00e9es par \u00e9tablissement et ventil\u00e9es selon le sexe.<br>\n    <br>\n    Observation \u00e0 la rentr\u00e9e : d\u00e9but octobre de chaque ann\u00e9e.<br>\n    <br>\n    Date de la derni\u00e8re observation 01/10/2024.<br>\n    <br>\n    Pour en savoir plus :<br>\n    Notes d'information <a href=\"https://www.education.gouv.fr/les-choix-d-enseignements-de-specialite-et-d-enseignements-optionnels-la-rentree-2024-416644\" target=\"_blank\">25.10</a> ; <a href=\"https://www.education.gouv.fr/les-choix-d-enseignements-de-specialite-et-d-enseignements-optionnels-la-rentree-2023-413847\" target=\"_blank\">24.06</a></td>\n</tr></tbody></table><span style='font-size:10.5pt;font-family:\"Segoe UI\",sans-serif;color:#333333;mso-fareast-language:FR'></span>", "theme": ["El\u00e8ves, \u00e9tudiants, et apprentis"], "keyword": ["sp\u00e9cialit\u00e9s", "premi\u00e8re g\u00e9n\u00e9rale", "effectifs", "enseignements", "\u00e9l\u00e8ves"], "license": "Licence Ouverte v2.0 (Etalab)", "license_url": "http://www.etalab.gouv.fr/wp-content/uploads/2017/04/ETALAB-Licence-Ouverte-v2.0.pdf", "language": "fr", "metadata_languages": ["fr"], "timezone": null, "modified": "2026-02-06T22:24:41.436000+00:00", "modified_updates_on_metadata_change": true, "modified_updates_on_data_change": true, "data_processed": "2026-01-29T16:20:56.036000+00:00", "metadata_processed": "2026-02-06T22:24:42.714000+00:00", "geographic_reference": ["world_fr"], "geographic_reference_auto": true, "territory": ["France"], "geometry_types": null, "bbox": null, "publisher": "DEPP \u2013 Minist\u00e8re en charge de l\u2019\u00e9ducation nationale", "references": null, "records_count": 9059, "attributions": null, "source_domain": null, "source_domain_title": null, "source_domain_address": null, "source_dataset": null, "shared_catalog": null, "federated": false, "parent_domain": null, "update_frequency": null}, "metadonnees-complementaires": {"date-observation": "01/10/2024", "periode-donnees": "2021-2024", "champ": "Les \u00e9l\u00e8ves de premi\u00e8re g\u00e9n\u00e9rale sous statut scolaire inscrits dans les \u00e9tablissements relevant du minist\u00e8re charg\u00e9 de l'\u00e9ducation nationale (y compris EREA)", "couverture-geographique": ["France + COM (Saint-Martin rattach\u00e9 \u00e0 la Guadeloupe) + Nouvelle Cal\u00e9donie"], "unite-statistique": "\u00c9l\u00e8ves", "secret-statistique": null}}}}