{"links": [{"rel": "self", "href": "https://data.education.gouv.fr/api/v2/catalog/datasets/fr-en-ecoles-ep"}, {"rel": "datasets", "href": "https://data.education.gouv.fr/api/v2/catalog/datasets"}, {"rel": "records", "href": "https://data.education.gouv.fr/api/v2/catalog/datasets/fr-en-ecoles-ep/records"}, {"rel": "exports", "href": "https://data.education.gouv.fr/api/v2/catalog/datasets/fr-en-ecoles-ep/exports"}, {"rel": "facets", "href": "https://data.education.gouv.fr/api/v2/catalog/datasets/fr-en-ecoles-ep/facets"}], "dataset": {"visibility": "domain", "dataset_id": "fr-en-ecoles-ep", "dataset_uid": "da_jjz5xo", "has_records": true, "features": ["geo", "analyze"], "attachments": [], "alternative_exports": [], "data_visible": true, "fields": [{"name": "id", "description": "Concat\u00e9nation de la rentr\u00e9e scolaire et du num\u00e9ro de l'\u00e9cole", "annotations": {"id": true, "sortable": true}, "label": "Identifiant de l'\u00e9tablissement dans la base", "type": "text"}, {"name": "rs", "description": "La rentr\u00e9e scolaire N correspond \u00e0 l'ann\u00e9e scolaire N/N+1", "annotations": {"facetsort": "-count", "facet": true}, "label": "Rentr\u00e9e scolaire", "type": "int"}, {"name": "uai", "description": "Identifiant de l'\u00e9cole sur 8 caract\u00e8res\n", "annotations": {"facet": true}, "label": "Num\u00e9ro \u00e9cole", "type": "text"}, {"name": "appartep", "description": "Appartenance \u00e0 un groupe d'\u00e9coles relevant de l'\u00e9ducation prioritaire ou non (HEP) \u00e0 la rentr\u00e9e scolaire N\n", "annotations": {"facet": true}, "label": "Appartenance EP", "type": "text"}, {"name": "typeetab", "description": "Code de la cat\u00e9gorie d'\u00e9tablissement par regroupement de formations", "annotations": {}, "label": "Type \u00e9tablissement code", "type": "int"}, {"name": "typeetabn", "description": "Nom g\u00e9n\u00e9rique de la cat\u00e9gorie d'\u00e9tablissement par regroupement de formations", "annotations": {"facet": true}, "label": "Type \u00e9tablissement nom", "type": "text"}, {"name": "patronyme", "description": "Patronyme de l'\u00e9cole", "annotations": {"facet": true}, "label": "Patronyme", "type": "text"}, {"name": "xlamb93", "description": "Coordonn\u00e9e g\u00e9ographique X de l'\u00e9cole en Lambert 93 pour la m\u00e9tropole, UTM zone 20 N(WGS 84) pour Guadeloupe et Martinique, UTM zone 22 N (WGS 84) pour la Guyane, UTM zone 38 S (WGS 84) pour Mayotte et UTM 40 S (RGR 92) pour La R\u00e9union.", "annotations": {}, "label": "coordonn\u00e9e X", "type": "double"}, {"name": "ylamb93", "description": "Coordonn\u00e9e g\u00e9ographique Y de l'\u00e9cole en Lambert 93 pour la m\u00e9tropole, UTM zone 20 N(WGS 84) pour Guadeloupe et Martinique, UTM zone 22 N (WGS 84) pour la Guyane, UTM zone 38 S (WGS 84) pour Mayotte et UTM 40 S (RGR 92) pour La R\u00e9union.", "annotations": {}, "label": "coordonn\u00e9e Y", "type": "double"}, {"name": "secteur", "description": "Code du secteur d'enseignement", "annotations": {}, "label": "Secteur code", "type": "int"}, {"name": "secteurn", "description": "Nom du secteur d'enseignement", "annotations": {"facet": true}, "label": "Secteur nom", "type": "text"}, {"name": "sensible", "description": "Indicatrice d'appartenance \u00e0 la cat\u00e9gorie des \u00e9tablissements dits \"sensibles\"", "annotations": {"facet": true}, "label": "Etablissement sensible", "type": "text"}, {"name": "zonage9", "description": "Cat\u00e9gorie de la commune de l'\u00e9cole en aires urbaines 2010", "annotations": {}, "label": "CATAEU2010", "type": "int"}, {"name": "zonage3", "description": "Situation de l'\u00e9cole : dans une commune urbaine / dans une commune interm\u00e9diaire / dans une commune rurale (cat\u00e9gorie de la commune de l'\u00e9cole en 3 zones)", "annotations": {"facet": true}, "label": "Situation relative \u00e0 une zone rurale ou autre", "type": "text"}, {"name": "commune", "description": "Code INSEE de la commune d'implantation de l'\u00e9cole sur 5 caract\u00e8res", "annotations": {"facetsort": "-count"}, "label": "Commune code", "type": "text"}, {"name": "communen", "description": "Nom de la commune d'implantation de l'\u00e9cole", "annotations": {}, "label": "Commune nom", "type": "text"}, {"name": "arrond", "description": "Code de la commune d'implantation de l'\u00e9cole, au niveau des arrondissements pour Paris, Lyon et Marseille", "annotations": {"facetsort": "-count"}, "label": "Commune et arrondissement code", "type": "text"}, {"name": "arrondn", "description": "Nom de la commune d'implantation de l'\u00e9cole, et nom de l'arrondissement pour Paris, Lyon et Marseille", "annotations": {}, "label": "Commune et arrondissement nom", "type": "text"}, {"name": "dept", "description": "Code INSEE du d\u00e9partement d'implantation de l'\u00e9cole", "annotations": {"facetsort": "-count", "facet": true}, "label": "D\u00e9partement code", "type": "text"}, {"name": "deptn", "description": "Nom du d\u00e9partement d'implantation de l'\u00e9cole", "annotations": {"facet": true}, "label": "D\u00e9partement nom", "type": "text"}, {"name": "acad", "description": "Code de l'acad\u00e9mie d'implantation de l'\u00e9cole", "annotations": {"facet": true}, "label": "Acad\u00e9mie code", "type": "text"}, {"name": "acadn", "description": "Nom de l'acad\u00e9mie d'implantation de l'\u00e9cole", "annotations": {"facet": true}, "label": "Acad\u00e9mie nom", "type": "text"}, {"name": "region", "description": "Code de la r\u00e9gion d'implantation de l'\u00e9cole", "annotations": {"facet": true}, "label": "R\u00e9gion code", "type": "text"}, {"name": "regionn", "description": "Nom de la r\u00e9gion d'implantation de l'\u00e9cole", "annotations": {"facet": true}, "label": "R\u00e9gion nom", "type": "text"}, {"name": "nvlleregion", "description": "Code de la  nouvelle r\u00e9gion d'implantation de l'\u00e9cole", "annotations": {"facet": true}, "label": "R\u00e9gion 2016 code", "type": "text"}, {"name": "nvlleregionn", "description": "Nom de la nouvelle r\u00e9gion d'implantation de l'\u00e9cole", "annotations": {}, "label": "R\u00e9gion 2016 nom", "type": "text"}, {"name": "nbeleves", "description": "Effectif d'\u00e9l\u00e8ves \u00e0 la rentr\u00e9e N dans l'\u00e9cole", "annotations": {}, "label": "Nb eleves", "type": "int"}, {"name": "rpidisperse", "description": "Existence d'un regroupement p\u00e9dagogique intercommunal (RPI) dispers\u00e9 : structure p\u00e9dagogique d'enseignement dont l'existence repose sur un accord contractuel entre communes (les \u00e9l\u00e8ves sont regroup\u00e9s par niveau scolaire sur plusieurs sites)  rentr\u00e9e N", "annotations": {}, "label": "RPI dispers\u00e9", "type": "text"}, {"name": "nbclasses", "description": "Nombre de classes rentr\u00e9e N dans l'\u00e9cole", "annotations": {}, "label": "Nb classes", "type": "int"}, {"name": "nbentrants6e", "description": "Effectif d'\u00e9l\u00e8ves entrant en 6\u00e8me hors SEGPA dans un coll\u00e8ge de France m\u00e9tropolitaine + 5 DOM \u00e0 la rentr\u00e9e N, scolaris\u00e9s dans l'\u00e9cole en CM2 ou CM1 \u00e0 la rentr\u00e9e N-1", "annotations": {}, "label": "Nb entrants 6e", "type": "int"}, {"name": "nbeleves2ans", "description": "Effectif d'\u00e9l\u00e8ves de 2 ans dans le pr\u00e9\u00e9l\u00e9m\u00e9ntaire rentr\u00e9e N dans l'\u00e9cole", "annotations": {}, "label": "Nb \u00e9l\u00e8ves de 2 ans", "type": "int"}, {"name": "nbelevespreelementaire", "description": "Effectif d'\u00e9l\u00e8ves dans le pr\u00e9\u00e9l\u00e9m\u00e9ntaire rentr\u00e9e N dans l'\u00e9cole", "annotations": {}, "label": "Nb \u00e9l\u00e8ves dans pr\u00e9\u00e9l\u00e9mentaire", "type": "int"}, {"name": "enspreelementaire", "description": "Indicatrice d'existence d'un enseignement pr\u00e9\u00e9l\u00e9mentaire dans l'\u00e9cole \u00e0 la rentr\u00e9e N", "annotations": {}, "label": "Enseignement pr\u00e9\u00e9l\u00e9mentaire", "type": "int"}, {"name": "nbreseau", "description": "Si l'\u00e9cole appartient \u00e0 un r\u00e9seau REP ou REP+ : nombre de UAI (coll\u00e8ges) t\u00eates de ce r\u00e9seau \u00e0 la rentr\u00e9e N (\u00e0 partir de la rentr\u00e9e 2015)", "annotations": {"facetsort": "-count"}, "label": "Nb coll\u00e8ges t\u00eates de r\u00e9seau", "type": "int"}, {"name": "reseau", "description": "Si l'\u00e9cole appartient \u00e0 un r\u00e9seau REP ou REP+ : UAI du coll\u00e8ge t\u00eate de ce r\u00e9seau, rentr\u00e9e N (\u00e0 partir de la rentr\u00e9e 2015)", "annotations": {}, "label": "Coll\u00e8ge t\u00eate de r\u00e9seau", "type": "text"}, {"name": "reseau2", "description": "Si l'\u00e9cole appartient \u00e0 un r\u00e9seau REP ou REP+ : \u00e9ventuellement, UAI du second coll\u00e8ge t\u00eate du r\u00e9seau \u00e0 la rentr\u00e9e N (\u00e0 partir de la rentr\u00e9e 2015)", "annotations": {}, "label": "Coll\u00e8ge t\u00eate de r\u00e9seau 2", "type": "text"}, {"name": "nbclasseselementaires", "description": "Nombre de classes \u00e9l\u00e9mentaires dans l'\u00e9cole \u00e0 la rentr\u00e9e N", "annotations": {"facetsort": "-count"}, "label": "Nb classes \u00e9l\u00e9mentaires", "type": "int"}, {"name": "latitude", "description": "Latitude WGS84", "annotations": {}, "label": "Latitude", "type": "double"}, {"name": "longitude", "description": "Longitude WGS84", "annotations": {}, "label": "Longitude", "type": "double"}, {"name": "position", "description": "Latitude et longitude", "annotations": {"facetsort": "-count"}, "label": "Position", "type": "geo_point_2d"}, {"name": "codetypecommunedepp", "description": "code typologie des communes de la DEPP \nUne typologie des communes en neuf cat\u00e9gories a \u00e9t\u00e9 \u00e9tablie par la DEPP (MEN) pour d\u00e9crire le syst\u00e8me \u00e9ducatif.\nCette caract\u00e9risation du territoire, bas\u00e9e sur un croisement d\u2019approches morphologique et fonctionnelle, permet de distinguer plusieurs types de communes rurales et urbaines.\nL\u2019approche par les unit\u00e9s urbaines donne le contour global de la ruralit\u00e9, correspondant aux communes hors unit\u00e9 urbaine. La ruralit\u00e9 est ensuite d\u00e9clin\u00e9e selon l\u2019appartenance des communes aux espaces sous l\u2019influence des grands p\u00f4les urbains (selon le zonage en aires urbaines), et leur classement dans la grille de densit\u00e9: le rural \u00e9loign\u00e9 peu et tr\u00e8s peu dense, le rural p\u00e9riph\u00e9rique peu et tr\u00e8s peu dense.\nCes crit\u00e8res de distinction sont \u00e9tendus aux communes urbaines: l\u2019urbain tr\u00e8s dense, dense et p\u00e9riph\u00e9rique peu dense, ces trois cat\u00e9gories \u00e9tant sous influence des p\u00f4les urbains; les petites villes et les bourgs, hors influence de ces p\u00f4les. La carte de France m\u00e9tropolitaine en neuf types qui en r\u00e9sulte refl\u00e8te la morphologie du territoire avec une surrepr\u00e9sentation des communes rurales tr\u00e8s peu denses sur la diagonale sud-ouest et nord-est, ainsi que dans les zones montagneuses. De nombreuses communes de type \u00abrural p\u00e9riph\u00e9rique\u00bb se situent dans le Bassin parisien, compte tenu notamment de l\u2019\u00e9tendue de l\u2019aire urbaine de Paris.", "annotations": {"facet": true}, "label": "typologieCommuneDEPP", "type": "text"}, {"name": "libelletypecommunedepp", "description": "libell\u00e9 correspondant au code typologie des communes de la DEPP ", "annotations": {"facet": true}, "label": "libelleTypologieCommuneDEPP", "type": "text"}], "metas": {"dcat": {"created": "2016-10-24", "issued": null, "creator": null, "contributor": null, "contact_name": null, "contact_email": null, "accrualperiodicity": "Annuelle", "spatial": "France", "temporal": "2011-2019", "granularity": null, "dataquality": null, "publisher_type": null, "conforms_to": null, "temporal_coverage_start": "2010-12-31T23:00:00+00:00", "temporal_coverage_end": "2019-12-30T23:00:00+00:00", "accessRights": null, "relation": null}, "default": {"title": "\u00c9coles \u00e9ducation prioritaire", "description": "<p>Indicateurs relatifs \u00e0 l'\u00e9ducation prioritaire pour les \u00e9coles</p>", "theme": ["Etablissements (dont IPS)", "Politique \u00e9ducative (dont \u00e9ducation prioritaire)"], "keyword": ["\u00e9ducation prioritaire", "\u00e9tablissement", "\u00e9cole", "\u00e9l\u00e8ves", "REP", "REP+"], "license": "Licence Ouverte v2.0 (Etalab)", "license_url": "http://www.etalab.gouv.fr/wp-content/uploads/2017/04/ETALAB-Licence-Ouverte-v2.0.pdf", "language": "fr", "metadata_languages": ["fr"], "timezone": null, "modified": "2026-01-29T18:36:59.885000+00:00", "modified_updates_on_metadata_change": false, "modified_updates_on_data_change": true, "data_processed": "2026-01-29T18:36:59.885000+00:00", "metadata_processed": "2026-01-29T18:37:00.025000+00:00", "geographic_reference": ["world"], "geographic_reference_auto": true, "territory": ["World"], "geometry_types": ["Point"], "bbox": {"type": "Feature", "geometry": {"coordinates": [[[55.82406537607312, 51.071840724907815], [-63.10094168409705, 51.071840724907815], [-63.10094168409705, -21.38549010269344], [55.82406537607312, -21.38549010269344], [55.82406537607312, 51.071840724907815]]], "type": "Polygon"}, "properties": {}}, "publisher": "DGESCO - Minist\u00e8re de l'\u00e9ducation nationale", "references": null, "records_count": 417147, "attributions": null, "source_domain": null, "source_domain_title": null, "source_domain_address": null, "source_dataset": null, "shared_catalog": null, "federated": false, "parent_domain": null, "update_frequency": null}, "metadonnees-complementaires": {"date-observation": null, "periode-donnees": null, "champ": null, "couverture-geographique": null, "unite-statistique": null, "secret-statistique": null}}}}