{"links": [{"rel": "self", "href": "https://data.education.gouv.fr/api/v2/catalog/datasets/fr-en-demandes-decisions-orientation-fin-3e"}, {"rel": "datasets", "href": "https://data.education.gouv.fr/api/v2/catalog/datasets"}, {"rel": "records", "href": "https://data.education.gouv.fr/api/v2/catalog/datasets/fr-en-demandes-decisions-orientation-fin-3e/records"}, {"rel": "exports", "href": "https://data.education.gouv.fr/api/v2/catalog/datasets/fr-en-demandes-decisions-orientation-fin-3e/exports"}, {"rel": "facets", "href": "https://data.education.gouv.fr/api/v2/catalog/datasets/fr-en-demandes-decisions-orientation-fin-3e/facets"}], "dataset": {"visibility": "domain", "dataset_id": "fr-en-demandes-decisions-orientation-fin-3e", "dataset_uid": "da_bw27pc", "has_records": true, "features": ["analyze"], "attachments": [], "alternative_exports": [], "data_visible": true, "fields": [{"name": "annee_scolaire", "description": null, "annotations": {"facet": true, "timeserie_precision": "hour", "facetsort": "num"}, "label": "Ann\u00e9e scolaire", "type": "int"}, {"name": "region_academique", "description": null, "annotations": {"facet": true, "sortable": true, "facetsort": "alphanum", "disjunctive": true}, "label": "R\u00e9gion acad\u00e9mique", "type": "text"}, {"name": "academie", "description": null, "annotations": {"facet": true, "facetsort": "alphanum", "disjunctive": true, "sortable": true}, "label": "Acad\u00e9mie", "type": "text"}, {"name": "demandes_filles_2egt", "description": null, "annotations": {}, "label": "Demandes Filles 2eGT", "type": "double"}, {"name": "demandes_filles_cap", "description": null, "annotations": {}, "label": "Demandes Filles CAP  ", "type": "double"}, {"name": "demandes_filles_2epro", "description": null, "annotations": {}, "label": "Demandes Filles 2ePRO", "type": "double"}, {"name": "demandes_filles_total_voie_pro", "description": "CAP + 2e PRO", "annotations": {}, "label": "Demandes Filles Total Voie PRO ", "type": "double"}, {"name": "demandes_filles_redoublements", "description": null, "annotations": {}, "label": "Demandes Filles Redoublements", "type": "double"}, {"name": "demandes_filles_apprentissage", "description": null, "annotations": {}, "label": "Demandes Filles Apprentissage", "type": "double"}, {"name": "demandes_filles_total", "description": null, "annotations": {}, "label": "Demandes Filles total", "type": "double"}, {"name": "demandes_filles_2egt_cap_2epro", "description": null, "annotations": {}, "label": "Demandes Filles 2eGT CAP 2ePRO", "type": "double"}, {"name": "demandes_garcons_2egt", "description": null, "annotations": {}, "label": "Demandes Gar\u00e7ons 2eGT", "type": "double"}, {"name": "demandes_garcons_cap", "description": null, "annotations": {}, "label": "Demandes Gar\u00e7ons CAP  ", "type": "double"}, {"name": "demandes_garcons_2epro", "description": null, "annotations": {}, "label": "Demandes Gar\u00e7ons 2ePRO", "type": "double"}, {"name": "demandes_garcons_total_voie_pro", "description": null, "annotations": {}, "label": "Demandes Gar\u00e7ons  Total Voie PRO ", "type": "double"}, {"name": "demandes_garcons_redoublements", "description": null, "annotations": {}, "label": "Demandes Gar\u00e7ons Redoublements", "type": "double"}, {"name": "demandes_garcons_apprentissage", "description": null, "annotations": {}, "label": "Demandes Gar\u00e7ons Apprentissage", "type": "double"}, {"name": "demandes_garcons_total", "description": null, "annotations": {}, "label": "Demandes Gar\u00e7ons total", "type": "double"}, {"name": "demandes_garcons_2egt_cap_2epro", "description": null, "annotations": {}, "label": "Demandes Gar\u00e7ons 2eGT CAP 2ePRO", "type": "double"}, {"name": "demandes_ensemble_2egt", "description": null, "annotations": {}, "label": "Demandes Ensemble 2eGT", "type": "double"}, {"name": "demandes_ensemble_cap", "description": null, "annotations": {}, "label": "Demandes Ensemble CAP  ", "type": "double"}, {"name": "demandes_ensemble_2epro", "description": null, "annotations": {}, "label": "Demandes Ensemble 2ePRO", "type": "double"}, {"name": "demandes_ensemble_total_voie_pro", "description": null, "annotations": {}, "label": "Demandes Ensemble Total Voie PRO ", "type": "double"}, {"name": "demandes_ensemble_redoublements", "description": null, "annotations": {}, "label": "Demandes Ensemble\nRedoublements", "type": "double"}, {"name": "demandes_ensemble_apprentissage", "description": null, "annotations": {}, "label": "Demandes Ensemble Apprentissage", "type": "double"}, {"name": "demandes_ensemble_total", "description": null, "annotations": {}, "label": "Demandes Ensemble total", "type": "double"}, {"name": "demandes_ensemble_2egt_cap_2epro", "description": null, "annotations": {}, "label": "Demandes Ensemble 2eGT CAP 2ePRO", "type": "double"}, {"name": "decisions_filles_2egt", "description": null, "annotations": {}, "label": "D\u00e9cisions Filles 2eGT", "type": "double"}, {"name": "decisions_filles_cap", "description": null, "annotations": {}, "label": "D\u00e9cisions Filles CAP  ", "type": "double"}, {"name": "decisions_filles_2epro", "description": null, "annotations": {}, "label": "D\u00e9cisions Filles 2ePRO", "type": "double"}, {"name": "decisions_filles_total_voie_pro", "description": "CAP + 2e PRO", "annotations": {}, "label": "D\u00e9cisions Filles Total Voie PRO ", "type": "double"}, {"name": "decisions_filles_redoublements", "description": null, "annotations": {}, "label": "D\u00e9cisions Filles Redoublements", "type": "double"}, {"name": "decisions_filles_total", "description": null, "annotations": {}, "label": "D\u00e9cisions Filles total", "type": "double"}, {"name": "decisions_filles_2egt_cap_2epro", "description": null, "annotations": {}, "label": "D\u00e9cisions Filles 2eGT CAP 2ePRO", "type": "double"}, {"name": "decision_filles_maintien_classe_origine", "description": null, "annotations": {}, "label": "D\u00e9cision Filles Maintien classe origine ", "type": "text"}, {"name": "decisions_garcons_2egt", "description": null, "annotations": {}, "label": "D\u00e9cisions Gar\u00e7ons 2eGT", "type": "double"}, {"name": "decisions_garcons_cap", "description": null, "annotations": {}, "label": "D\u00e9cisions Gar\u00e7ons CAP  ", "type": "double"}, {"name": "decisions_garcons_2epro", "description": null, "annotations": {}, "label": "D\u00e9cisions Gar\u00e7ons 2ePRO", "type": "double"}, {"name": "decisions_garcons_total_voie_pro", "description": "CAP + 2e PRO", "annotations": {}, "label": "D\u00e9cisions Gar\u00e7ons Total Voie PRO ", "type": "double"}, {"name": "decisions_garcons_redoublements", "description": null, "annotations": {}, "label": "D\u00e9cisions Gar\u00e7ons\nRedoublements", "type": "double"}, {"name": "decisions_garcons_total", "description": null, "annotations": {}, "label": "D\u00e9cisions Gar\u00e7ons total", "type": "double"}, {"name": "decisions_garcons_2egt_cap_2epro", "description": null, "annotations": {}, "label": "D\u00e9cisions Gar\u00e7ons 2eGT CAP 2ePRO", "type": "double"}, {"name": "decision_garcons_maintien_classe_origine", "description": null, "annotations": {}, "label": "D\u00e9cision Gar\u00e7ons Maintien classe origine", "type": "text"}, {"name": "decisions_ensemble_2egt", "description": null, "annotations": {}, "label": "D\u00e9cisions Ensemble 2eGT", "type": "double"}, {"name": "decisions_ensemble_cap", "description": null, "annotations": {}, "label": "D\u00e9cisions Ensemble CAP  ", "type": "double"}, {"name": "decisions_ensemble_2epro", "description": null, "annotations": {}, "label": "D\u00e9cisions Ensemble 2ePRO", "type": "double"}, {"name": "decisions_ensemble_total_voie_pro", "description": null, "annotations": {}, "label": "D\u00e9cisions Ensemble Total Voie PRO ", "type": "double"}, {"name": "decisions_ensemble_redoublements", "description": null, "annotations": {}, "label": "D\u00e9cisions Ensemble Redoublements", "type": "double"}, {"name": "decisions_ensemble_total", "description": null, "annotations": {}, "label": "D\u00e9cisions Ensemble total", "type": "double"}, {"name": "decisions_ensemble_2egt_cap_2epro", "description": null, "annotations": {}, "label": "D\u00e9cisions Ensemble 2eGT CAP 2ePRO", "type": "double"}, {"name": "decision_ensemble_maintien_classe_origine", "description": null, "annotations": {}, "label": "D\u00e9cision Ensemble Maintien classe origine", "type": "double"}], "metas": {"dcat": {"created": null, "issued": null, "creator": null, "contributor": null, "contact_name": null, "contact_email": null, "accrualperiodicity": "Annuelle", "spatial": "France", "temporal": "2015-2019", "granularity": null, "dataquality": null, "publisher_type": null, "conforms_to": null, "temporal_coverage_start": "2014-12-31T23:00:00+00:00", "temporal_coverage_end": "2019-12-30T23:00:00+00:00", "accessRights": null, "relation": null}, "default": {"title": "Demandes et d\u00e9cisions d'orientation en fin de 3\u00e8me (2015-2019)", "description": "<p>Demandes et d\u00e9cisions d'orientation en fin de 3\u00e8me\u00a0 \"g\u00e9n\u00e9rale\", hors DP6/pr\u00e9pa pro et SEGPA (2015-2019)<br></p><p>Ces donn\u00e9es concernent les demandes d\u2019orientation des familles des \u00e9l\u00e8ves de 3\u00e8me des coll\u00e8ges publics, avant le conseil de classe du 3e trimestre, et les d\u00e9cisions prononc\u00e9es par le chef d\u2019\u00e9tablissement apr\u00e8s ce conseil de classe.<br>Elles sont arr\u00eat\u00e9es au 14 juillet de chaque ann\u00e9e scolaire et doivent \u00eatre distingu\u00e9es des constats de rentr\u00e9e r\u00e9alis\u00e9s par la DEPP au mois d\u2019octobre, qui pr\u00e9cisent le nombre d\u2019\u00e9l\u00e8ves r\u00e9ellement pr\u00e9sents dans les classes.<br>Elles proviennent de l\u2019enqu\u00eate annuelle r\u00e9alis\u00e9e aupr\u00e8s des services acad\u00e9miques d\u2019information et d\u2019orientation (SAIO) des rectorats qui obtiennent ces informations de chaque \u00e9tablissement public du second degr\u00e9 de m\u00e9tropole et d\u2019outre-mer.<br>\n</p>", "theme": ["El\u00e8ves, \u00e9tudiants, et apprentis", "Parcours et insertion professionnelle"], "keyword": ["Orientation"], "license": "Licence Ouverte v2.0 (Etalab)", "license_url": "http://www.etalab.gouv.fr/wp-content/uploads/2017/04/ETALAB-Licence-Ouverte-v2.0.pdf", "language": "fr", "metadata_languages": ["fr"], "timezone": null, "modified": "2026-01-29T18:44:24.702000+00:00", "modified_updates_on_metadata_change": false, "modified_updates_on_data_change": true, "data_processed": "2026-01-29T18:44:24.702000+00:00", "metadata_processed": "2026-01-29T18:44:24.836000+00:00", "geographic_reference": ["world_fr"], "geographic_reference_auto": true, "territory": ["France"], "geometry_types": null, "bbox": null, "publisher": "DGESCO - Minist\u00e8re de l'\u00e9ducation nationale", "references": null, "records_count": 155, "attributions": null, "source_domain": null, "source_domain_title": null, "source_domain_address": null, "source_dataset": null, "shared_catalog": null, "federated": false, "parent_domain": null, "update_frequency": null}, "metadonnees-complementaires": {"date-observation": null, "periode-donnees": null, "champ": null, "couverture-geographique": null, "unite-statistique": null, "secret-statistique": null}}}}