{"links": [{"rel": "self", "href": "https://data.education.gouv.fr/api/v2/catalog/datasets/fr-en-complements-programmes-second-degre"}, {"rel": "datasets", "href": "https://data.education.gouv.fr/api/v2/catalog/datasets"}, {"rel": "records", "href": "https://data.education.gouv.fr/api/v2/catalog/datasets/fr-en-complements-programmes-second-degre/records"}, {"rel": "exports", "href": "https://data.education.gouv.fr/api/v2/catalog/datasets/fr-en-complements-programmes-second-degre/exports"}, {"rel": "facets", "href": "https://data.education.gouv.fr/api/v2/catalog/datasets/fr-en-complements-programmes-second-degre/facets"}], "dataset": {"visibility": "domain", "dataset_id": "fr-en-complements-programmes-second-degre", "dataset_uid": "da_6vnm6z", "has_records": true, "features": ["analyze"], "attachments": [], "alternative_exports": [], "data_visible": true, "fields": [{"name": "descriptif", "description": "Descriptif", "annotations": {"facet": true, "sortable": true}, "label": "Descriptif", "type": "text"}, {"name": "niveau_d_enseignement", "description": "Niveau d'enseignement", "annotations": {"facet": true, "sortable": true}, "label": "Niveau d'enseignement", "type": "text"}, {"name": "nature_du_complement", "description": "Attendus de fin d'ann\u00e9e ou rep\u00e8res annuels de prograssion", "annotations": {"facet": true, "sortable": true}, "label": "Nature du compl\u00e9ment", "type": "text"}, {"name": "discipline", "description": "discipline", "annotations": {"facet": true, "sortable": true}, "label": "Discipline", "type": "text"}, {"name": "texte_officiel", "description": "nom du texte officiel", "annotations": {}, "label": "Texte officiel", "type": "text"}, {"name": "lien_vers_le_texte_officiel", "description": "lien vers le texte officiel", "annotations": {}, "label": "Lien vers le texte officiel", "type": "text"}, {"name": "contenu", "description": "contenu du compl\u00e9ment", "annotations": {}, "label": "Contenu", "type": "text"}, {"name": "entre_en_vigueur_a_la_rentree", "description": "rentr\u00e9e scolaire d'entr\u00e9e en vigueur", "annotations": {}, "label": "Entre en vigueur \u00e0 la rentr\u00e9e", "type": "double"}, {"name": "abroge_a_la_rentree", "description": "rentr\u00e9e scolaire d'abrogation", "annotations": {}, "label": "Abrog\u00e9 \u00e0 la rentr\u00e9e", "type": "text"}], "metas": {"dcat": {"created": "2019-07-16", "issued": "2019-07-16", "creator": null, "contributor": null, "contact_name": null, "contact_email": null, "accrualperiodicity": "Ponctuelle", "spatial": "France", "temporal": "2019", "granularity": null, "dataquality": null, "publisher_type": null, "conforms_to": null, "temporal_coverage_start": "2018-12-31T23:00:00+00:00", "temporal_coverage_end": "2019-12-30T23:00:00+00:00", "accessRights": null, "relation": null}, "default": {"title": "Compl\u00e9ments aux programmes d'enseignement du second degr\u00e9", "description": "<p>Les attendus de fin d'ann\u00e9e et les rep\u00e8res annuels de progression   doivent permettre aux \u00e9quipes p\u00e9dagogiques de mener un enseignement   rigoureux, explicite et progressif tout au long de la scolarit\u00e9   obligatoire. Ils apportent une aide aux professeurs pour mieux organiser   leur ann\u00e9e. Ils offrent des r\u00e9f\u00e9rences communes pour que les   connaissances, comp\u00e9tences, notions et objets d'enseignement soient   abord\u00e9s de fa\u00e7on \u00e9quilibr\u00e9e tout au long des trois ann\u00e9es de chaque   cycle.</p>", "theme": ["Enseignements (dont formation, sp\u00e9cialit\u00e9, langue, sport)", "Politique \u00e9ducative (dont \u00e9ducation prioritaire)"], "keyword": ["programmes d'enseignement"], "license": "Licence Ouverte v2.0 (Etalab)", "license_url": "http://www.etalab.gouv.fr/wp-content/uploads/2017/04/ETALAB-Licence-Ouverte-v2.0.pdf", "language": "fr", "metadata_languages": ["fr"], "timezone": null, "modified": "2026-01-29T18:29:47.371000+00:00", "modified_updates_on_metadata_change": true, "modified_updates_on_data_change": true, "data_processed": "2026-01-29T18:29:47.371000+00:00", "metadata_processed": "2026-01-29T18:29:47.501000+00:00", "geographic_reference": ["world_fr"], "geographic_reference_auto": true, "territory": ["France"], "geometry_types": null, "bbox": null, "publisher": "DGESCO - Minist\u00e8re de l'\u00e9ducation nationale", "references": null, "records_count": 14, "attributions": null, "source_domain": null, "source_domain_title": null, "source_domain_address": null, "source_dataset": null, "shared_catalog": null, "federated": false, "parent_domain": null, "update_frequency": null}, "metadonnees-complementaires": {"date-observation": null, "periode-donnees": null, "champ": null, "couverture-geographique": null, "unite-statistique": null, "secret-statistique": null}}}}