{"links": [{"rel": "self", "href": "https://data.education.gouv.fr/api/v2/catalog/datasets/fr-en-colos-aprenantes"}, {"rel": "datasets", "href": "https://data.education.gouv.fr/api/v2/catalog/datasets"}, {"rel": "records", "href": "https://data.education.gouv.fr/api/v2/catalog/datasets/fr-en-colos-aprenantes/records"}, {"rel": "exports", "href": "https://data.education.gouv.fr/api/v2/catalog/datasets/fr-en-colos-aprenantes/exports"}, {"rel": "facets", "href": "https://data.education.gouv.fr/api/v2/catalog/datasets/fr-en-colos-aprenantes/facets"}], "dataset": {"visibility": "domain", "dataset_id": "fr-en-colos-aprenantes", "dataset_uid": "da_pb4rd8", "has_records": true, "features": ["analyze"], "attachments": [], "alternative_exports": [], "data_visible": true, "fields": [{"name": "identifiant", "description": "Identifiant", "annotations": {}, "label": "Identifiant", "type": "int"}, {"name": "titre_nom_du_sejour_fr", "description": "Titre / Nom du s\u00e9jour", "annotations": {}, "label": "Titre / Nom du s\u00e9jour", "type": "text"}, {"name": "description_courte_fr", "description": "Description courte", "annotations": {}, "label": "Description courte", "type": "text"}, {"name": "description_longue_fr", "description": "Description longue", "annotations": {}, "label": "Description longue", "type": "text"}, {"name": "permalien", "description": "Permalien", "annotations": {}, "label": "Permalien", "type": "text"}, {"name": "mots_cles_fr", "description": "Mots cl\u00e9s", "annotations": {}, "label": "Mots cl\u00e9s", "type": "text"}, {"name": "resume_horaires_fr", "description": "R\u00e9sum\u00e9 horaires", "annotations": {}, "label": "R\u00e9sum\u00e9 horaires", "type": "text"}, {"name": "horaires_iso", "description": "Horaires ISO", "annotations": {}, "label": "Horaires ISO", "type": "text"}, {"name": "horaires_detailles_fr", "description": "Horaires d\u00e9taill\u00e9s", "annotations": {}, "label": "Horaires d\u00e9taill\u00e9s", "type": "text"}, {"name": "premiere_date_fr", "description": "Premi\u00e8re date", "annotations": {}, "label": "Premi\u00e8re date", "type": "text"}, {"name": "derniere_date_fr", "description": "Derni\u00e8re date", "annotations": {}, "label": "Derni\u00e8re date", "type": "text"}, {"name": "accessibilite_fr", "description": "Accessibilit\u00e9", "annotations": {}, "label": "Accessibilit\u00e9", "type": "text"}, {"name": "creation_de_la_fiche_fr", "description": "Cr\u00e9ation de la fiche", "annotations": {}, "label": "Cr\u00e9ation de la fiche", "type": "text"}, {"name": "derniere_mise_a_jour_fr", "description": "Derni\u00e8re mise \u00e0 jour", "annotations": {}, "label": "Derni\u00e8re mise \u00e0 jour", "type": "text"}, {"name": "image", "description": "Image", "annotations": {}, "label": "Image", "type": "text"}, {"name": "lien_d_acces", "description": "Lien d'acc\u00e8s", "annotations": {}, "label": "Lien d'acc\u00e8s", "type": "text"}, {"name": "outils_d_inscription", "description": "Outils d'inscription", "annotations": {}, "label": "Outils d'inscription", "type": "text"}, {"name": "en_une", "description": "En une", "annotations": {}, "label": "En une", "type": "text"}, {"name": "age_du_public_cible", "description": "\u00c2ge du public cibl\u00e9", "annotations": {}, "label": "\u00c2ge du public cibl\u00e9", "type": "text"}, {"name": "statut", "description": "Statut", "annotations": {}, "label": "Statut", "type": "text"}, {"name": "presentation_de_l_organisateur_et_du_projet_educatif", "description": "Pr\u00e9sentation de l'organisateur et du projet \u00e9ducatif", "annotations": {}, "label": "Pr\u00e9sentation de l'organisateur et du projet \u00e9ducatif", "type": "text"}, {"name": "numero_de_l_organisateur", "description": "Num\u00e9ro de l'organisateur", "annotations": {}, "label": "Num\u00e9ro de l'organisateur", "type": "text"}, {"name": "numero_de_declaration_du_sejour", "description": "Num\u00e9ro de d\u00e9claration du s\u00e9jour", "annotations": {}, "label": "Num\u00e9ro de d\u00e9claration du s\u00e9jour", "type": "text"}, {"name": "credits_de_l_image", "description": "Cr\u00e9dits de l'image", "annotations": {}, "label": "Cr\u00e9dits de l'image", "type": "text"}, {"name": "nom_du_centre_de_vacances_identifiant", "description": "Nom du centre de vacances: Identifiant", "annotations": {}, "label": "Nom du centre de vacances: Identifiant", "type": "int"}, {"name": "nom_du_centre_de_vacances_nom", "description": "Nom du centre de vacances: Nom", "annotations": {}, "label": "Nom du centre de vacances: Nom", "type": "text"}, {"name": "nom_du_centre_de_vacances_adresse", "description": "Nom du centre de vacances: Adresse", "annotations": {}, "label": "Nom du centre de vacances: Adresse", "type": "text"}, {"name": "nom_du_centre_de_vacances_code_pays", "description": "Nom du centre de vacances: Code pays", "annotations": {}, "label": "Nom du centre de vacances: Code pays", "type": "text"}, {"name": "nom_du_centre_de_vacances_region", "description": "Nom du centre de vacances: R\u00e9gion", "annotations": {"facet": true}, "label": "Nom du centre de vacances: R\u00e9gion", "type": "text"}, {"name": "nom_du_centre_de_vacances_departement", "description": "Nom du centre de vacances: D\u00e9partement", "annotations": {"facet": true}, "label": "Nom du centre de vacances: D\u00e9partement", "type": "text"}, {"name": "nom_du_centre_de_vacances_ville", "description": "Nom du centre de vacances: Ville", "annotations": {"facet": true}, "label": "Nom du centre de vacances: Ville", "type": "text"}, {"name": "nom_du_centre_de_vacances_code_postal", "description": "Nom du centre de vacances: Code postal", "annotations": {"facet": true}, "label": "Nom du centre de vacances: Code postal", "type": "text"}, {"name": "nom_du_centre_de_vacances_code_insee", "description": "Nom du centre de vacances: Code INSEE", "annotations": {"facet": true}, "label": "Nom du centre de vacances: Code INSEE", "type": "text"}, {"name": "nom_du_centre_de_vacances_latitude", "description": "Nom du centre de vacances: Latitude", "annotations": {}, "label": "Nom du centre de vacances: Latitude", "type": "double"}, {"name": "nom_du_centre_de_vacances_longitude", "description": "Nom du centre de vacances: Longitude", "annotations": {}, "label": "Nom du centre de vacances: Longitude", "type": "double"}, {"name": "nom_du_centre_de_vacances_description_fr", "description": "Nom du centre de vacances: Description", "annotations": {}, "label": "Nom du centre de vacances: Description", "type": "text"}, {"name": "nom_du_centre_de_vacances_site_internet", "description": "Nom du centre de vacances: Site internet", "annotations": {}, "label": "Nom du centre de vacances: Site internet", "type": "text"}, {"name": "nom_du_centre_de_vacances_acces_fr", "description": "Nom du centre de vacances: Acc\u00e8s", "annotations": {}, "label": "Nom du centre de vacances: Acc\u00e8s", "type": "text"}, {"name": "dominantes", "description": "Dominantes", "annotations": {}, "label": "Dominantes", "type": "text"}, {"name": "organisation_de_la_vie_quotidienne_et_des_activites_pendant_le_sejour", "description": "Organisation de la vie quotidienne et des activit\u00e9s pendant le s\u00e9jour", "annotations": {}, "label": "Organisation de la vie quotidienne et des activit\u00e9s pendant le s\u00e9jour", "type": "text"}, {"name": "autre_qualifications_des_personnels_d_encadrement", "description": "Autre qualifications des personnels d\u2019encadrement", "annotations": {}, "label": "Autre qualifications des personnels d\u2019encadrement", "type": "text"}, {"name": "actions_retenues_pour_creer_un_lien_avec_les_familles", "description": "Actions retenues pour cr\u00e9er un lien avec les familles", "annotations": {}, "label": "Actions retenues pour cr\u00e9er un lien avec les familles", "type": "text"}, {"name": "partenariats_locaux", "description": "Partenariats locaux", "annotations": {}, "label": "Partenariats locaux", "type": "text"}, {"name": "nombre_de_places_ouvertes", "description": "Nombre de places ouvertes", "annotations": {}, "label": "Nombre de places ouvertes", "type": "int"}, {"name": "mode_de_participation", "description": "Mode de participation", "annotations": {}, "label": "Mode de participation", "type": "text"}, {"name": "vacances_scolaires_concernees", "description": "Vacances scolaires concern\u00e9es", "annotations": {}, "label": "Vacances scolaires concern\u00e9es", "type": "text"}, {"name": "nombre_effectif_de_participantes_filles", "description": "Nombre effectif de participantes filles", "annotations": {}, "label": "Nombre effectif de participantes filles", "type": "int"}, {"name": "nombre_effectif_de_participants_garcons", "description": "Nombre effectif de participants gar\u00e7ons", "annotations": {}, "label": "Nombre effectif de participants gar\u00e7ons", "type": "int"}, {"name": "nombre_de_mineurs_en_situation_de_handicap", "description": "Nombre de mineurs en situation de handicap", "annotations": {}, "label": "Nombre de mineurs en situation de handicap", "type": "int"}, {"name": "nombre_de_mineurs_domicilies_dans_un_quartier_prioritaire_de_la_politique_de_la_ville_qpv", "description": "Nombre de mineurs domicili\u00e9s dans un quartier prioritaire de la politique de la ville (QPV)", "annotations": {}, "label": "Nombre de mineurs domicili\u00e9s dans un quartier prioritaire de la politique de la ville (QPV)", "type": "int"}, {"name": "nombre_de_mineurs_domicilies_dans_une_zone_de_revitalisation_rurale_zrr", "description": "Nombre de mineurs domicili\u00e9s dans une zone de revitalisation rurale (ZRR)", "annotations": {}, "label": "Nombre de mineurs domicili\u00e9s dans une zone de revitalisation rurale (ZRR)", "type": "int"}, {"name": "nombre_de_mineurs_en_situation_de_decrochage_scolaire", "description": "Nombre de mineurs en situation de d\u00e9crochage scolaire", "annotations": {}, "label": "Nombre de mineurs en situation de d\u00e9crochage scolaire", "type": "int"}, {"name": "nombre_de_mineurs_relevant_de_l_aide_sociale_a_l_enfance_ase", "description": "Nombre de mineurs relevant de l\u2019aide sociale \u00e0 l\u2019enfance (ASE)", "annotations": {}, "label": "Nombre de mineurs relevant de l\u2019aide sociale \u00e0 l\u2019enfance (ASE)", "type": "int"}, {"name": "nombre_de_mineurs_n_appartenant_a_aucune_des_categories_precedentes_mais_pouvant_justifier_d_un_quot", "description": "Nombre de mineurs n\u2019appartenant \u00e0 aucune des cat\u00e9gories pr\u00e9c\u00e9dentes mais pouvant justifier d\u2019un quotient familial inf\u00e9rieur ou \u00e9gal \u00e0 1500 \u20ac", "annotations": {}, "label": "Nombre de mineurs n\u2019appartenant \u00e0 aucune des cat\u00e9gories pr\u00e9c\u00e9dentes mais pouvant justifier d\u2019un quotient familial inf\u00e9rieur ou \u00e9gal \u00e0 1500 \u20ac", "type": "int"}, {"name": "objectifs_pedagogiques_et_competences_visees_etre_capable_de", "description": "Objectifs p\u00e9dagogiques et comp\u00e9tences vis\u00e9es (\u00eatre capable de\u2026)", "annotations": {}, "label": "Objectifs p\u00e9dagogiques et comp\u00e9tences vis\u00e9es (\u00eatre capable de\u2026)", "type": "text"}, {"name": "actions_retenues_pour_favoriser_la_mixite_et_l_inclusion_sociale_territoriale_et_de_genre", "description": "Actions retenues pour favoriser la mixit\u00e9 et l\u2019inclusion (sociale, territoriale et de genre)", "annotations": {}, "label": "Actions retenues pour favoriser la mixit\u00e9 et l\u2019inclusion (sociale, territoriale et de genre)", "type": "text"}, {"name": "actions_retenues_pour_favoriser_la_participation_des_enfants_et_des_jeunes", "description": "Actions retenues pour favoriser la participation des enfants et des jeunes", "annotations": {}, "label": "Actions retenues pour favoriser la participation des enfants et des jeunes", "type": "text"}, {"name": "en_plus_de_celui_d_organisateur_de_sejours_avez_vous_etabli_ou_allez_vous_etablir_un_partenariat_ave", "description": "En plus de celui d\u2019organisateur de s\u00e9jours, avez-vous \u00e9tabli ou allez-vous \u00e9tablir un partenariat avec l\u2019\u00c9tat pour tenir un r\u00f4le de prescripteur ?", "annotations": {}, "label": "En plus de celui d\u2019organisateur de s\u00e9jours, avez-vous \u00e9tabli ou allez-vous \u00e9tablir un partenariat avec l\u2019\u00c9tat pour tenir un r\u00f4le de prescripteur ?", "type": "text"}, {"name": "le_sejour_se_deroule", "description": "Le s\u00e9jour se d\u00e9roule", "annotations": {}, "label": "Le s\u00e9jour se d\u00e9roule", "type": "text"}, {"name": "qualifications", "description": "Qualifications", "annotations": {}, "label": "Qualifications", "type": "text"}, {"name": "nombre_de_jours", "description": "Nombre de jours", "annotations": {}, "label": "Nombre de jours", "type": "int"}, {"name": "titre_nom_du_sejour_oc", "description": null, "annotations": {}, "label": "Titre / Nom du s\u00e9jour - OC", "type": "text"}, {"name": "description_courte_oc", "description": null, "annotations": {}, "label": "Description courte - OC", "type": "text"}, {"name": "description_longue_oc", "description": null, "annotations": {}, "label": "Description longue - OC", "type": "text"}, {"name": "mots_cles_oc", "description": null, "annotations": {}, "label": "Mots cl\u00e9s - OC", "type": "text"}, {"name": "premiere_date_oc", "description": null, "annotations": {}, "label": "Premi\u00e8re date - OC", "type": "text"}, {"name": "derniere_date_oc", "description": null, "annotations": {}, "label": "Derni\u00e8re date - OC", "type": "text"}, {"name": "tarif_catalogue_du_sejour_sans_les_aides_et_sans_transport_fr", "description": null, "annotations": {}, "label": "Tarif catalogue du s\u00e9jour (sans les aides et sans transport) - FR", "type": "text"}, {"name": "tarif_catalogue_du_sejour_sans_les_aides_et_sans_transport_en", "description": null, "annotations": {}, "label": "Tarif catalogue du s\u00e9jour (sans les aides et sans transport) - EN", "type": "text"}, {"name": "tarif_catalogue_du_sejour_sans_les_aides_et_sans_transport_oc", "description": null, "annotations": {}, "label": "Tarif catalogue du s\u00e9jour (sans les aides et sans transport) - OC", "type": "int"}, {"name": "accessibilite_oc", "description": null, "annotations": {}, "label": "Accessibilit\u00e9 - OC", "type": "text"}, {"name": "creation_de_la_fiche_oc", "description": null, "annotations": {}, "label": "Cr\u00e9ation de la fiche - OC", "type": "text"}, {"name": "derniere_mise_a_jour_oc", "description": null, "annotations": {}, "label": "Derni\u00e8re mise \u00e0 jour - OC", "type": "text"}, {"name": "nom_du_centre_de_vacances_arrondissement", "description": null, "annotations": {}, "label": "Nom du centre de vacances: Arrondissement", "type": "text"}, {"name": "nom_du_centre_de_vacances_quartier", "description": null, "annotations": {}, "label": "Nom du centre de vacances: Quartier", "type": "text"}, {"name": "nom_du_centre_de_vacances_description_oc", "description": null, "annotations": {}, "label": "Nom du centre de vacances: Description - OC", "type": "text"}, {"name": "nom_du_centre_de_vacances_acces_oc", "description": null, "annotations": {}, "label": "Nom du centre de vacances: Acc\u00e8s - OC", "type": "text"}, {"name": "etat", "description": null, "annotations": {}, "label": "\u00c9tat", "type": "text"}], "metas": {"dcat": {"created": "2024-07-26", "issued": "2024-07-26", "creator": null, "contributor": null, "contact_name": null, "contact_email": null, "accrualperiodicity": null, "spatial": null, "temporal": null, "granularity": null, "dataquality": null, "publisher_type": null, "conforms_to": null, "temporal_coverage_start": null, "temporal_coverage_end": null, "accessRights": null, "relation": null}, "default": {"title": "Colos apprenantes", "description": "<div class=\"fr-col-md-6 fr-body_text\">\n    <p class=\"fr-text--xl\">Propos\u00e9es par les organisateurs de colonies \nde vacances\u00a0(association d\u2019\u00e9ducation populaire, collectivit\u00e9 \nterritoriale, structure priv\u00e9e, comit\u00e9 d\u2019entreprise),\u00a0consultez la liste\n des colonies qui r\u00e9pondent au label\u00a0\"colos apprenantes\"\u00a0d\u00e9livr\u00e9 par \nl\u2019\u00c9tat.</p>\n\n<p><strong>Ces colonies</strong>\u00a0<strong>proposent ainsi des formules associant renforcement des apprentissages et activit\u00e9s de loisirs</strong>\u00a0autour\n de la culture, du sport et du d\u00e9veloppement durable. Elles offrent la \npossibilit\u00e9 aux enfants et aux jeunes\u00a0de renforcer savoirs et \ncomp\u00e9tences dans un cadre ludique et de pr\u00e9parer ainsi dans de bonnes \nconditions la rentr\u00e9e prochaine.\u00a0</p><p>Plus d'informations sur <a href=\"https://www.jeunes.gouv.fr/colos-apprenantes\" target=\"_blank\">https://www.jeunes.gouv.fr/colos-apprenantes</a><br></p>\n  </div><p></p>", "theme": ["Sport, jeunesse et vie associative"], "keyword": ["colonie de vacances", "apprenant"], "license": "Licence Ouverte v2.0 (Etalab)", "license_url": "http://www.etalab.gouv.fr/wp-content/uploads/2017/04/ETALAB-Licence-Ouverte-v2.0.pdf", "language": "fr", "metadata_languages": ["fr"], "timezone": null, "modified": "2026-04-25T22:04:12.673000+00:00", "modified_updates_on_metadata_change": true, "modified_updates_on_data_change": true, "data_processed": "2026-04-25T22:04:12.673000+00:00", "metadata_processed": "2026-04-25T22:04:12.773000+00:00", "geographic_reference": null, "geographic_reference_auto": false, "territory": null, "geometry_types": null, "bbox": null, "publisher": "DGESCO - Minist\u00e8re de l'\u00e9ducation nationale", "references": null, "records_count": 33535, "attributions": null, "source_domain": null, "source_domain_title": null, "source_domain_address": null, "source_dataset": null, "shared_catalog": null, "federated": false, "parent_domain": null, "update_frequency": null}, "metadonnees-complementaires": {"date-observation": null, "periode-donnees": null, "champ": null, "couverture-geographique": null, "unite-statistique": null, "secret-statistique": null}}}}