{"links": [{"rel": "self", "href": "https://data.education.gouv.fr/api/v2/catalog/datasets/fr-en-cnr-base-nefle"}, {"rel": "datasets", "href": "https://data.education.gouv.fr/api/v2/catalog/datasets"}, {"rel": "records", "href": "https://data.education.gouv.fr/api/v2/catalog/datasets/fr-en-cnr-base-nefle/records"}, {"rel": "exports", "href": "https://data.education.gouv.fr/api/v2/catalog/datasets/fr-en-cnr-base-nefle/exports"}, {"rel": "facets", "href": "https://data.education.gouv.fr/api/v2/catalog/datasets/fr-en-cnr-base-nefle/facets"}], "dataset": {"visibility": "domain", "dataset_id": "fr-en-cnr-base-nefle", "dataset_uid": "da_bwrg2f", "has_records": true, "features": ["timeserie", "geo", "analyze"], "attachments": [], "alternative_exports": [], "data_visible": true, "fields": [{"name": "1_uai", "description": "UAI \u2013 identifiant de l\u2019\u00e9tablissement", "annotations": {"sortable": true}, "label": "UAI", "type": "text"}, {"name": "etab_verif", "description": "Nom de l'\u00e9cole ou de l\u2019\u00e9tablissement", "annotations": {"sortable": true}, "label": "Nom de l'\u00e9tablissement", "type": "text"}, {"name": "type_etablissement", "description": "Type \u00e9tablissement", "annotations": {"facet": true, "facetsort": "alphanum", "disjunctive": true, "sortable": true}, "label": "Type_etablissement", "type": "text"}, {"name": "adresse_1", "description": "Adresse", "annotations": {"sortable": true}, "label": "Adresse", "type": "text"}, {"name": "code_postal", "description": "Code postal", "annotations": {"sortable": true, "facet": true, "facetsort": "alphanum", "disjunctive": true}, "label": "Code postal", "type": "text"}, {"name": "nom_commune_verif", "description": "Commune d'implantation de l'\u00e9cole ou de l\u2019\u00e9tablissement", "annotations": {"facet": true, "facetsort": "alphanum", "sortable": true, "disjunctive": true}, "label": "Commune", "type": "text"}, {"name": "email_etabl", "description": "Adresse de contact mail de l'\u00e9tablissement", "annotations": {}, "label": "email Etabl", "type": "text"}, {"name": "code_departement", "description": "Code d\u00e9partement", "annotations": {"facet": true, "facetsort": "alphanum", "disjunctive": true, "sortable": true}, "label": "Code d\u00e9partement", "type": "text"}, {"name": "dep_name", "description": "D\u00e9partement", "annotations": {"facet": true, "facetsort": "alphanum", "disjunctive": true, "sortable": true}, "label": "D\u00e9partement", "type": "text"}, {"name": "code_academie", "description": "Code acad\u00e9mie", "annotations": {"facet": true, "facetsort": "alphanum", "disjunctive": true, "sortable": true}, "label": "Code_academie", "type": "text"}, {"name": "libelle_academie", "description": "Acad\u00e9mie", "annotations": {"facet": true, "disjunctive": true, "sortable": true, "facetsort": "alphanum"}, "label": "Acad\u00e9mie", "type": "text"}, {"name": "libelle_region", "description": "R\u00e9gion administrative", "annotations": {"facet": true, "disjunctive": true, "sortable": true, "facetsort": "alphanum"}, "label": "R\u00e9gion", "type": "text"}, {"name": "nom_circonscription", "description": "Circonscription d\u2019inspection pour les \u00e9coles du premier degr\u00e9", "annotations": {"facet": true, "facetsort": "alphanum", "disjunctive": true, "sortable": true}, "label": "Circonscription", "type": "text"}, {"name": "lat", "description": "Latitude", "annotations": {}, "label": "Latitude", "type": "double"}, {"name": "long", "description": "Longitude", "annotations": {}, "label": "Longitude", "type": "double"}, {"name": "position", "description": "Position g\u00e9ographique", "annotations": {}, "label": "Position", "type": "geo_point_2d"}, {"name": "porteur_fonction", "description": "Fonction du porteur de projet", "annotations": {}, "label": "porteur_fonction", "type": "text"}, {"name": "nom_projet", "description": "Nom du projet", "annotations": {}, "label": "Nom_projet", "type": "text"}, {"name": "nb_etab_autres", "description": "Nombre d'autres \u00e9tablissements impliqu\u00e9s dans le projet", "annotations": {"facetsort": "-count"}, "label": "nb_etab_autres", "type": "int"}, {"name": "etab_autres", "description": "Codes UAI des autres \u00e9tablissements impliqu\u00e9s dans le projet", "annotations": {}, "label": "etab_autres", "type": "text"}, {"name": "idees", "description": "Id\u00e9es \u2013 Etat des lieux initial issu de la concertation qui est \u00e0 l\u2019origine du projet", "annotations": {}, "label": "idees", "type": "text"}, {"name": "plan_action", "description": "Proposition de plan d'action du projet", "annotations": {}, "label": "plan_action", "type": "text"}, {"name": "objectifs_detailles", "description": "Objectifs du projet selon une nomenclature d\u00e9finie par grands axes nationaux", "annotations": {}, "label": "objectifs detailles", "type": "text"}, {"name": "objectif", "description": "Objectifs du projet", "annotations": {}, "label": "objectif", "type": "text"}, {"name": "experimentation", "description": "Statut exp\u00e9rimental du projet pr\u00e9sent\u00e9, d\u00e9rogatoire ou non au regard du code de l\u2019Education", "annotations": {}, "label": "Experimentation", "type": "text"}, {"name": "eleves_benef", "description": "Nombre d'\u00e9l\u00e8ves b\u00e9n\u00e9ficiaires du projet", "annotations": {"facetsort": "-count"}, "label": "eleves_benef", "type": "int"}, {"name": "debut_proj", "description": "Date de d\u00e9but du projet", "annotations": {"facet": true}, "label": "debut_proj", "type": "date"}, {"name": "date_validation", "description": "Date de validation du projet par la commission acad\u00e9mique", "annotations": {}, "label": "Date_validation", "type": "date"}, {"name": "partenaires_du_projet", "description": "Types de partenaires associ\u00e9s au projet", "annotations": {}, "label": "Partenaires du projet", "type": "text"}, {"name": "projet_remarquable", "description": "Oui/Non : projet remarquable?", "annotations": {}, "label": "Projet_remarquable", "type": "text"}, {"name": "themes_projets", "description": "Th\u00e8mes d\u00e9taill\u00e9s du projet selon une nomenclature nationale", "annotations": {"multivalued": ";", "facet": true, "facetsort": "-count"}, "label": "Themes_projets", "type": "text"}, {"name": "themes_dgesco", "description": "Th\u00e8mes du projet selon la nomenclature DGESCO", "annotations": {}, "label": "Themes_DGESCO", "type": "text"}, {"name": "valorisation", "description": "Valorisation nationale demand\u00e9e par les \u00e9quipes d\u2019appui territoriales", "annotations": {"facetsort": "-count"}, "label": "Valorisation", "type": "int"}, {"name": "type_de_prestation", "description": "Type de prestations demand\u00e9es financ\u00e9es dans le cadre du CNR Education", "annotations": {}, "label": "Type de prestation", "type": "text"}, {"name": "validation_du_projet", "description": "Statut de validation du projet", "annotations": {"facetsort": "-count"}, "label": "Validation du projet", "type": "text"}, {"name": "objectifs_detailles_html", "description": null, "annotations": {}, "label": "objectifs_detailles_html", "type": "text"}, {"name": "objectifs_html", "description": null, "annotations": {}, "label": "objectifs_html", "type": "text"}, {"name": "idees_html", "description": null, "annotations": {}, "label": "idees_html", "type": "text"}, {"name": "plan_action_html", "description": null, "annotations": {}, "label": "plan_action_html", "type": "text"}, {"name": "type_de_prestation_html", "description": null, "annotations": {}, "label": "type_de_prestation_html", "type": "text"}], "metas": {"dcat": {"created": null, "issued": null, "creator": null, "contributor": null, "contact_name": null, "contact_email": null, "accrualperiodicity": "Ponctuelle", "spatial": "France", "temporal": "2021-2024", "granularity": null, "dataquality": null, "publisher_type": null, "conforms_to": null, "temporal_coverage_start": "2020-12-31T23:00:00+00:00", "temporal_coverage_end": "2024-12-30T23:00:00+00:00", "accessRights": null, "relation": null}, "default": {"title": "Ecoles et \u00e9tablissements engag\u00e9s dans la d\u00e9marche du CNR Education", "description": "<p class=\"MsoNormal\" style=\"mso-margin-top-alt:auto;mso-margin-bottom-alt:auto;\nline-height:normal;background:white\"><span style='font-size:12.0pt;font-family:\nMarianne;mso-fareast-font-family:\"Times New Roman\";mso-bidi-font-family:\"Times New Roman\";\ncolor:#3A3A3A;mso-fareast-language:FR'>Ce jeu de donn\u00e9es vous permet de\nconnaitre les projets des \u00e9coles et \u00e9tablissements engag\u00e9s dans la d\u00e9marche du\nCNR Education - \u00a0Notre \u00e9cole, faisons-la ensemble\u00a0\u00bb.</span></p>\n\n<p class=\"MsoNormal\" style=\"mso-margin-top-alt:auto;mso-margin-bottom-alt:auto;\nline-height:normal;background:white\"><span style='font-size:12.0pt;font-family:\nMarianne;mso-fareast-font-family:\"Times New Roman\";mso-bidi-font-family:\"Times New Roman\";\ncolor:#3A3A3A;mso-fareast-language:FR'>D\u00e9couvrez \u00e0 date la localisation des\nprojets p\u00e9dagogiques port\u00e9s par les \u00e9quipes des \u00e9coles et des \u00e9tablissements\ndans le cadre du CNR \u00c9ducation - Notre \u00e9cole, faisons la ensemble. Sont\npr\u00e9sent\u00e9s uniquement les projets valid\u00e9s par les commissions acad\u00e9miques.\nChaque projet est pr\u00e9sent\u00e9 par l\u2019\u00e9tat des lieux d\u00e9finis \u00e0 partir de la\nconcertation initiale et le plan d\u2019action associ\u00e9 \u00e0 des th\u00e9matiques\np\u00e9dagogiques et \u00e9ducatives. </span></p><p class=\"MsoNormal\" style=\"mso-margin-top-alt:auto;mso-margin-bottom-alt:auto;\nline-height:normal;background:white\"><span style='font-size:12.0pt;font-family:\nMarianne;mso-fareast-font-family:\"Times New Roman\";mso-bidi-font-family:\"Times New Roman\";\ncolor:#3A3A3A;mso-fareast-language:FR'>La carte dynamique des projets est disponible \u00e0 l'adresse <a href=\"https://data.education.gouv.fr/pages/cnr/\" target=\"_blank\">https://data.education.gouv.fr/pages/cnr/</a></span></p>", "theme": ["Etablissements (dont IPS)", "Politique \u00e9ducative (dont \u00e9ducation prioritaire)"], "keyword": null, "license": "Licence Ouverte v2.0 (Etalab)", "license_url": "http://www.etalab.gouv.fr/wp-content/uploads/2017/04/ETALAB-Licence-Ouverte-v2.0.pdf", "language": "fr", "metadata_languages": ["fr"], "timezone": ["Europe/Paris"], "modified": "2026-01-29T19:04:09.044000+00:00", "modified_updates_on_metadata_change": false, "modified_updates_on_data_change": true, "data_processed": "2026-01-29T19:04:09.044000+00:00", "metadata_processed": "2026-01-30T20:30:37.769000+00:00", "geographic_reference": ["world_fr"], "geographic_reference_auto": false, "territory": ["France"], "geometry_types": ["Point"], "bbox": {"type": "Feature", "geometry": {"coordinates": [[[55.74314740486443, 51.06960946228355], [-63.08197016827762, 51.06960946228355], [-63.08197016827762, -21.37716121505946], [55.74314740486443, -21.37716121505946], [55.74314740486443, 51.06960946228355]]], "type": "Polygon"}, "properties": {}}, "publisher": "DGESCO - Minist\u00e8re de l'\u00e9ducation nationale", "references": null, "records_count": 6024, "attributions": null, "source_domain": null, "source_domain_title": null, "source_domain_address": null, "source_dataset": null, "shared_catalog": null, "federated": false, "parent_domain": null, "update_frequency": null}, "metadonnees-complementaires": {"date-observation": null, "periode-donnees": null, "champ": null, "couverture-geographique": null, "unite-statistique": null, "secret-statistique": null}}}}