{"links": [{"rel": "self", "href": "https://data.education.gouv.fr/api/v2/catalog/datasets/fr-en-catalogue-structures-accueil-hebergement"}, {"rel": "datasets", "href": "https://data.education.gouv.fr/api/v2/catalog/datasets"}, {"rel": "records", "href": "https://data.education.gouv.fr/api/v2/catalog/datasets/fr-en-catalogue-structures-accueil-hebergement/records"}, {"rel": "exports", "href": "https://data.education.gouv.fr/api/v2/catalog/datasets/fr-en-catalogue-structures-accueil-hebergement/exports"}, {"rel": "facets", "href": "https://data.education.gouv.fr/api/v2/catalog/datasets/fr-en-catalogue-structures-accueil-hebergement/facets"}], "dataset": {"visibility": "domain", "dataset_id": "fr-en-catalogue-structures-accueil-hebergement", "dataset_uid": "da_3he4fv", "has_records": true, "features": ["geo", "analyze"], "attachments": [], "alternative_exports": [], "data_visible": true, "fields": [{"name": "identifiant", "description": "identifiant", "annotations": {}, "label": "Identifiant", "type": "text"}, {"name": "nom_de_la_structure_d_accueil_et_d_hebergement_fr", "description": "Nom de la structure d'accueil et d'h\u00e9bergement", "annotations": {}, "label": "Nom structure accueil", "type": "text"}, {"name": "type_d_erp_fr", "description": "Type d'ERP", "annotations": {}, "label": "Type d'ERP", "type": "text"}, {"name": "description_longue", "description": "Description", "annotations": {}, "label": "Description longue", "type": "text"}, {"name": "permalien", "description": "Permalien", "annotations": {}, "label": "Permalien", "type": "text"}, {"name": "mots_cles", "description": "Mots cl\u00e9s", "annotations": {}, "label": "Mots cl\u00e9s", "type": "text"}, {"name": "resume_horaires", "description": "R\u00e9sum\u00e9 horaires", "annotations": {"facetsort": "-count", "timeserie_precision": "day"}, "label": "R\u00e9sum\u00e9 horaires", "type": "text"}, {"name": "horaires_iso", "description": "Horaires ISO", "annotations": {}, "label": "Horaires ISO", "type": "text"}, {"name": "horaires_detailles", "description": "Horaires d\u00e9taill\u00e9s", "annotations": {}, "label": "Horaires d\u00e9taill\u00e9s", "type": "text"}, {"name": "premiere_date", "description": "Premi\u00e8re date", "annotations": {"facetsort": "-count", "timeserie_precision": "day"}, "label": "Premi\u00e8re date", "type": "text"}, {"name": "derniere_date", "description": "Derni\u00e8re date", "annotations": {}, "label": "Derni\u00e8re date", "type": "text"}, {"name": "conditions_de_participation_tarifs_fr", "description": "Conditions de participation, tarifs - FR", "annotations": {}, "label": "Conditions de participation, tarifs", "type": "text"}, {"name": "accessibilite", "description": "Accessibilit\u00e9", "annotations": {}, "label": "Accessibilit\u00e9", "type": "text"}, {"name": "creation_de_la_fiche", "description": "Cr\u00e9ation de la fiche", "annotations": {}, "label": "Cr\u00e9ation de la fiche", "type": "text"}, {"name": "derniere_mise_a_jour", "description": "Derni\u00e8re mise \u00e0 jour", "annotations": {}, "label": "Derni\u00e8re mise \u00e0 jour", "type": "text"}, {"name": "image", "description": "Image", "annotations": {}, "label": "Image", "type": "text"}, {"name": "lien_d_acces", "description": "Lien d'acc\u00e8s", "annotations": {}, "label": "Lien d'acc\u00e8s", "type": "text"}, {"name": "outils_d_inscription", "description": "Outils d'inscription", "annotations": {}, "label": "Outils d'inscription", "type": "text"}, {"name": "en_une", "description": "En une", "annotations": {}, "label": "En une", "type": "text"}, {"name": "age_du_public_cible", "description": "\u00c2ge du public cibl\u00e9", "annotations": {}, "label": "\u00c2ge du public cibl\u00e9", "type": "text"}, {"name": "statut", "description": "Statut", "annotations": {}, "label": "Statut", "type": "text"}, {"name": "categorie_d_erp", "description": "Cat\u00e9gorie d'ERP", "annotations": {}, "label": "Cat\u00e9gorie d'ERP", "type": "text"}, {"name": "nom_du_lieu_d_accueil_identifiant", "description": "Nom du lieu d'accueil: Identifiant", "annotations": {}, "label": "Nom du lieu d'accueil: Identifiant", "type": "text"}, {"name": "nom_du_lieu_d_accueil_nom", "description": "Nom du lieu d'accueil: Nom", "annotations": {}, "label": "Nom du lieu d'accueil: Nom", "type": "text"}, {"name": "nom_du_lieu_d_accueil_code_pays", "description": "Nom du lieu d'accueil: Code pays", "annotations": {}, "label": "Nom du lieu d'accueil: Code pays", "type": "text"}, {"name": "nom_du_lieu_d_accueil_region", "description": "Nom du lieu d'accueil: R\u00e9gion", "annotations": {"facet": true}, "label": "Nom du lieu d'accueil: R\u00e9gion", "type": "text"}, {"name": "nom_du_lieu_d_accueil_departement", "description": "Nom du lieu d'accueil: D\u00e9partement", "annotations": {"facet": true}, "label": "Nom du lieu d'accueil: D\u00e9partement", "type": "text"}, {"name": "nom_du_lieu_d_accueil_ville", "description": "Nom du lieu d'accueil: Ville", "annotations": {"facet": true}, "label": "Nom du lieu d'accueil: Ville", "type": "text"}, {"name": "nom_du_lieu_d_accueil_code_postal", "description": "Nom du lieu d'accueil: Code postal", "annotations": {"facet": true}, "label": "Nom du lieu d'accueil: Code postal", "type": "text"}, {"name": "nom_du_lieu_d_accueil_code_insee", "description": "Nom du lieu d'accueil: Code INSEE", "annotations": {"facet": true}, "label": "Nom du lieu d'accueil: Code INSEE", "type": "text"}, {"name": "nom_du_lieu_d_accueil_latitude", "description": "Nom du lieu d'accueil: Latitude", "annotations": {}, "label": "Nom du lieu d'accueil: Latitude", "type": "double"}, {"name": "nom_du_lieu_d_accueil_longitude", "description": "Nom du lieu d'accueil: Longitude", "annotations": {}, "label": "Nom du lieu d'accueil: Longitude", "type": "double"}, {"name": "nom_du_lieu_d_accueil_description_fr", "description": "Nom du lieu d'accueil: Description - FR", "annotations": {}, "label": "Nom du lieu d'accueil: Description", "type": "text"}, {"name": "nom_du_lieu_d_accueil_site_internet", "description": "Nom du lieu d'accueil: Site internet", "annotations": {}, "label": "Nom du lieu d'accueil: Site internet", "type": "text"}, {"name": "nom_du_lieu_d_accueil_acces_fr", "description": "Nom du lieu d'accueil: Acc\u00e8s - FR", "annotations": {}, "label": "Nom du lieu d'accueil: Acc\u00e8s", "type": "text"}, {"name": "avis_rendu_par_la_commission_consultative_departementale_de_securite_et_d_accessibilite", "description": "Avis rendu par la commission consultative d\u00e9partementale de s\u00e9curit\u00e9 et d\u2019accessibilit\u00e9", "annotations": {}, "label": "Avis rendu par la commission consultative d\u00e9partementale de s\u00e9curit\u00e9 et d\u2019accessibilit\u00e9", "type": "text"}, {"name": "periode_d_ouverture_annuelle_de_la_structure_pour_l_accueil_des_eleves_dans_le_cadre_de_voyages_scol", "description": "P\u00e9riode d\u2019ouverture annuelle de la structure pour l\u2019accueil des \u00e9l\u00e8ves dans le cadre de voyages scolaires", "annotations": {}, "label": "P\u00e9riode d\u2019ouverture annuelle de la structure pour l\u2019accueil des \u00e9l\u00e8ves dans le cadre de voyages scolaires", "type": "text"}, {"name": "accessibilite_de_la_structure_d_accueil_et_d_hebergement_aux_eleves_en_situation_de_handicap", "description": "Accessibilit\u00e9 de la structure d'accueil et d'h\u00e9bergement aux \u00e9l\u00e8ves en situation de handicap", "annotations": {}, "label": "Accessibilit\u00e9 de la structure d'accueil et d'h\u00e9bergement aux \u00e9l\u00e8ves en situation de handicap", "type": "text"}, {"name": "observations_eventuelles_relatives_a_des_contraintes_liees_a_la_configuration_du_site", "description": "Observations \u00e9ventuelles relatives \u00e0 des contraintes li\u00e9es \u00e0 la configuration du site", "annotations": {}, "label": "Observations \u00e9ventuelles relatives \u00e0 des contraintes li\u00e9es \u00e0 la configuration du site", "type": "text"}, {"name": "thematiques_principales_proposees_par_la_structure_d_accueil_et_d_hebergement", "description": "Th\u00e9matiques principales propos\u00e9es par la structure d'accueil et d'h\u00e9bergement", "annotations": {"multivalued": "|"}, "label": "Th\u00e9matiques principales propos\u00e9es par la structure d'accueil et d'h\u00e9bergement", "type": "text"}, {"name": "principaux_sites_et_activites_culturelles_et_touristiques_a_proximite_de_la_structure_d_accueil_et_d", "description": "Principaux sites et activit\u00e9s culturelles et touristiques \u00e0 proximit\u00e9 de la structure d'accueil et d'h\u00e9bergement", "annotations": {}, "label": "Principaux sites et activit\u00e9s culturelles et touristiques \u00e0 proximit\u00e9 de la structure d'accueil et d'h\u00e9bergement", "type": "text"}, {"name": "activites_proposees_par_la_structure_d_accueil_et_d_hebergement", "description": "Activit\u00e9s propos\u00e9es par la structure d'accueil et d'h\u00e9bergement", "annotations": {"multivalued": "|"}, "label": "Activit\u00e9s propos\u00e9es par la structure d'accueil et d'h\u00e9bergement", "type": "text"}, {"name": "autres_activites_non_listees_ci_dessus", "description": "Autres activit\u00e9s non list\u00e9es ci-dessus", "annotations": {}, "label": "Autres activit\u00e9s non list\u00e9es ci-dessus", "type": "text"}, {"name": "materiel_pedagogique_et_ou_de_securite_necessaire_a_la_pratique_de_ces_activites_mis_a_disposition_p", "description": "Mat\u00e9riel p\u00e9dagogique et/ou de s\u00e9curit\u00e9 n\u00e9cessaire \u00e0 la pratique de ces activit\u00e9s mis \u00e0 disposition par la structure d\u2019accueil et d\u2019h\u00e9bergement.", "annotations": {}, "label": "Mat\u00e9riel p\u00e9dagogique et/ou de s\u00e9curit\u00e9 n\u00e9cessaire \u00e0 la pratique de ces activit\u00e9s mis \u00e0 disposition par la structure d\u2019accueil et d\u2019h\u00e9bergement.", "type": "text"}, {"name": "infrastructures_et_equipements_mis_a_la_disposition_des_eleves_au_sein_de_la_structure_d_accueil_et_", "description": "Infrastructures et \u00e9quipements mis \u00e0 la disposition des \u00e9l\u00e8ves au sein de la structure d'accueil et d'h\u00e9bergement", "annotations": {}, "label": "Infrastructures et \u00e9quipements mis \u00e0 la disposition des \u00e9l\u00e8ves au sein de la structure d'accueil et d'h\u00e9bergement", "type": "text"}, {"name": "autres_infrastructures_et_equipements_non_listes_ci_dessus", "description": "Autres infrastructures et \u00e9quipements non list\u00e9s ci-dessus", "annotations": {}, "label": "Autres infrastructures et \u00e9quipements non list\u00e9s ci-dessus", "type": "text"}, {"name": "structure_d_accueil_et_d_hebergement_disposant_d_un_espace_exterieur_clos_et_entretenu", "description": "Structure d\u2019accueil et d\u2019h\u00e9bergement disposant d\u2019un espace ext\u00e9rieur clos et entretenu", "annotations": {}, "label": "Structure d\u2019accueil et d\u2019h\u00e9bergement disposant d\u2019un espace ext\u00e9rieur clos et entretenu", "type": "text"}, {"name": "espace_nuit_compose_de", "description": "Espace nuit compos\u00e9 de", "annotations": {"multivalued": "|"}, "label": "Espace nuit compos\u00e9 de", "type": "text"}, {"name": "autres_types_d_espace_nuit_non_listes_ci_dessus", "description": "Autres types d\u2019espace nuit non list\u00e9s ci-dessus", "annotations": {}, "label": "Autres types d\u2019espace nuit non list\u00e9s ci-dessus", "type": "text"}, {"name": "nombre_de_lits_pour_les_eleves", "description": "Nombre de lits pour les \u00e9l\u00e8ves", "annotations": {}, "label": "Nombre de lits pour les \u00e9l\u00e8ves", "type": "int"}, {"name": "nombre_de_lits_pour_les_adultes_assurant_l_encadrement", "description": "Nombre de lits pour les adultes assurant l\u2019encadrement", "annotations": {}, "label": "Nombre de lits pour les adultes assurant l\u2019encadrement", "type": "int"}, {"name": "espace_nuit_permettant_de_separer_les_filles_et_les_garcons", "description": "Espace nuit permettant de s\u00e9parer les filles et les gar\u00e7ons", "annotations": {}, "label": "Espace nuit permettant de s\u00e9parer les filles et les gar\u00e7ons", "type": "text"}, {"name": "espace_nuit_equipe_d_armoires_ou_de_rangements_individuels", "description": "Espace nuit \u00e9quip\u00e9 d\u2019armoires ou de rangements individuels", "annotations": {}, "label": "Espace nuit \u00e9quip\u00e9 d\u2019armoires ou de rangements individuels", "type": "text"}, {"name": "espace_nuit_equipe_d_espaces_permettant_le_stockage_des_bagages", "description": "Espace nuit \u00e9quip\u00e9 d\u2019espaces permettant le stockage des bagages", "annotations": {}, "label": "Espace nuit \u00e9quip\u00e9 d\u2019espaces permettant le stockage des bagages", "type": "text"}, {"name": "etat_de_la_literie", "description": "\u00c9tat de la literie", "annotations": {}, "label": "\u00c9tat de la literie", "type": "text"}, {"name": "fourniture_de_draps_couvertures_et_oreillers", "description": "Fourniture de draps, couvertures et oreillers", "annotations": {}, "label": "Fourniture de draps, couvertures et oreillers", "type": "text"}, {"name": "batiment_equipe_de_salle_s_de_classe_independante_s_des_autres_salles", "description": "B\u00e2timent \u00e9quip\u00e9 de salle(s) de classe ind\u00e9pendante(s) des autres salles", "annotations": {}, "label": "B\u00e2timent \u00e9quip\u00e9 de salle(s) de classe ind\u00e9pendante(s) des autres salles", "type": "text"}, {"name": "si_le_batiment_est_equipe_de_salle_s_de_classe_independante_s_nombre_et_capacite_de_chaque_salle", "description": "Si le b\u00e2timent est \u00e9quip\u00e9 de salle(s) de classe ind\u00e9pendante(s), nombre et capacit\u00e9 de chaque salle", "annotations": {}, "label": "Si le b\u00e2timent est \u00e9quip\u00e9 de salle(s) de classe ind\u00e9pendante(s), nombre et capacit\u00e9 de chaque salle", "type": "text"}, {"name": "salle_s_de_classe_equipee_s_de_mobilier_adapte_a_l_age_des_eleves_accueillis_et_du_personnel_enseign", "description": "Salle(s) de classe \u00e9quip\u00e9e(s) de mobilier adapt\u00e9 \u00e0 l'\u00e2ge des \u00e9l\u00e8ves accueillis et du personnel enseignant", "annotations": {}, "label": "Salle(s) de classe \u00e9quip\u00e9e(s) de mobilier adapt\u00e9 \u00e0 l'\u00e2ge des \u00e9l\u00e8ves accueillis et du personnel enseignant", "type": "text"}, {"name": "preciser_le_materiel_pedagogique_de_la_ou_des_salles_de_classe", "description": "Pr\u00e9ciser le mat\u00e9riel p\u00e9dagogique de la ou des salles de classe", "annotations": {}, "label": "Pr\u00e9ciser le mat\u00e9riel p\u00e9dagogique de la ou des salles de classe", "type": "text"}, {"name": "structure_d_accueil_et_d_hebergement_disposant_d_une_salle_polyvalente", "description": "Structure d'accueil et d'h\u00e9bergement disposant d'une salle polyvalente", "annotations": {}, "label": "Structure d'accueil et d'h\u00e9bergement disposant d'une salle polyvalente", "type": "text"}, {"name": "preciser_les_equipements_de_la_salle_polyvalente", "description": "Pr\u00e9ciser les \u00e9quipements de la salle polyvalente", "annotations": {}, "label": "Pr\u00e9ciser les \u00e9quipements de la salle polyvalente", "type": "text"}, {"name": "nombre_de_toilettes_pour_les_eleves", "description": "Nombre de toilettes pour les \u00e9l\u00e8ves", "annotations": {"facetsort": "-count"}, "label": "Nombre de toilettes pour les \u00e9l\u00e8ves", "type": "int"}, {"name": "nombre_de_douches_pour_les_eleves", "description": "Nombre de douches pour les \u00e9l\u00e8ves", "annotations": {"facetsort": "-count"}, "label": "Nombre de douches pour les \u00e9l\u00e8ves", "type": "int"}, {"name": "structure_d_accueil_et_d_hebergement_disposant_d_un_espace_independant_et_facilement_accessible_aux_", "description": "Indique si la structure d'accueil et d'h\u00e9bergement dispose d\u2019un espace ind\u00e9pendant et facilement accessible aux \u00e9l\u00e8ves pour l\u2019infirmerie", "annotations": {}, "label": "Structure d'accueil et d'h\u00e9bergement disposant d\u2019un espace ind\u00e9pendant et facilement accessible aux \u00e9l\u00e8ves pour l\u2019infirmerie", "type": "text"}, {"name": "structure_d_accueil_et_d_hebergement_disposant_du_materiel_necessaire_aux_premiers_secours", "description": "Indique si la structure d'accueil et d'h\u00e9bergement dispose du mat\u00e9riel n\u00e9cessaire aux premiers secours", "annotations": {}, "label": "Structure d'accueil et d'h\u00e9bergement disposant du mat\u00e9riel n\u00e9cessaire aux premiers secours", "type": "text"}, {"name": "structure_d_accueil_et_d_hebergement_disposant_d_un_refectoire", "description": "Indique si la structure d'accueil et d'h\u00e9bergement dispose d'un r\u00e9fectoire", "annotations": {}, "label": "Structure d'accueil et d'h\u00e9bergement disposant d'un r\u00e9fectoire", "type": "text"}, {"name": "la_structure_d_accueil_et_d_hebergement", "description": "La structure d'accueil et d'h\u00e9bergement", "annotations": {}, "label": "La structure d'accueil et d'h\u00e9bergement", "type": "text"}, {"name": "espace_d_affichage_reserve_aux_informations_generales", "description": "Indique si la stricture dispose d'un espace d'affichage r\u00e9serv\u00e9 aux informations g\u00e9n\u00e9rales", "annotations": {}, "label": "Espace d'affichage r\u00e9serv\u00e9 aux informations g\u00e9n\u00e9rales", "type": "text"}, {"name": "mise_a_disposition_de_personnels_employes_de_facon_permanente_ne_concerne_pas_les_saisonniers", "description": "Indique si la structure met \u00e0 disposition de personnels employ\u00e9s de fa\u00e7on permanente (ne concerne pas les saisonniers)", "annotations": {}, "label": "Mise \u00e0 disposition de personnels employ\u00e9s de fa\u00e7on permanente (ne concerne pas les saisonniers)", "type": "text"}, {"name": "fonction_des_personnels_employes_de_facon_permanente_ne_concerne_pas_les_saisonniers", "description": "Fonction des personnels employ\u00e9s de fa\u00e7on permanente (ne concerne pas les saisonniers)", "annotations": {}, "label": "Fonction des personnels employ\u00e9s de fa\u00e7on permanente (ne concerne pas les saisonniers)", "type": "text"}, {"name": "mise_a_disposition_d_intervenants_exterieurs", "description": "Indique si la structure met \u00e0 disposition des intervenants ext\u00e9rieurs", "annotations": {}, "label": "Mise \u00e0 disposition d\u2019intervenants ext\u00e9rieurs", "type": "text"}, {"name": "la_structure_d_accueil_et_d_hebergement_propose_des_activites_autour_des_thematiques_liees_au_develo", "description": "Indique si la structure d\u2019accueil et d\u2019h\u00e9bergement propose des activit\u00e9s autour des th\u00e9matiques li\u00e9es au d\u00e9veloppement durable et \u00e0 la protection de la nature et de la biodiversit\u00e9", "annotations": {}, "label": "La structure d\u2019accueil et d\u2019h\u00e9bergement propose des activit\u00e9s autour des th\u00e9matiques li\u00e9es au d\u00e9veloppement durable et \u00e0 la protection de la nature et de la biodiversit\u00e9", "type": "text"}, {"name": "la_structure_d_accueil_propose_des_sejours_hors_cout_du_transport_au_tarif_journalier_de_reference_f", "description": "Indique si la structure d\u2019accueil propose des s\u00e9jours, hors co\u00fbt du transport, au tarif journalier de r\u00e9f\u00e9rence fix\u00e9 par le minist\u00e8re charg\u00e9 de l'\u00e9ducation", "annotations": {}, "label": "La structure d\u2019accueil propose des s\u00e9jours, hors co\u00fbt du transport, au tarif journalier de r\u00e9f\u00e9rence fix\u00e9 par le minist\u00e8re charg\u00e9 de l'\u00e9ducation", "type": "text"}, {"name": "la_structure_d_accueil_et_d_hebergement_propose_des_activites_qui_s_inscrivent_dans_le_cadre_du_disp", "description": "Indique si la structure d\u2019accueil et d\u2019h\u00e9bergement propose des activit\u00e9s qui s\u2019inscrivent dans le cadre du dispositif \u00ab Savoir nager \u00bb", "annotations": {}, "label": "La structure d\u2019accueil et d\u2019h\u00e9bergement propose des activit\u00e9s qui s\u2019inscrivent dans le cadre du dispositif \u00ab Savoir nager \u00bb", "type": "text"}, {"name": "la_structure_d_accueil_et_d_hebergement_propose_des_activites_qui_s_inscrivent_dans_le_cadre_du_dis0", "description": "Indique si la structure d\u2019accueil et d\u2019h\u00e9bergement propose des activit\u00e9s qui s\u2019inscrivent dans le cadre du dispositif \u00ab Savoir rouler \u00e0 v\u00e9lo \u00bb", "annotations": {}, "label": "La structure d\u2019accueil et d\u2019h\u00e9bergement propose des activit\u00e9s qui s\u2019inscrivent dans le cadre du dispositif \u00ab Savoir rouler \u00e0 v\u00e9lo \u00bb", "type": "text"}, {"name": "la_structure_d_accueil_et_d_hebergement_propose_un_transport_en_autocar_respectant_la_charte_qualite", "description": "Indique si la structure d'accueil et d'h\u00e9bergement propose un transport en autocar respectant la Charte qualit\u00e9 du transport occasionnel de mineurs", "annotations": {}, "label": "La structure d'accueil et d'h\u00e9bergement propose un transport en autocar respectant la Charte qualit\u00e9 du transport occasionnel de mineurs", "type": "text"}, {"name": "le_responsable_de_la_structure_d_accueil_et_d_hebergement_atteste_de_l_exactitude_des_informations_r", "description": "Indique si le responsable de la structure d'accueil et d'h\u00e9bergement atteste l\u2019exactitude des informations renseign\u00e9es dans le formulaire de candidature.", "annotations": {}, "label": "Le responsable de la structure d'accueil et d'h\u00e9bergement atteste l\u2019exactitude des informations renseign\u00e9es dans le formulaire de candidature.", "type": "text"}, {"name": "mode_de_participation", "description": "Mode de participation", "annotations": {}, "label": "Mode de participation", "type": "text"}, {"name": "credits_de_l_image", "description": "Cr\u00e9dits de l'image", "annotations": {}, "label": "Cr\u00e9dits de l'image", "type": "text"}, {"name": "label_ma_classe_nature", "description": "indique si le lieu est labellis\u00e9 ma classe nature", "annotations": {}, "label": "Label \u00ab Ma classe nature \u00bb", "type": "text"}, {"name": "lieu_daccueilposition", "description": "position du lieu d\u2019accueil", "annotations": {}, "label": "Nom du lieu d'accueil : Position", "type": "geo_point_2d"}, {"name": "nom_du_lieu_d_accueil_arrondissement", "description": null, "annotations": {}, "label": "Nom du lieu d'accueil: Arrondissement", "type": "text"}, {"name": "nom_du_lieu_d_accueil_quartier", "description": null, "annotations": {}, "label": "Nom du lieu d'accueil: Quartier", "type": "text"}, {"name": "date_du_dernier_passage_de_la_commission_consultative_departementale_de_securite_et_d_accessibilite", "description": null, "annotations": {}, "label": "Date du dernier passage de la commission consultative d\u00e9partementale de s\u00e9curit\u00e9 et d\u2019accessibilit\u00e9", "type": "text"}, {"name": "date_de_l_autorisation_municipale_d_ouverture", "description": null, "annotations": {}, "label": "Date de l\u2019autorisation municipale d\u2019ouverture", "type": "text"}, {"name": "etat", "description": null, "annotations": {}, "label": "\u00c9tat", "type": "text"}], "metas": {"dcat": {"created": "2024-07-26", "issued": "2024-07-26", "creator": null, "contributor": null, "contact_name": null, "contact_email": null, "accrualperiodicity": null, "spatial": null, "temporal": null, "granularity": null, "dataquality": null, "publisher_type": null, "conforms_to": null, "temporal_coverage_start": null, "temporal_coverage_end": null, "accessRights": null, "relation": null}, "default": {"title": "Catalogue national des structures d'accueil et d'h\u00e9bergement", "description": "<div class=\"text-block\">\n  \n  \n    <div class=\"rich-text ckeditor-text clearfix\">\n      <p>Afin de faciliter l\u2019organisation de voyages scolaires, le \ncatalogue national des structures d\u2019accueil et d\u2019h\u00e9bergement permet aux \nenseignants de\u00a0<strong>localiser facilement et rapidement les structures d\u2019accueil et d\u2019h\u00e9bergement</strong>\u00a0adapt\u00e9es \u00e0 la mise en \u0153uvre de leur projet p\u00e9dagogique.\u00a0</p>\n<p>Les enseignants conservent toutefois la possibilit\u00e9 de recourir \u00e0 des\n structures ne figurant pas dans le catalogue national des structures \nd\u2019accueil et d\u2019h\u00e9bergement, sous r\u00e9serve que ces derni\u00e8res remplissent \nles conditions de s\u00e9curit\u00e9 propres \u00e0 l\u2019accueil d\u2019\u00e9l\u00e8ves mineurs.</p><p>Plus d'informations sur eduscol : <a href=\"https://eduscol.education.fr/3098/catalogue-national-des-structures-d-accueil-et-d-hebergement\" target=\"_blank\">https://eduscol.education.fr/3098/catalogue-national-des-structures-d-accueil-et-d-hebergement</a><br></p>\n\n\n  </div>\n</div><p></p>", "theme": ["Sport, jeunesse et vie associative"], "keyword": ["h\u00e9bergement"], "license": "Licence Ouverte v2.0 (Etalab)", "license_url": "http://www.etalab.gouv.fr/wp-content/uploads/2017/04/ETALAB-Licence-Ouverte-v2.0.pdf", "language": "fr", "metadata_languages": ["fr"], "timezone": null, "modified": "2026-01-31T23:00:11.344000+00:00", "modified_updates_on_metadata_change": true, "modified_updates_on_data_change": true, "data_processed": "2026-01-31T23:00:11.344000+00:00", "metadata_processed": "2026-04-25T22:00:04.858000+00:00", "geographic_reference": null, "geographic_reference_auto": false, "territory": null, "geometry_types": ["Point"], "bbox": {"type": "Feature", "geometry": {"coordinates": [[[8.155671916902065, 50.98706996999681], [-5.123155005276203, 50.98706996999681], [-5.123155005276203, 42.38760096486658], [8.155671916902065, 42.38760096486658], [8.155671916902065, 50.98706996999681]]], "type": "Polygon"}, "properties": {}}, "publisher": "DJEPVA - Minist\u00e8re charg\u00e9 de la Jeunesse", "references": null, "records_count": 649, "attributions": null, "source_domain": null, "source_domain_title": null, "source_domain_address": null, "source_dataset": null, "shared_catalog": null, "federated": false, "parent_domain": null, "update_frequency": null}, "metadonnees-complementaires": {"date-observation": null, "periode-donnees": null, "champ": null, "couverture-geographique": null, "unite-statistique": null, "secret-statistique": null}}}}