{"links": [{"rel": "self", "href": "https://data.education.gouv.fr/api/v2/catalog/datasets/fr-en-carto-pro-insertion"}, {"rel": "datasets", "href": "https://data.education.gouv.fr/api/v2/catalog/datasets"}, {"rel": "records", "href": "https://data.education.gouv.fr/api/v2/catalog/datasets/fr-en-carto-pro-insertion/records"}, {"rel": "exports", "href": "https://data.education.gouv.fr/api/v2/catalog/datasets/fr-en-carto-pro-insertion/exports"}, {"rel": "facets", "href": "https://data.education.gouv.fr/api/v2/catalog/datasets/fr-en-carto-pro-insertion/facets"}], "dataset": {"visibility": "domain", "dataset_id": "fr-en-carto-pro-insertion", "dataset_uid": "da_j3a6un", "has_records": true, "features": ["analyze", "custom_view"], "attachments": [], "alternative_exports": [], "data_visible": true, "fields": [{"name": "annee", "description": "Ann\u00e9e de sortie d'\u00e9tudes des \u00e9l\u00e8ves inscrits en derni\u00e8re ann\u00e9e de cycle professionnel", "annotations": {"facet": true, "facetsort": "-count"}, "label": "Ann\u00e9e", "type": "int"}, {"name": "filiere", "description": null, "annotations": {"facet": true, "facetsort": "alphanum", "disjunctive": true, "sortable": true}, "label": "Fili\u00e8re", "type": "text"}, {"name": "type_du_diplome", "description": "Type de dipl\u00f4me de la voie professionnelle (ici CAP ou BAC PRO)", "annotations": {"facet": true, "facetsort": "alphanum", "disjunctive": true}, "label": "Type du dipl\u00f4me", "type": "text"}, {"name": "diplome", "description": "Libell\u00e9 du dipl\u00f4me de la voie professionnelle (libell\u00e9 de la sp\u00e9cialit\u00e9+type du dipl\u00f4me)", "annotations": {"facetsort": "alphanum", "disjunctive": true}, "label": "Dipl\u00f4me", "type": "text"}, {"name": "specialite_du_diplome", "description": "Libell\u00e9 de la sp\u00e9cialit\u00e9 du dipl\u00f4me de la voie professionnelle", "annotations": {"facet": true, "facetsort": "alphanum", "disjunctive": true}, "label": "Sp\u00e9cialit\u00e9 du dipl\u00f4me", "type": "text"}, {"name": "code_du_diplome", "description": "Code de la sp\u00e9cialit\u00e9 du dipl\u00f4me de la voie professionnelle sur 5 caract\u00e8res (il commence par 2 si la sp\u00e9cialit\u00e9 appartient au secteur de la production, par 3 si elle appartient au secteur des services)", "annotations": {"facet": true}, "label": "Code du dipl\u00f4me", "type": "text"}, {"name": "taux_d_insertion", "description": "Le taux d\u2019emploi donne la part, parmi les \u00e9l\u00e8ves ne poursuivant pas leurs \u00e9tudes, de ceux qui disposent d\u2019un contrat de travail dans le secteur priv\u00e9, sur une semaine de r\u00e9f\u00e9rence, 6 (et \u00e0 terme 12, 18 ou 24 mois) suivant la fin de leurs \u00e9tudes. Cet indicateur vise \u00e0 mesurer l\u2019insertion en emploi des sortants de formation \u00e0 diff\u00e9rentes dates de fa\u00e7on \u00e0 suivre leur trajectoire en d\u00e9but de carri\u00e8re professionnelle.", "annotations": {}, "label": "Taux d'emploi", "type": "double"}, {"name": "diplome_court", "description": "Libell\u00e9 court du dipl\u00f4me (type du dipl\u00f4me + libell\u00e9 de la sp\u00e9cialit\u00e9)", "annotations": {"facet": true, "facetsort": "alphanum", "disjunctive": true, "sortable": true}, "label": "Diplome court", "type": "text"}], "metas": {"dcat": {"created": null, "issued": null, "creator": null, "contributor": null, "contact_name": null, "contact_email": null, "accrualperiodicity": "Annuelle", "spatial": "France", "temporal": "2016-2019", "granularity": null, "dataquality": null, "publisher_type": null, "conforms_to": null, "temporal_coverage_start": "2015-12-31T23:00:00+00:00", "temporal_coverage_end": "2019-12-30T23:00:00+00:00", "accessRights": null, "relation": null}, "default": {"title": "Taux d'emploi des dipl\u00f4mes de la voie professionnelle", "description": "<div class=\"ods-asset-customview-crosslink\"><p>Cet actif a \u00e9t\u00e9 li\u00e9 \u00e0 l'actif suivant : <a href=\"/explore/assets/visualisation-fr-en-carto-pro-insertion/\">Taux d'emploi des dipl\u00f4mes de la voie professionnelle - Visualization</a></p><hr></div><p>Taux d'emploi dans la voie professionnelle par sp\u00e9cialit\u00e9 de dipl\u00f4mes depuis 2016.</p><p>L'ann\u00e9e correspond \u00e0 l'ann\u00e9e de sortie d'\u00e9tudes des \u00e9l\u00e8ves inscrits en derni\u00e8re ann\u00e9e de cycle professionnel. Par exemple, pour l'ann\u00e9e 2019, est observ\u00e9 le taux d'emploi \u00e0 6 mois des sortants de 2019.<br></p><p><span style=\"font-family: inherit; font-size: 0.875rem;\">Source : Inserjeunes</span></p><p><span style=\"font-family: inherit; font-size: 0.875rem;\">Champ : secteurs public et priv\u00e9 (sous contrat pour les scolaires), \u00e9l\u00e8ves sous statut scolaire et apprentis<br></span><br></p><p></p>", "theme": ["Dipl\u00f4mes et examens", "Parcours et insertion professionnelle"], "keyword": ["insertion", "voie professionnelle", "formation professionnelle"], "license": "Licence Ouverte v2.0 (Etalab)", "license_url": "http://www.etalab.gouv.fr/wp-content/uploads/2017/04/ETALAB-Licence-Ouverte-v2.0.pdf", "language": "fr", "metadata_languages": ["fr"], "timezone": null, "modified": "2026-01-29T18:38:28.464000+00:00", "modified_updates_on_metadata_change": false, "modified_updates_on_data_change": true, "data_processed": "2026-01-29T18:38:28.464000+00:00", "metadata_processed": "2026-02-02T21:52:04.885000+00:00", "geographic_reference": ["world_fr"], "geographic_reference_auto": true, "territory": ["France"], "geometry_types": null, "bbox": null, "publisher": "DGESCO - Minist\u00e8re de l'\u00e9ducation nationale", "references": null, "records_count": 635, "attributions": null, "source_domain": null, "source_domain_title": null, "source_domain_address": null, "source_dataset": null, "shared_catalog": null, "federated": false, "parent_domain": null, "update_frequency": null}, "metadonnees-complementaires": {"date-observation": null, "periode-donnees": null, "champ": null, "couverture-geographique": null, "unite-statistique": null, "secret-statistique": null}}}}