{"links": [{"rel": "self", "href": "https://data.education.gouv.fr/api/v2/catalog/datasets/fr-en-cap_specialite_sexe_statut_departement"}, {"rel": "datasets", "href": "https://data.education.gouv.fr/api/v2/catalog/datasets"}, {"rel": "records", "href": "https://data.education.gouv.fr/api/v2/catalog/datasets/fr-en-cap_specialite_sexe_statut_departement/records"}, {"rel": "exports", "href": "https://data.education.gouv.fr/api/v2/catalog/datasets/fr-en-cap_specialite_sexe_statut_departement/exports"}, {"rel": "facets", "href": "https://data.education.gouv.fr/api/v2/catalog/datasets/fr-en-cap_specialite_sexe_statut_departement/facets"}], "dataset": {"visibility": "domain", "dataset_id": "fr-en-cap_specialite_sexe_statut_departement", "dataset_uid": "da_0aumjo", "has_records": true, "features": ["timeserie", "analyze"], "attachments": [], "alternative_exports": [], "data_visible": true, "fields": [{"name": "session", "description": "ann\u00e9e au format YYYY", "annotations": {"timeserie_precision": "year"}, "label": "Ann\u00e9e", "type": "date"}, {"name": "academie", "description": "Code associ\u00e9 \u00e0 l'acad\u00e9mie", "annotations": {}, "label": "Acad\u00e9mie", "type": "text"}, {"name": "libelle_academie", "description": "Libell\u00e9 de l'acad\u00e9mie", "annotations": {}, "label": "Libell\u00e9 Acad\u00e9mie", "type": "text"}, {"name": "dep", "description": "Code INSEE du d\u00e9partement", "annotations": {}, "label": "D\u00e9partement", "type": "text"}, {"name": "libelle_dep", "description": "Libell\u00e9 du d\u00e9partement", "annotations": {}, "label": "Libell\u00e9 du D\u00e9partement", "type": "text"}, {"name": "libelle_stat_33", "description": "Libell\u00e9 de la sp\u00e9cialit\u00e9 des candidats", "annotations": {}, "label": "Sp\u00e9cialit\u00e9", "type": "text"}, {"name": "sexe", "description": "Sexe du candidat", "annotations": {}, "label": "Sexe", "type": "text"}, {"name": "statut", "description": "Statut du candidat", "annotations": {}, "label": "Statut", "type": "text"}, {"name": "inscrits", "description": "Nombre d'inscrits par sexe, sp\u00e9cialit\u00e9, statut et d\u00e9partement ", "annotations": {}, "label": "Inscrits", "type": "int"}, {"name": "presents", "description": "Nombre de pr\u00e9sents par sexe, sp\u00e9cialit\u00e9, statut et d\u00e9partement ", "annotations": {}, "label": "Pr\u00e9sents", "type": "int"}, {"name": "admis", "description": "Nombre d'admis par sexe, sp\u00e9cialit\u00e9, statut et d\u00e9partement ", "annotations": {}, "label": "Admis", "type": "text"}, {"name": "taux_reussite", "description": "Taux de r\u00e9ussite par sexe, sp\u00e9cialit\u00e9, statut et d\u00e9partement ", "annotations": {}, "label": "Taux de r\u00e9ussite", "type": "text"}, {"name": "num_ligne", "description": "variable de tri des donn\u00e9es", "annotations": {}, "label": "num_ligne", "type": "int"}], "metas": {"dcat": {"created": "2025-06-15", "issued": "2025-06-16", "creator": null, "contributor": null, "contact_name": null, "contact_email": null, "accrualperiodicity": "annual", "spatial": "France", "temporal": "Session annuelle des examens du CAP de Juin \u00e0 Septembre", "granularity": null, "dataquality": null, "publisher_type": null, "conforms_to": null, "temporal_coverage_start": "2024-06-29T22:00:00+00:00", "temporal_coverage_end": "2024-06-29T22:00:00+00:00", "accessRights": null, "relation": null}, "default": {"title": "R\u00e9sultats par sp\u00e9cialit\u00e9, sexe, statut et d\u00e9partement au CAP", "description": "Le jeu de donn\u00e9es pr\u00e9sente le nombre de candidats pr\u00e9sents et admis ainsi que le taux de r\u00e9ussite au CAP par d\u00e9partement, sp\u00e9cialit\u00e9, statut et genre.<br><br>Le Certificat d\u2019aptitude professionnelle (CAP) (CAPA pour agricole) est un dipl\u00f4me national qui atteste d\u2019un premier niveau de qualification professionnelle. Il a pour objectif une entr\u00e9e directe dans la vie professionnelle, mais rend possible \u00e9galement la poursuite d\u2019\u00e9tudes. Il permet en particulier l\u2019acc\u00e8s direct en classe de premi\u00e8re professionnelle dans une sp\u00e9cialit\u00e9 de baccalaur\u00e9at professionnel relevant du m\u00eame secteur.<br><br>La date d'observation est d\u00e9finie au 30 juin de chaque ann\u00e9e m\u00eame si la date des \u00e9preuves varie d'une ann\u00e9e \u00e0 l'autre.<br><br>Derni\u00e8re observation : Session 2024 du CAP.<br><br>Les donn\u00e9es accessibles aux chercheurs sont disponibles par ann\u00e9e (CAP 2002, \u2026, CAP 2024 etc.).<br><br>Chaque jeu de donn\u00e9es regroupe l\u2019ensemble des candidats au CAP, quelle que soit leur origine scolaire (candidats individuels compris) et le minist\u00e8re de rattachement des \u00e9tablissements fr\u00e9quent\u00e9s (\u00e9ducation nationale ou agriculture).<br><br>L\u2019ensemble des sp\u00e9cialit\u00e9s sont repr\u00e9sent\u00e9es (production ou de services) et le r\u00e9sultat \u00e0 l\u2019examen (par \u00e9preuve) de chaque candidat figure dans le fichier. Une ligne correspond au nombre de filles/gar\u00e7ons, selon leur statut et leur sp\u00e9cialit\u00e9 pr\u00e9sents/admis pour un d\u00e9partement.<br><br><h3 style=\"text-align:justify\"><a name=\"historique\"><span style=\"mso-ansi-language:\nFR\">Historique</span></a><span style=\"mso-ansi-language:FR\"></span></h3>\n\n<p class=\"MsoBodyText\" style=\"text-align:justify\"><span style=\"mso-ansi-language:\nFR\">La DEPP fournit ce fichier pour la premi\u00e8re fois en 2025 concernant les\ndonn\u00e9es de la session 2024 du CAP.</span></p>", "theme": ["Dipl\u00f4mes et examens"], "keyword": ["CAP", "certificat d'aptitude professionnelle", "taux de r\u00e9ussite", "statut", "d\u00e9partement", "sexe", "sp\u00e9cialit\u00e9"], "license": "Licence Ouverte v2.0 (Etalab)", "license_url": "http://www.etalab.gouv.fr/wp-content/uploads/2017/04/ETALAB-Licence-Ouverte-v2.0.pdf", "language": "fr", "metadata_languages": ["fr"], "timezone": null, "modified": "2026-02-10T12:59:41.867000+00:00", "modified_updates_on_metadata_change": true, "modified_updates_on_data_change": true, "data_processed": "2026-01-29T20:07:01.370000+00:00", "metadata_processed": "2026-02-10T12:59:43.271000+00:00", "geographic_reference": null, "geographic_reference_auto": false, "territory": null, "geometry_types": null, "bbox": null, "publisher": "DEPP \u2013 Minist\u00e8re en charge de l\u2019\u00e9ducation nationale", "references": null, "records_count": 17454, "attributions": null, "source_domain": null, "source_domain_title": null, "source_domain_address": null, "source_dataset": null, "shared_catalog": null, "federated": false, "parent_domain": null, "update_frequency": ["ANNUAL"]}, "metadonnees-complementaires": {"date-observation": "30/06/2024", "periode-donnees": "2024", "champ": "Candidats pr\u00e9sents aux dipl\u00f4mes de CAP et CAPA d\u00e9livr\u00e9s par le minist\u00e8re charg\u00e9 de l'\u00c9ducation nationale et le minist\u00e8re charg\u00e9 de l'Agriculture. Tous les statuts des candidats sont pris en compte, qu'ils soient scolaires, apprentis ou autres (formation continue, candidat individuel ou en enseignement \u00e0 distance).", "couverture-geographique": ["France"], "unite-statistique": "Les candidats au CAP", "secret-statistique": null}}}}