{"links": [{"rel": "self", "href": "https://data.education.gouv.fr/api/v2/catalog/datasets/fr-en-bilan-contentieux"}, {"rel": "datasets", "href": "https://data.education.gouv.fr/api/v2/catalog/datasets"}, {"rel": "records", "href": "https://data.education.gouv.fr/api/v2/catalog/datasets/fr-en-bilan-contentieux/records"}, {"rel": "exports", "href": "https://data.education.gouv.fr/api/v2/catalog/datasets/fr-en-bilan-contentieux/exports"}, {"rel": "facets", "href": "https://data.education.gouv.fr/api/v2/catalog/datasets/fr-en-bilan-contentieux/facets"}], "dataset": {"visibility": "domain", "dataset_id": "fr-en-bilan-contentieux", "dataset_uid": "da_soeg8q", "has_records": true, "features": ["timeserie", "analyze"], "attachments": [], "alternative_exports": [], "data_visible": true, "fields": [{"name": "annee", "description": "Ann\u00e9e", "annotations": {"facet": true, "sortable": true, "disjunctive": true, "timeserie_precision": "year"}, "label": "Ann\u00e9e", "type": "date"}, {"name": "domaine", "description": "Domaine", "annotations": {"facet": true, "disjunctive": true, "sortable": true}, "label": "Domaine", "type": "text"}, {"name": "titre", "description": "Titre du document", "annotations": {"sortable": true}, "label": "Titre", "type": "text"}, {"name": "description", "description": "Description du document", "annotations": {}, "label": "Description", "type": "text"}, {"name": "fichier_de_donnees", "description": "Document statistique", "annotations": {}, "label": "Fichier de donn\u00e9es", "type": "file"}], "metas": {"dcat": {"created": "2021-07-07", "issued": "2021-07-07", "creator": null, "contributor": null, "contact_name": null, "contact_email": null, "accrualperiodicity": "Annuelle", "spatial": "France", "temporal": "2019-2021", "granularity": null, "dataquality": null, "publisher_type": null, "conforms_to": null, "temporal_coverage_start": "2018-12-31T23:00:00+00:00", "temporal_coverage_end": "2021-12-30T23:00:00+00:00", "accessRights": null, "relation": null}, "default": {"title": "Bilan contentieux - Administration centrale et Acad\u00e9mies", "description": "<p><span style='font-size:11.0pt;line-height:105%;\nfont-family:\"Arial\",sans-serif;mso-fareast-font-family:\"Times New Roman\";\nmso-bidi-font-family:\"Times New Roman\";mso-ansi-language:FR;mso-fareast-language:\nEN-US;mso-bidi-language:AR-SA'><span style='font-size:11.0pt;line-height:105%;\nfont-family:\"Arial\",sans-serif;mso-fareast-font-family:\"Times New Roman\";\nmso-bidi-font-family:\"Times New Roman\";mso-ansi-language:FR;mso-fareast-language:\nEN-US;mso-bidi-language:AR-SA'>Donn\u00e9es contentieuses des ann\u00e9es 2019/2021 trait\u00e9es en administration centrale par la sous-direction Enseignement scolaire et donn\u00e9es contentieuses des ann\u00e9es 2019/2021 trait\u00e9es en acad\u00e9mies dans le domaine de l\u2019enseignement scolaire</span></span></p><p><span style='font-size:11.0pt;line-height:105%;\nfont-family:\"Arial\",sans-serif;mso-fareast-font-family:\"Times New Roman\";\nmso-bidi-font-family:\"Times New Roman\";mso-ansi-language:FR;mso-fareast-language:\nEN-US;mso-bidi-language:AR-SA'><span style='font-size:11.0pt;line-height:105%;\nfont-family:\"Arial\",sans-serif;mso-fareast-font-family:\"Times New Roman\";\nmso-bidi-font-family:\"Times New Roman\";mso-ansi-language:FR;mso-fareast-language:\nEN-US;mso-bidi-language:AR-SA'>Producteur : Direction des affaires juridiques<br><br>Source des donn\u00e9es administration centrale :<br>Extraction de la base SWAG, base interne de gestion des dossiers contentieux des MEN et MESR<br><br>Source des donn\u00e9es acad\u00e9mies :<br>Enqu\u00eate men\u00e9e aupr\u00e8s des rectorats</span></span></p><p class=\"MsoNormal\" style=\"margin-bottom:0cm;line-height:normal;mso-element:\n  frame;mso-element-frame-hspace:7.05pt;mso-element-wrap:around;mso-element-anchor-vertical:\n  paragraph;mso-element-anchor-horizontal:margin;mso-element-top:4.65pt;\n  mso-height-rule:exactly\"><span style='font-size:11.0pt;line-height:105%;\nfont-family:\"Arial\",sans-serif;mso-fareast-font-family:\"Times New Roman\";\nmso-bidi-font-family:\"Times New Roman\";mso-ansi-language:FR;mso-fareast-language:\nEN-US;mso-bidi-language:AR-SA'><span style='font-size:11.0pt;line-height:105%;\nfont-family:\"Arial\",sans-serif;mso-fareast-font-family:\"Times New Roman\";\nmso-bidi-font-family:\"Times New Roman\";mso-ansi-language:FR;mso-fareast-language:\nEN-US;mso-bidi-language:AR-SA'>Ces donn\u00e9es </span></span>sont reprises et comment\u00e9es dans le\n  num\u00e9ro hors-s\u00e9rie annuel de la Lettre d\u2019information juridique, le bilan\n  contentieux.</p><div style=\"mso-element:frame;mso-element-frame-hspace:7.05pt;mso-element-wrap:\naround;mso-element-anchor-vertical:paragraph;mso-element-anchor-horizontal:\nmargin;mso-element-top:4.65pt;mso-height-rule:exactly\"><table align=\"left\" cellpadding=\"0\" cellspacing=\"0\" hspace=\"0\" vspace=\"0\"><tbody><tr><td align=\"left\" style=\"padding-top:0cm;padding-right:7.05pt;\n  padding-bottom:0cm;padding-left:7.05pt\" valign=\"top\">\n  <br></td>\n </tr>\n</tbody></table>\n\n</div>\n\n<span style='font-size:11.0pt;line-height:105%;font-family:\"Arial\",sans-serif;\nmso-fareast-font-family:\"Times New Roman\";mso-bidi-font-family:\"Times New Roman\";\nmso-ansi-language:FR;mso-fareast-language:EN-US;mso-bidi-language:AR-SA'><a href=\"https://www.education.gouv.fr/media/118427/download\">https://www.education.gouv.fr/media/118427/download</a></span><p><span style='font-size:11.0pt;line-height:105%;\nfont-family:\"Arial\",sans-serif;mso-fareast-font-family:\"Times New Roman\";\nmso-bidi-font-family:\"Times New Roman\";mso-ansi-language:FR;mso-fareast-language:\nEN-US;mso-bidi-language:AR-SA'><span style='font-size:11.0pt;line-height:105%;\nfont-family:\"Arial\",sans-serif;mso-fareast-font-family:\"Times New Roman\";\nmso-bidi-font-family:\"Times New Roman\";mso-ansi-language:FR;mso-fareast-language:\nEN-US;mso-bidi-language:AR-SA'></span></span></p>", "theme": ["Organisation du syst\u00e8me scolaire", "Finances et droit", "Donn\u00e9es de r\u00e9f\u00e9rence"], "keyword": ["bilan contentieux", "acad\u00e9mies", "enseignement scolaire", "administration centrale"], "license": "Licence Ouverte v2.0 (Etalab)", "license_url": "http://www.etalab.gouv.fr/wp-content/uploads/2017/04/ETALAB-Licence-Ouverte-v2.0.pdf", "language": "fr", "metadata_languages": ["fr"], "timezone": null, "modified": "2026-01-29T18:43:43.489000+00:00", "modified_updates_on_metadata_change": true, "modified_updates_on_data_change": true, "data_processed": "2026-01-29T18:43:43.489000+00:00", "metadata_processed": "2026-01-29T18:43:43.615000+00:00", "geographic_reference": ["world_fr"], "geographic_reference_auto": true, "territory": ["France"], "geometry_types": null, "bbox": null, "publisher": "Direction des affaires juridiques - Minist\u00e8re de l'\u00c9ducation nationale", "references": "https://www.education.gouv.fr/lettre-information/lettre-information-juridique/PDF/LIJ_2020_bilan.pdf", "records_count": 79, "attributions": null, "source_domain": null, "source_domain_title": null, "source_domain_address": null, "source_dataset": null, "shared_catalog": null, "federated": false, "parent_domain": null, "update_frequency": null}, "metadonnees-complementaires": {"date-observation": null, "periode-donnees": null, "champ": null, "couverture-geographique": null, "unite-statistique": null, "secret-statistique": null}}}}