{"links": [{"rel": "self", "href": "https://data.education.gouv.fr/api/v2/catalog/datasets/fr-en-baccalaureat-par-departement"}, {"rel": "datasets", "href": "https://data.education.gouv.fr/api/v2/catalog/datasets"}, {"rel": "records", "href": "https://data.education.gouv.fr/api/v2/catalog/datasets/fr-en-baccalaureat-par-departement/records"}, {"rel": "exports", "href": "https://data.education.gouv.fr/api/v2/catalog/datasets/fr-en-baccalaureat-par-departement/exports"}, {"rel": "facets", "href": "https://data.education.gouv.fr/api/v2/catalog/datasets/fr-en-baccalaureat-par-departement/facets"}], "dataset": {"visibility": "domain", "dataset_id": "fr-en-baccalaureat-par-departement", "dataset_uid": "da_aanecz", "has_records": true, "features": ["analyze", "timeserie"], "attachments": [], "alternative_exports": [], "data_visible": true, "fields": [{"name": "session", "description": "Ann\u00e9e de la session de dipl\u00f4me au format YYYY", "annotations": {"timeserie_precision": "year"}, "label": "Session", "type": "date"}, {"name": "code_academie", "description": "Code de l'acad\u00e9mie", "annotations": {}, "label": "Code acad\u00e9mie", "type": "text"}, {"name": "academie", "description": "Libell\u00e9 de l'acad\u00e9mie", "annotations": {}, "label": "Libell\u00e9 acad\u00e9mie", "type": "text"}, {"name": "code_departement", "description": "Code du d\u00e9partement", "annotations": {}, "label": "Code d\u00e9partement", "type": "text"}, {"name": "departement", "description": "Libell\u00e9 du d\u00e9partement", "annotations": {}, "label": "Libell\u00e9 d\u00e9partement", "type": "text"}, {"name": "voie", "description": "Voie g\u00e9n\u00e9rale, technologique ou professionnelle", "annotations": {}, "label": "Voie", "type": "text"}, {"name": "genre", "description": "Masculin, F\u00e9minin", "annotations": {}, "label": "Genre", "type": "text"}, {"name": "nombre_de_presents_a_l_examen", "description": "Nombre de pr\u00e9sents \u00e0 l'examen", "annotations": {}, "label": "Nombre de pr\u00e9sents \u00e0 l'examen", "type": "int"}, {"name": "nombre_d_admis_a_l_examen", "description": "Nombre d'admis \u00e0 l'examen", "annotations": {}, "label": "Nombre d'admis \u00e0 l'examen", "type": "int"}, {"name": "taux_de_reussite_a_l_examen", "description": "Nombre total d'admis *100 / Nombre de pr\u00e9sents", "annotations": {}, "label": "Taux de r\u00e9ussite \u00e0 l'examen", "type": "double"}], "metas": {"dcat": {"created": "2025-01-16", "issued": "2025-02-10", "creator": "Bureau des \u00e9tudes statistiques sur les \u00e9l\u00e8ves", "contributor": null, "contact_name": null, "contact_email": null, "accrualperiodicity": "annual", "spatial": "France", "temporal": "Session annuelle du baccalaur\u00e9at de juin et septembre", "granularity": null, "dataquality": null, "publisher_type": null, "conforms_to": null, "temporal_coverage_start": "2023-06-29T22:00:00+00:00", "temporal_coverage_end": "2025-06-29T22:00:00+00:00", "accessRights": null, "relation": null}, "default": {"title": "R\u00e9ussite au baccalaur\u00e9at par d\u00e9partement", "description": "<p>Ce jeu de donn\u00e9es contient les r\u00e9sultats au baccalaur\u00e9at par d\u00e9partement et par voie du baccalaur\u00e9at.<br><br>Le baccalaur\u00e9at est un dipl\u00f4me national qui sanctionne la fin des \u00e9tudes secondaires g\u00e9n\u00e9rale, technologique ou professionnelle.<br><br>Ce jeu de donn\u00e9es regroupe l'ensemble des candidats au baccalaur\u00e9at des sessions de juin et de septembre, quels que soient leur origine scolaire (candidats individuels compris) et le minist\u00e8re d\u00e9livrant le dipl\u00f4me (\u00e9ducation nationale ou agriculture). <br><br>La date d'observation est d\u00e9finie au 30 juin de chaque ann\u00e9e m\u00eame si la date des \u00e9preuves varie d'une ann\u00e9e \u00e0 l'autre.<br><br>Derni\u00e8re observation : Session 2025 du baccalaur\u00e9at<br><br>Pour en savoir plus :<br></p><p><a href=\"https://www.education.gouv.fr/depp/resultats-definitifs-du-baccalaureat-2025-moins-de-bacheliers-dans-les-voies-generale-et-469403\" target=\"_blank\">Thomas\n F., 2026, \u00ab R\u00e9sultats d\u00e9finitifs du baccalaur\u00e9at 2025 : moins de \nbacheliers dans les voies g\u00e9n\u00e9rale et technologique, plus dans la voie \nprofessionnelle \u00bb, <i>Note d'Information</i>, n\u00b0 26-05, DEPP.</a></p><p><a href=\"https://www.education.gouv.fr/resultats-definitifs-de-la-session-2024-du-baccalaureat-un-taux-de-reussite-en-hausse-dans-chacune-416467\" target=\"_blank\">Thomas\n F., 2025, \"R\u00e9sultats d\u00e9finitifs de la session 2024 du baccalaur\u00e9at : un\n taux de r\u00e9ussite en hausse dans chacune des voies\", <i>Note d'Information</i>, n\u00b0 25-05, DEPP.<br></a>https://doi.org/10.48464/ni-25-05</p><p><a href=\"https://www.education.gouv.fr/resultats-definitifs-de-la-session-2023-du-baccalaureat-stabilisation-des-resultats-apres-la-crise-413901\" target=\"_blank\">Thomas\n F., 2024,\"R\u00e9sultats d\u00e9finitifs de la session 2023 du baccalaur\u00e9at : \nstabilisation des r\u00e9sultats apr\u00e8s la crise sanitaire et la mise en place\n du nouveau baccalaur\u00e9at g\u00e9n\u00e9ral\", Note d'Information, n\u00b0 24.07, DEPP.</a>\u00a0<br><a href=\"https://shs.hal.science/halshs-04513205\" target=\"_blank\">https://doi.org/10.48464/ni-24-07</a></p>", "theme": ["Dipl\u00f4mes et examens"], "keyword": ["lyc\u00e9e", "examen", "baccalaur\u00e9at", "d\u00e9partement", "terminale", "second degr\u00e9", "2nd degr\u00e9", "BAC", "r\u00e9ussite", "candidat"], "license": "Licence Ouverte v2.0 (Etalab)", "license_url": "http://www.etalab.gouv.fr/wp-content/uploads/2017/04/ETALAB-Licence-Ouverte-v2.0.pdf", "language": "fr", "metadata_languages": ["fr"], "timezone": null, "modified": "2026-02-17T09:11:15.766000+00:00", "modified_updates_on_metadata_change": true, "modified_updates_on_data_change": true, "data_processed": "2026-02-17T09:06:19.886000+00:00", "metadata_processed": "2026-02-17T09:11:17.241000+00:00", "geographic_reference": null, "geographic_reference_auto": false, "territory": null, "geometry_types": null, "bbox": null, "publisher": "DEPP \u2013 Minist\u00e8re en charge de l\u2019\u00e9ducation nationale", "references": null, "records_count": 1818, "attributions": null, "source_domain": null, "source_domain_title": null, "source_domain_address": null, "source_dataset": null, "shared_catalog": null, "federated": false, "parent_domain": null, "update_frequency": ["ANNUAL"]}, "metadonnees-complementaires": {"date-observation": "30/06/2025", "periode-donnees": "2023-2025", "champ": "Candidats aux dipl\u00f4mes d\u00e9livr\u00e9s par le minist\u00e8re charg\u00e9 de l'\u00c9ducation nationale et le minist\u00e8re charg\u00e9 de l'Agriculture. Tous les statuts des candidats sont pris en compte, qu'ils soient scolaires, apprentis ou autres (formation continue, candidat individuel ou en enseignement \u00e0 distance)", "couverture-geographique": ["France"], "unite-statistique": "Les candidats au baccalaur\u00e9at", "secret-statistique": null}}}}