{"links": [{"rel": "self", "href": "https://data.education.gouv.fr/api/v2/catalog/datasets/fr-en-baccalaureat-par-academie"}, {"rel": "datasets", "href": "https://data.education.gouv.fr/api/v2/catalog/datasets"}, {"rel": "records", "href": "https://data.education.gouv.fr/api/v2/catalog/datasets/fr-en-baccalaureat-par-academie/records"}, {"rel": "exports", "href": "https://data.education.gouv.fr/api/v2/catalog/datasets/fr-en-baccalaureat-par-academie/exports"}, {"rel": "facets", "href": "https://data.education.gouv.fr/api/v2/catalog/datasets/fr-en-baccalaureat-par-academie/facets"}], "dataset": {"visibility": "domain", "dataset_id": "fr-en-baccalaureat-par-academie", "dataset_uid": "da_7f0cfb", "has_records": true, "features": ["analyze", "timeserie"], "attachments": [], "alternative_exports": [], "data_visible": true, "fields": [{"name": "session", "description": "ann\u00e9e de la session de dipl\u00f4me au format YYYY", "annotations": {"facet": true, "facetsort": "-alphanum", "sortable": true, "timeserie_precision": "year"}, "label": "Session", "type": "date"}, {"name": "code_academie", "description": "Code de l'acad\u00e9mie", "annotations": {}, "label": "Code acad\u00e9mie", "type": "text"}, {"name": "academie", "description": "Libell\u00e9 de l'acad\u00e9mie", "annotations": {"facet": true, "facetsort": "alphanum", "sortable": true, "disjunctive": true}, "label": "Libell\u00e9 acad\u00e9mie", "type": "text"}, {"name": "sexe", "description": "FEMININ ou MASCULIN", "annotations": {"facet": true, "facetsort": "alphanum", "sortable": true, "disjunctive": true}, "label": "Sexe", "type": "text"}, {"name": "statut_du_candidat", "description": "Cette variable pr\u00e9cise sous quel r\u00e9gime le candidat est inscrit \u00e0 l'examen du baccalaur\u00e9at : APPRENTISSAGE, ENSEIGNEMENT A DISTANCE, FORMATION CONTINUE, INDIVIDUEL, SCOLAIRE", "annotations": {"facet": true, "facetsort": "alphanum", "disjunctive": true, "sortable": true}, "label": "Statut du candidat", "type": "text"}, {"name": "voie", "description": "BAC GENERAL ou  BAC TECHNOLOGIQUE ou  BAC PROFESSIONNEL", "annotations": {"facet": true, "facetsort": "alphanum", "disjunctive": true, "sortable": true}, "label": "Voie", "type": "text"}, {"name": "serie", "description": "Cette variable d\u00e9taille les s\u00e9ries du baccalaur\u00e9at g\u00e9n\u00e9ral et du baccalaur\u00e9at technologique ainsi que les grands domaines du baccalaur\u00e9at professionnel : GENERALE / STMG / STI2D / STD2A / ST2S / STL / STAV / S2TMD / STHR / bac pro production / bac pro service", "annotations": {"facet": true, "facetsort": "alphanum", "disjunctive": true, "sortable": true}, "label": "S\u00e9rie", "type": "text"}, {"name": "diplome_specialite", "description": "La variable Dipl\u00f4me Sp\u00e9cialit\u00e9 d\u00e9crit le dipl\u00f4me pr\u00e9par\u00e9 selon la sp\u00e9cialit\u00e9 de formation rep\u00e9r\u00e9e au niveau le plus fin.", "annotations": {"facet": true, "disjunctive": true, "sortable": true, "facetsort": "alphanum"}, "label": "Dipl\u00f4me sp\u00e9cialit\u00e9", "type": "text"}, {"name": "nombre_d_inscrits", "description": "Nombre d'inscrits", "annotations": {"facetsort": "-count"}, "label": "Nombre d'inscrits", "type": "int"}, {"name": "nombre_de_presents", "description": "Nombre de pr\u00e9sents", "annotations": {"facetsort": "-count"}, "label": "Nombre de pr\u00e9sents", "type": "int"}, {"name": "nombre_d_admis_au_1er_groupe", "description": "Nombre d'admis au 1er groupe", "annotations": {"facetsort": "-count"}, "label": "Nombre d'admis au 1er groupe", "type": "int"}, {"name": "nombre_de_refuses_au_1er_groupe", "description": "Nombre de refus\u00e9s au 1er groupe", "annotations": {"facetsort": "-count"}, "label": "Nombre de refus\u00e9s au 1er groupe", "type": "int"}, {"name": "nombre_d_ajournes_passant_les_epreuves_du_2nd_groupe", "description": "Nombre d'ajourn\u00e9s, passant les \u00e9preuves du 2nd groupe", "annotations": {"facetsort": "-count"}, "label": "Nombre d'ajourn\u00e9s, passant les \u00e9preuves du 2nd groupe", "type": "int"}, {"name": "nombre_d_admis_a_l_issue_du_2nd_groupe", "description": "Nombre d'admis \u00e0 l'issue du 2nd groupe", "annotations": {"facetsort": "-count"}, "label": "Nombre d'admis \u00e0 l'issue du 2nd groupe", "type": "int"}, {"name": "nombre_de_refuses_a_l_issue_du_2nd_groupe", "description": "Nombre de refus\u00e9s \u00e0 l'issue du 2nd groupe", "annotations": {"facetsort": "-count"}, "label": "Nombre de refus\u00e9s \u00e0 l'issue du 2nd groupe", "type": "int"}, {"name": "nombre_d_admis_totaux", "description": "Nombre d'admis totaux", "annotations": {"facetsort": "-count"}, "label": "Nombre d'admis totaux", "type": "int"}, {"name": "nombre_d_admis_avec_mention_tb_avec_les_felicitations_du_jury", "description": "Nombre d'admis avec mention TRES BIEN avec les f\u00e9licitations du jury", "annotations": {"facetsort": "-count"}, "label": "Nombre d'admis avec mention TB avec les f\u00e9licitations du jury", "type": "int"}, {"name": "nombre_d_admis_avec_mention_tb_sans_les_felicitations_du_jury", "description": "Nombre d'admis avec mention TRES BIEN sans les f\u00e9licitations du jury", "annotations": {"facetsort": "-count"}, "label": "Nombre d'admis avec mention TB sans les f\u00e9licitations du jury", "type": "int"}, {"name": "nombre_d_admis_avec_mention_b", "description": "Nombre d'admis avec mention BIEN", "annotations": {"facetsort": "-count"}, "label": "Nombre d'admis avec mention B", "type": "int"}, {"name": "nombre_d_admis_avec_mention_ab", "description": "Nombre d'admis avec mention ASSEZ BIEN", "annotations": {"facetsort": "-count"}, "label": "Nombre d'admis avec mention AB", "type": "int"}, {"name": "nombre_d_admis_sans_mention", "description": "Nombre d'admis sans mention", "annotations": {"facetsort": "-count"}, "label": "Nombre d'admis sans mention", "type": "int"}, {"name": "nombre_de_refuses_totaux", "description": "Nombre de refus\u00e9s totaux", "annotations": {"facetsort": "-count"}, "label": "Nombre de refus\u00e9s totaux", "type": "int"}], "metas": {"dcat": {"created": "2022-02-16", "issued": "2022-02-16", "creator": "Bureau des \u00e9tudes statistiques sur les \u00e9l\u00e8ves", "contributor": null, "contact_name": null, "contact_email": null, "accrualperiodicity": "Annuelle", "spatial": "France", "temporal": "Session annuelle des examens du baccalaur\u00e9at de Juin \u00e0 Septembre", "granularity": null, "dataquality": null, "publisher_type": null, "conforms_to": null, "temporal_coverage_start": "2021-06-29T22:00:00+00:00", "temporal_coverage_end": "2025-06-29T22:00:00+00:00", "accessRights": null, "relation": null}, "default": {"title": "Le baccalaur\u00e9at par acad\u00e9mie", "description": "<table border=\"0\" cellpadding=\"0\" cellspacing=\"0\" width=\"668\"><colgroup><col width=\"668\"/></colgroup><tbody><tr height=\"440\">\n  <td class=\"xl65\" height=\"440\" style=\"height:330.0pt;width:501pt\" width=\"668\"><p>Ce jeu de donn\u00e9es contient les r\u00e9sultats au baccalaur\u00e9at par acad\u00e9mie et par voie du baccalaur\u00e9at.\u00a0 Le baccalaur\u00e9at est un dipl\u00f4me national qui sanctionne la fin des \u00e9tudes secondaires g\u00e9n\u00e9rale, technologique ou professionnelle.<br><br>Ce jeu de donn\u00e9es regroupe l'ensemble des candidats au baccalaur\u00e9at des sessions de juin et de septembre, quels que soient leur origine scolaire (candidats individuels compris) et le minist\u00e8re d\u00e9livrant le dipl\u00f4me (\u00e9ducation nationale ou agriculture). <br><br>La date d'observation est d\u00e9finie au 30 juin de chaque ann\u00e9e m\u00eame si la date des \u00e9preuves varie d'une ann\u00e9e \u00e0 l'autre.<br><br>Derni\u00e8re observation : Session 2025 du baccalaur\u00e9at</p><p><p>Pour en savoir plus :</p><p><a href=\"https://www.education.gouv.fr/depp/resultats-definitifs-du-baccalaureat-2025-moins-de-bacheliers-dans-les-voies-generale-et-469403\" target=\"_blank\">Thomas\n F., 2026, \u00ab R\u00e9sultats d\u00e9finitifs du baccalaur\u00e9at 2025 : moins de \nbacheliers dans les voies g\u00e9n\u00e9rale et technologique, plus dans la voie \nprofessionnelle \u00bb, <i>Note d'Information</i>, n\u00b0 26-05, DEPP.</a></p><p><a href=\"https://www.education.gouv.fr/resultats-definitifs-de-la-session-2024-du-baccalaureat-un-taux-de-reussite-en-hausse-dans-chacune-416467\" target=\"_blank\">Thomas\n F., 2025, \"R\u00e9sultats d\u00e9finitifs de la session 2024 du baccalaur\u00e9at : un\n taux de r\u00e9ussite en hausse dans chacune des voies\", <i>Note d'Information</i>, n\u00b0 25-05, DEPP.<br></a>https://doi.org/10.48464/ni-25-05</p><p><a href=\"https://www.education.gouv.fr/resultats-definitifs-de-la-session-2023-du-baccalaureat-stabilisation-des-resultats-apres-la-crise-413901\" target=\"_blank\">Thomas\n F., 2024,\"R\u00e9sultats d\u00e9finitifs de la session 2023 du baccalaur\u00e9at : \nstabilisation des r\u00e9sultats apr\u00e8s la crise sanitaire et la mise en place\n du nouveau baccalaur\u00e9at g\u00e9n\u00e9ral\", Note d'Information, n\u00b0 24.07, DEPP.</a>\u00a0<br><a href=\"https://shs.hal.science/halshs-04513205\" target=\"_blank\">https://doi.org/10.48464/ni-24-07</a></p><p><br><br></p></p></td>\n</tr></tbody></table>", "theme": ["Dipl\u00f4mes et examens"], "keyword": ["lyc\u00e9e", "examen", "baccalaur\u00e9at", "terminale", "second degr\u00e9", "2nd degr\u00e9", "BAC", "r\u00e9ussite", "candidat", "acad\u00e9mie"], "license": "Licence Ouverte v2.0 (Etalab)", "license_url": "http://www.etalab.gouv.fr/wp-content/uploads/2017/04/ETALAB-Licence-Ouverte-v2.0.pdf", "language": "fr", "metadata_languages": ["fr"], "timezone": null, "modified": "2026-02-17T09:12:53.803000+00:00", "modified_updates_on_metadata_change": true, "modified_updates_on_data_change": true, "data_processed": "2026-02-17T09:00:14.628000+00:00", "metadata_processed": "2026-02-17T09:12:55.205000+00:00", "geographic_reference": null, "geographic_reference_auto": false, "territory": null, "geometry_types": null, "bbox": null, "publisher": "DEPP \u2013 Minist\u00e8re en charge de l\u2019\u00e9ducation nationale", "references": null, "records_count": 43217, "attributions": null, "source_domain": null, "source_domain_title": null, "source_domain_address": null, "source_dataset": null, "shared_catalog": null, "federated": false, "parent_domain": null, "update_frequency": null}, "metadonnees-complementaires": {"date-observation": "30/06/2025", "periode-donnees": "2021-2025", "champ": "Candidats aux dipl\u00f4mes d\u00e9livr\u00e9s par le minist\u00e8re charg\u00e9 de l'\u00c9ducation nationale et le minist\u00e8re charg\u00e9 de l'Agriculture. Tous les statuts des candidats sont pris en compte, qu'ils soient scolaires, apprentis ou autres (formation continue, candidat individuel ou en enseignement \u00e0 distance)", "couverture-geographique": ["France"], "unite-statistique": "Les candidats au baccalaur\u00e9at", "secret-statistique": null}}}}