{"links": [{"rel": "self", "href": "https://data.education.gouv.fr/api/v2/catalog/datasets/fr-en-annuaire_bde_lycees_pro"}, {"rel": "datasets", "href": "https://data.education.gouv.fr/api/v2/catalog/datasets"}, {"rel": "records", "href": "https://data.education.gouv.fr/api/v2/catalog/datasets/fr-en-annuaire_bde_lycees_pro/records"}, {"rel": "exports", "href": "https://data.education.gouv.fr/api/v2/catalog/datasets/fr-en-annuaire_bde_lycees_pro/exports"}, {"rel": "facets", "href": "https://data.education.gouv.fr/api/v2/catalog/datasets/fr-en-annuaire_bde_lycees_pro/facets"}], "dataset": {"visibility": "domain", "dataset_id": "fr-en-annuaire_bde_lycees_pro", "dataset_uid": "da_bskb51", "has_records": true, "features": ["analyze", "geo", "custom_view"], "attachments": [], "alternative_exports": [], "data_visible": true, "fields": [{"name": "numero_uai", "description": "num\u00e9ro de l'unit\u00e9 administrative immatricul\u00e9e (uai)", "annotations": {"facetsort": "alphanum", "disjunctive": true, "sortable": true}, "label": "Code \u00e9tablissement", "type": "text"}, {"name": "appellation_officielle", "description": "appellation officielle de l'uai", "annotations": {"sortable": true, "facetsort": "alphanum", "disjunctive": true}, "label": "Appellation officielle", "type": "text"}, {"name": "adresse_uai", "description": "adresse de l\u2019uai", "annotations": {}, "label": "Adresse", "type": "text"}, {"name": "lieu_dit_uai", "description": "lieu-dit de l\u2019uai", "annotations": {}, "label": "Lieu dit", "type": "text"}, {"name": "code_postal_uai", "description": "code postal de l\u2019uai", "annotations": {"facet": true, "disjunctive": true, "sortable": true, "facetsort": "alphanum"}, "label": "Code postal", "type": "text"}, {"name": "localite_acheminement_uai", "description": "localit\u00e9 d\u2019acheminement de l\u2019uai", "annotations": {"facet": true, "facetsort": "alphanum", "disjunctive": true, "sortable": true}, "label": "Localite d'acheminement", "type": "text"}, {"name": "libelle_commune", "description": "nom de la commune", "annotations": {"facet": true, "disjunctive": true, "sortable": true, "facetsort": "alphanum"}, "label": "Commune", "type": "text"}, {"name": "libelle_departement", "description": "nom du d\u00e9partement", "annotations": {"facet": true, "facetsort": "alphanum", "disjunctive": true, "sortable": true}, "label": "D\u00e9partement", "type": "text"}, {"name": "libelle_region", "description": "nom de la r\u00e9gion", "annotations": {"facet": true, "facetsort": "alphanum", "sortable": true, "disjunctive": true}, "label": "R\u00e9gion", "type": "text"}, {"name": "libelle_academie", "description": "nom de l'acad\u00e9mie", "annotations": {"facet": true, "facetsort": "alphanum", "sortable": true, "disjunctive": true}, "label": "Acad\u00e9mie", "type": "text"}, {"name": "mail_bde", "description": "Mail bureau des entreprises", "annotations": {"multivalued": ";"}, "label": "Mail bureau des entreprises", "type": "text"}, {"name": "telephone", "description": "num\u00e9ro de t\u00e9l\u00e9phone", "annotations": {}, "label": "Telephone", "type": "text"}, {"name": "web", "description": "site web", "annotations": {}, "label": "Web", "type": "text"}, {"name": "position", "description": "latitude et longitude WGS84", "annotations": {"facetsort": "-count"}, "label": "Position", "type": "geo_point_2d"}, {"name": "localisation", "description": "qualifie le mode de positionnement de l'adresse.\nValeurs possibles\n1/ l'adresse ponctuelle a \u00e9t\u00e9 v\u00e9rifi\u00e9e par un collecteur:\n1. B\u00c2TIMENT\n2/ l'adresse ponctuelle correspondant exactement \u00e0 celle de l'\u00e9tablissement a \u00e9t\u00e9 trouv\u00e9e :\n2. PLAQUE_ADRESSE_PROJETEE : projection de la plaque adresse\n3. CENTRE_PARCELLE_PROJETE : projection du centro\u00efde de parcelle\n3/ l'adresse pr\u00e9cise n'a pas \u00e9t\u00e9 trouv\u00e9e mais une adresse ponctuelle voisine a \u00e9t\u00e9 trouv\u00e9e:\n- DEFAUT_D_INDICE [num\u00e9ro et indice utilis\u00e9] : adresse projet\u00e9e de m\u00eame num\u00e9ro, mais d'indice diff\u00e9rent)\n- DEFAUT_DE_NUMERO [num\u00e9ro cherch\u00e9 -> num\u00e9ro utilis\u00e9] : adresse projet\u00e9e la plus proche. Si l'adresse recherch\u00e9e n'a pas de num\u00e9ro, il est plac\u00e9 sur le plus petit num\u00e9ro trouv\u00e9 (ex. DEFAUT_DE_NUMERO [->2])\n4/ aucune adresse ponctuelle portant le m\u00eame nom de voie n'a \u00e9t\u00e9 trouv\u00e9e, mais un tron\u00e7on portant ce nom a \u00e9t\u00e9 trouv\u00e9 :\n1. INTERPOLATION : adresse interpol\u00e9e entre les bornes initiales et finales d'un tron\u00e7on (interpolation lin\u00e9aire)\n2. DEFAUT_DE_TRONCON : aucun tron\u00e7on de la route appari\u00e9e n'a de bornes permettant d'encadrer le num\u00e9ro recherch\u00e9. L'adresse est positionn\u00e9e sur le tron\u00e7on dont les bornes sont le plus proche du num\u00e9ro recherch\u00e9.\n5/ ni adresse ni tron\u00e7on n\u2019ont \u00e9t\u00e9 trouv\u00e9s, mais un lieu-dit (ponctuel) ou une zone nomm\u00e9e (ponctuelle) de m\u00eame nom a \u00e9t\u00e9 trouv\u00e9e :\n- ZONE_D_ADRESSAGE\n6/ la g\u00e9olocalisation se fait \u00e0 la commune:\n- COMMUNE\n7/ pas de g\u00e9olocalisation :\n- ERR", "annotations": {}, "label": "Localisation", "type": "text"}, {"name": "secteur", "description": "Secteur public/priv\u00e9", "annotations": {"facet": true}, "label": "Secteur", "type": "text"}, {"name": "metiers_prepares", "description": "liste des m\u00e9tiers auxquels les formations du lyc\u00e9e donnent acc\u00e8s", "annotations": {"multivalued": "|"}, "label": "metiers_prepares", "type": "text"}, {"name": "diplomes_prepares", "description": "liste des dipl\u00f4mes pr\u00e9par\u00e9s dans le lyc\u00e9e", "annotations": {"multivalued": "|"}, "label": "diplomes_prepares", "type": "text"}, {"name": "romesv3", "description": "codes Rome V3", "annotations": {"multivalued": "|"}, "label": "romesV3", "type": "text"}], "metas": {"dcat": {"created": null, "issued": null, "creator": null, "contributor": null, "contact_name": null, "contact_email": null, "accrualperiodicity": "Ponctuelle", "spatial": "France", "temporal": "2023", "granularity": null, "dataquality": null, "publisher_type": null, "conforms_to": null, "temporal_coverage_start": "2022-12-31T23:00:00+00:00", "temporal_coverage_end": "2023-12-30T23:00:00+00:00", "accessRights": null, "relation": null}, "default": {"title": "Annuaire des bureaux des entreprises des lyc\u00e9es professionnels et polyvalents", "description": "<div class=\"ods-asset-customview-crosslink\"><p>Cet actif a \u00e9t\u00e9 li\u00e9 \u00e0 l'actif suivant : <a href=\"/explore/assets/visualisation-annuaire-des-bureaux-des-entreprises-des-lycees-professionnels-et-polyvalents/\">Annuaire des bureaux des entreprises des lyc\u00e9es professionnels et polyvalents - Visualization</a></p><hr></div><p>Depuis septembre 2023, dans le cadre de la r\u00e9forme des lyc\u00e9es \nprofessionnels, un bureau des entreprises est ouvert dans chaque lyc\u00e9e \nprofessionnel et lyc\u00e9e polyvalent proposant\n une section d\u2019enseignement professionnel, public et priv\u00e9 sous contrat.\n Le bureau des entreprises est le point d\u2019entr\u00e9e unique des acteurs du \nmonde professionnel : un lieu physique sp\u00e9cifique au sein du lyc\u00e9e \u00a0et \nun interlocuteur d\u00e9di\u00e9, responsable du bureau\n des entreprises, en lien avec le directeur d\u00e9l\u00e9gu\u00e9 aux formations \nprofessionnelles et technologiques. Le pr\u00e9sent jeu de donn\u00e9es a pour \nobjectif d\u2019exposer les coordonn\u00e9es du bureau des entreprises de chaque \nlyc\u00e9e professionnel et lyc\u00e9e polyvalent.</p>", "theme": ["Etablissements (dont IPS)", "Organisation du syst\u00e8me scolaire"], "keyword": ["annuaire", "lyc\u00e9es professionnels", "bureau des entreprises"], "license": "Licence Ouverte v2.0 (Etalab)", "license_url": "http://www.etalab.gouv.fr/wp-content/uploads/2017/04/ETALAB-Licence-Ouverte-v2.0.pdf", "language": "fr", "metadata_languages": ["fr"], "timezone": null, "modified": "2026-03-20T17:16:07.197000+00:00", "modified_updates_on_metadata_change": true, "modified_updates_on_data_change": true, "data_processed": "2026-03-20T17:16:07.197000+00:00", "metadata_processed": "2026-03-20T17:16:07.350000+00:00", "geographic_reference": null, "geographic_reference_auto": false, "territory": null, "geometry_types": ["Point"], "bbox": {"type": "Feature", "geometry": {"coordinates": [[[167.25056083872914, 51.04303610511124], [-63.07236014865339, 51.04303610511124], [-63.07236014865339, -22.28169676847756], [167.25056083872914, -22.28169676847756], [167.25056083872914, 51.04303610511124]]], "type": "Polygon"}, "properties": {}}, "publisher": null, "references": null, "records_count": 1942, "attributions": null, "source_domain": null, "source_domain_title": null, "source_domain_address": null, "source_dataset": null, "shared_catalog": null, "federated": false, "parent_domain": null, "update_frequency": null}, "metadonnees-complementaires": {"date-observation": null, "periode-donnees": null, "champ": null, "couverture-geographique": null, "unite-statistique": null, "secret-statistique": null}}}}