{"links": [{"rel": "self", "href": "https://data.education.gouv.fr/api/v2/catalog/datasets/fr-en-agenda-ministre-education-nationale"}, {"rel": "datasets", "href": "https://data.education.gouv.fr/api/v2/catalog/datasets"}, {"rel": "records", "href": "https://data.education.gouv.fr/api/v2/catalog/datasets/fr-en-agenda-ministre-education-nationale/records"}, {"rel": "exports", "href": "https://data.education.gouv.fr/api/v2/catalog/datasets/fr-en-agenda-ministre-education-nationale/exports"}, {"rel": "facets", "href": "https://data.education.gouv.fr/api/v2/catalog/datasets/fr-en-agenda-ministre-education-nationale/facets"}], "dataset": {"visibility": "domain", "dataset_id": "fr-en-agenda-ministre-education-nationale", "dataset_uid": "da_ib3dih", "has_records": true, "features": ["analyze", "calendar", "timeserie"], "attachments": [], "alternative_exports": [], "data_visible": true, "fields": [{"name": "uid", "description": "identifiant de l'\u00e9v\u00e9nement", "annotations": {"facet": true, "sortable": true, "disjunctive": true}, "label": "identifiant de l'\u00e9v\u00e9nement", "type": "int"}, {"name": "dtstart", "description": "d\u00e9but de l'\u00e9v\u00e9nement", "annotations": {"facet": true, "facetsort": "-alphanum"}, "label": "d\u00e9but de l'\u00e9v\u00e9nement", "type": "date"}, {"name": "dtend", "description": "fin de l'\u00e9v\u00e9nement", "annotations": {"facet": true}, "label": "fin de l'\u00e9v\u00e9nement", "type": "date"}, {"name": "description", "description": "description de l'\u00e9v\u00e9nement", "annotations": {}, "label": "description de l'\u00e9v\u00e9nement", "type": "text"}], "metas": {"dcat": {"created": "2018-09-05", "issued": null, "creator": null, "contributor": null, "contact_name": null, "contact_email": null, "accrualperiodicity": "Ponctuelle", "spatial": "France", "temporal": "2020-2022", "granularity": null, "dataquality": null, "publisher_type": null, "conforms_to": null, "temporal_coverage_start": "2019-12-31T23:00:00+00:00", "temporal_coverage_end": "2022-12-30T23:00:00+00:00", "accessRights": null, "relation": null}, "default": {"title": "Agenda du ministre de l\u2019\u00c9ducation Nationale", "description": "<p>Ce jeu de donn\u00e9es pr\u00e9sente l'agenda du ministre de l\u2019\u00e9ducation nationale et de la jeunesse.<br><br>Une datavisualisation est associ\u00e9e<br><a href=\"https://data.education.gouv.fr/explore/assets/agenda-du-ministre-charge-de-l-education-nationale/view/\" target=\"_blank\">https://data.education.gouv.fr/explore/assets/agenda-du-ministre-charge-de-l-education-nationale/view/</a></p>", "theme": ["Organisation du syst\u00e8me scolaire", "Donn\u00e9es de r\u00e9f\u00e9rence"], "keyword": ["agenda", "calendrier", "Education", "ministre", "minist\u00e8re", "\u00e9v\u00e9nements", "d\u00e9placements"], "license": "Licence Ouverte v2.0 (Etalab)", "license_url": "http://www.etalab.gouv.fr/wp-content/uploads/2017/04/ETALAB-Licence-Ouverte-v2.0.pdf", "language": "fr", "metadata_languages": ["fr"], "timezone": ["Europe/Paris"], "modified": "2026-05-01T04:30:02.326000+00:00", "modified_updates_on_metadata_change": true, "modified_updates_on_data_change": true, "data_processed": "2026-05-01T04:30:02.326000+00:00", "metadata_processed": "2026-05-01T04:30:02.409000+00:00", "geographic_reference": ["world_fr"], "geographic_reference_auto": true, "territory": ["France"], "geometry_types": null, "bbox": null, "publisher": "D\u00e9l\u00e9gation \u00e0 la communication - Minist\u00e8re de l'\u00c9ducation nationale", "references": "http://www.education.gouv.fr/", "records_count": 152, "attributions": null, "source_domain": null, "source_domain_title": null, "source_domain_address": null, "source_dataset": null, "shared_catalog": null, "federated": false, "parent_domain": null, "update_frequency": ["DAILY"]}, "metadonnees-complementaires": {"date-observation": null, "periode-donnees": null, "champ": null, "couverture-geographique": null, "unite-statistique": null, "secret-statistique": null}}}}