{"links": [{"rel": "self", "href": "https://data.education.gouv.fr/api/v2/catalog/datasets/fr-en-age_eleves_entree_sixieme"}, {"rel": "datasets", "href": "https://data.education.gouv.fr/api/v2/catalog/datasets"}, {"rel": "records", "href": "https://data.education.gouv.fr/api/v2/catalog/datasets/fr-en-age_eleves_entree_sixieme/records"}, {"rel": "exports", "href": "https://data.education.gouv.fr/api/v2/catalog/datasets/fr-en-age_eleves_entree_sixieme/exports"}, {"rel": "facets", "href": "https://data.education.gouv.fr/api/v2/catalog/datasets/fr-en-age_eleves_entree_sixieme/facets"}], "dataset": {"visibility": "domain", "dataset_id": "fr-en-age_eleves_entree_sixieme", "dataset_uid": "da_dl4hla", "has_records": true, "features": ["timeserie", "analyze"], "attachments": [], "alternative_exports": [], "data_visible": true, "fields": [{"name": "annee", "description": "Ann\u00e9e au format YYYY", "annotations": {"timeserie_precision": "year"}, "label": "Ann\u00e9e", "type": "date"}, {"name": "code_region_academique", "description": "Code de la r\u00e9gion acad\u00e9mique", "annotations": {}, "label": "Code r\u00e9gion acad\u00e9mique", "type": "text"}, {"name": "code_region_insee", "description": "Code r\u00e9gion Insee", "annotations": {}, "label": "Code r\u00e9gion Insee", "type": "text"}, {"name": "libelle_region_academique", "description": "Libell\u00e9 de la r\u00e9gion acad\u00e9mique", "annotations": {}, "label": "Libell\u00e9 r\u00e9gion acad\u00e9mique", "type": "text"}, {"name": "code_academie", "description": "Code de l'acad\u00e9mie", "annotations": {}, "label": "Code acad\u00e9mie", "type": "text"}, {"name": "libelle_academie", "description": "Libell\u00e9 de l'acad\u00e9mie", "annotations": {}, "label": "Libell\u00e9 acad\u00e9mie", "type": "text"}, {"name": "code_departement", "description": "Code du d\u00e9partement", "annotations": {}, "label": "Code d\u00e9partement", "type": "text"}, {"name": "lib_departement", "description": "Libell\u00e9 du d\u00e9partement", "annotations": {}, "label": "Libell\u00e9 d\u00e9partement", "type": "text"}, {"name": "1_a_l_heure_tot", "description": "Ensemble des \u00e9l\u00e8ves de 6\u00e8me \u00e2g\u00e9s de 11 ans \u00e0 la rentr\u00e9e", "annotations": {}, "label": "A l'heure total", "type": "int"}, {"name": "2_en_avance_tot", "description": "Ensemble des \u00e9l\u00e8ves de 6\u00e8me \u00e2g\u00e9s de 10 ans ou moins \u00e0 la rentr\u00e9e", "annotations": {}, "label": "En avance total", "type": "int"}, {"name": "3_en_retard_tot", "description": "Ensemble des \u00e9l\u00e8ves de 6\u00e8me \u00e2g\u00e9s de 12 ans ou plus \u00e0 la rentr\u00e9e", "annotations": {}, "label": "En retard total", "type": "int"}, {"name": "eff_tot", "description": "Effectif total des \u00e9l\u00e8ves de 6\u00e8me", "annotations": {}, "label": "Effectif total", "type": "int"}, {"name": "1_a_l_heure_fill", "description": "Ensemble des \u00e9l\u00e8ves de 6\u00e8me \u00e2g\u00e9s de 11 ans \u00e0 la rentr\u00e9e - Filles", "annotations": {}, "label": "A l'heure fille", "type": "int"}, {"name": "2_en_avance_fill", "description": "Ensemble des \u00e9l\u00e8ves de 6\u00e8me \u00e2g\u00e9s de 10 ans ou moins \u00e0 la rentr\u00e9e - Filles", "annotations": {}, "label": "En avance fille", "type": "int"}, {"name": "3_en_retard_fill", "description": "Ensemble des \u00e9l\u00e8ves de 6\u00e8me \u00e2g\u00e9s de 12 ans ou plus \u00e0 la rentr\u00e9e - Filles", "annotations": {}, "label": "En retard fille", "type": "int"}, {"name": "eff_fill", "description": "Effectif total des \u00e9l\u00e8ves de 6\u00e8me - Filles", "annotations": {}, "label": "Effectif total fille", "type": "int"}, {"name": "1_a_l_heure_gar", "description": "Ensemble des \u00e9l\u00e8ves de 6\u00e8me \u00e2g\u00e9s de 11 ans \u00e0 la rentr\u00e9e - Gar\u00e7ons", "annotations": {}, "label": "A l'heure gar\u00e7on", "type": "int"}, {"name": "2_en_avance_gar", "description": "Ensemble des \u00e9l\u00e8ves de 6\u00e8me \u00e2g\u00e9s de 10 ans ou moins \u00e0 la rentr\u00e9e - Gar\u00e7ons", "annotations": {}, "label": "En avance gar\u00e7on", "type": "int"}, {"name": "3_en_retard_gar", "description": "Ensemble des \u00e9l\u00e8ves de 6\u00e8me \u00e2g\u00e9s de 12 ans ou plus \u00e0 la rentr\u00e9e - Gar\u00e7ons", "annotations": {}, "label": "En retard gar\u00e7on", "type": "int"}, {"name": "eff_gar", "description": "Effectif total des \u00e9l\u00e8ves de 6\u00e8me - Gar\u00e7ons", "annotations": {}, "label": "Effectif total gar\u00e7on", "type": "int"}, {"name": "1_a_l_heure_pub", "description": "Ensemble des \u00e9l\u00e8ves de 6\u00e8me \u00e2g\u00e9s de 11 ans \u00e0 la rentr\u00e9e - Public", "annotations": {}, "label": "A l'heure public", "type": "int"}, {"name": "2_en_avance_pub", "description": "Ensemble des \u00e9l\u00e8ves de 6\u00e8me \u00e2g\u00e9s de 12 ans ou plus \u00e0 la rentr\u00e9e - Public", "annotations": {}, "label": "En retard public", "type": "int"}, {"name": "3_en_retard_pub", "description": "Ensemble des \u00e9l\u00e8ves de 6\u00e8me \u00e2g\u00e9s de 12 ans ou plus \u00e0 la rentr\u00e9e - Public", "annotations": {}, "label": "En retard public", "type": "int"}, {"name": "eff_pub", "description": "Effectif total des \u00e9l\u00e8ves de 6\u00e8me - Public", "annotations": {}, "label": "Effectif total public", "type": "int"}, {"name": "1_a_l_heure_pr", "description": "Ensemble des \u00e9l\u00e8ves de 6\u00e8me \u00e2g\u00e9s de 11 ans \u00e0 la rentr\u00e9e - Priv\u00e9", "annotations": {}, "label": "A l'heure priv\u00e9", "type": "int"}, {"name": "2_en_avance_pr", "description": "Ensemble des \u00e9l\u00e8ves de 6\u00e8me \u00e2g\u00e9s de 10 ans ou moins \u00e0 la rentr\u00e9e - Priv\u00e9", "annotations": {}, "label": "En avance priv\u00e9", "type": "int"}, {"name": "3_en_retard_pr", "description": "Ensemble des \u00e9l\u00e8ves de 6\u00e8me \u00e2g\u00e9s de 12 ans ou plus \u00e0 la rentr\u00e9e - Priv\u00e9", "annotations": {}, "label": "En retard priv\u00e9", "type": "int"}, {"name": "eff_pr", "description": "Effectif total des \u00e9l\u00e8ves de 6\u00e8me - Priv\u00e9", "annotations": {}, "label": "Effectif total priv\u00e9", "type": "int"}, {"name": "1_a_l_heure_pub_fill", "description": "Ensemble des \u00e9l\u00e8ves de 6\u00e8me \u00e2g\u00e9s de 11 ans \u00e0 la rentr\u00e9e - Public_Filles", "annotations": {}, "label": "A l'heure public fille", "type": "int"}, {"name": "2_en_avance_pub_fill", "description": "Ensemble des \u00e9l\u00e8ves de 6\u00e8me \u00e2g\u00e9s de 10 ans ou moins \u00e0 la rentr\u00e9e - Public_Filles", "annotations": {}, "label": "En avance public fille", "type": "int"}, {"name": "3_en_retard_pub_fill", "description": "Ensemble des \u00e9l\u00e8ves de 6\u00e8me \u00e2g\u00e9s de 12 ans ou plus \u00e0 la rentr\u00e9e - Public_Filles", "annotations": {}, "label": "En retard public fille", "type": "int"}, {"name": "eff_pub_fill", "description": "Effectif total des \u00e9l\u00e8ves de 6\u00e8me - Public_Filles", "annotations": {}, "label": "Effectif total public fille", "type": "int"}, {"name": "1_a_l_heure_pub_gar", "description": "Ensemble des \u00e9l\u00e8ves de 6\u00e8me \u00e2g\u00e9s de 11 ans \u00e0 la rentr\u00e9e - Public_Gar\u00e7ons", "annotations": {}, "label": "A l'heure public gar\u00e7on", "type": "int"}, {"name": "2_en_avance_pub_gar", "description": "Ensemble des \u00e9l\u00e8ves de 6\u00e8me \u00e2g\u00e9s de 10 ans ou moins \u00e0 la rentr\u00e9e - Public_Gar\u00e7ons", "annotations": {}, "label": "En avance public gar\u00e7on", "type": "int"}, {"name": "3_en_retard_pub_gar", "description": "Ensemble des \u00e9l\u00e8ves de 6\u00e8me \u00e2g\u00e9s de 12 ans ou plus \u00e0 la rentr\u00e9e - Public_Gar\u00e7ons", "annotations": {}, "label": "En retard public gar\u00e7on", "type": "int"}, {"name": "eff_pub_gar", "description": "Effectif total des \u00e9l\u00e8ves de 6\u00e8me - Public_Gar\u00e7ons", "annotations": {}, "label": "Effectif total public gar\u00e7on", "type": "int"}, {"name": "1_a_l_heure_pr_fill", "description": "Ensemble des \u00e9l\u00e8ves de 6\u00e8me \u00e2g\u00e9s de 11 ans \u00e0 la rentr\u00e9e - Priv\u00e9_Filles", "annotations": {}, "label": "A l'heure priv\u00e9 fille", "type": "int"}, {"name": "2_en_avance_pr_fill", "description": "Ensemble des \u00e9l\u00e8ves de 6\u00e8me \u00e2g\u00e9s de 10 ans ou moins \u00e0 la rentr\u00e9e - Priv\u00e9_Filles", "annotations": {}, "label": "En avance priv\u00e9 fille", "type": "int"}, {"name": "3_en_retard_pr_fill", "description": "Ensemble des \u00e9l\u00e8ves de 6\u00e8me \u00e2g\u00e9s de 12 ans ou plus \u00e0 la rentr\u00e9e - Priv\u00e9_Filles", "annotations": {}, "label": "En retard priv\u00e9 fille", "type": "int"}, {"name": "eff_pr_fill", "description": "Effectif total des \u00e9l\u00e8ves de 6\u00e8me - Priv\u00e9_Filles", "annotations": {}, "label": "Effectif total priv\u00e9 fille", "type": "int"}, {"name": "1_a_l_heure_pr_gar", "description": "Ensemble des \u00e9l\u00e8ves de 6\u00e8me \u00e2g\u00e9s de 11 ans \u00e0 la rentr\u00e9e - Priv\u00e9_Gar\u00e7ons", "annotations": {}, "label": "A l'heure priv\u00e9 gar\u00e7on", "type": "int"}, {"name": "2_en_avance_pr_gar", "description": "Ensemble des \u00e9l\u00e8ves de 6\u00e8me \u00e2g\u00e9s de 10 ans ou moins \u00e0 la rentr\u00e9e - Priv\u00e9_Gar\u00e7ons", "annotations": {}, "label": "En avance priv\u00e9 gar\u00e7on", "type": "int"}, {"name": "3_en_retard_pr_gar", "description": "Ensemble des \u00e9l\u00e8ves de 6\u00e8me \u00e2g\u00e9s de 12 ans ou plus \u00e0 la rentr\u00e9e - Priv\u00e9_Gar\u00e7ons", "annotations": {}, "label": "En retard priv\u00e9 gar\u00e7on", "type": "int"}, {"name": "eff_pr_gar", "description": "Effectif total des \u00e9l\u00e8ves de 6\u00e8me - Priv\u00e9_Gar\u00e7ons", "annotations": {}, "label": "Effectif total priv\u00e9 gar\u00e7on", "type": "int"}], "metas": {"dcat": {"created": "2025-02-06", "issued": "2025-03-06", "creator": "Bureau des \u00e9tudes statistiques sur les \u00e9l\u00e8ves", "contributor": null, "contact_name": null, "contact_email": null, "accrualperiodicity": "annual", "spatial": "France", "temporal": "la rentr\u00e9e scolaire", "granularity": null, "dataquality": null, "publisher_type": null, "conforms_to": null, "temporal_coverage_start": "2020-09-30T23:00:00+00:00", "temporal_coverage_end": "2025-09-30T23:00:00+00:00", "accessRights": null, "relation": null}, "default": {"title": "Age des \u00e9l\u00e8ves \u00e0 l'entr\u00e9e en sixi\u00e8me", "description": "<p>Ce jeu de donn\u00e9es pr\u00e9sente les informations sur l'\u00e2ge des \u00e9l\u00e8ves \u00e0 l'entr\u00e9e en sixi\u00e8me par d\u00e9partement.<br><br>Les \u00e9l\u00e8ves sont consid\u00e9r\u00e9s comme :<br>\u00e0 l'heure s'ils sont \u00e2g\u00e9s de 11 ans \u00e0 la rentr\u00e9e<br>en avance s'ils sont \u00e2g\u00e9s de 10 ans ou moins \u00e0 la rentr\u00e9e<br>en retard s'ils sont \u00e2g\u00e9s de 12 ans ou plus \u00e0 la rentr\u00e9e</p><p>Dans ce jeu de donn\u00e9es ne sont pas inclus les \u00e9l\u00e8ves redoublant la sixi\u00e8me.</p><p>Date de la derni\u00e8re observation : 01/10/2025.</p><p>La\n date d'observation est indiqu\u00e9e au 1er octobre de chaque ann\u00e9e mais \nelle peut varier de quelques jours. L'observation se fait courant \noctobre.</p><p>Pour en savoir plus :</p><p><a href=\"https://rers.depp.education.fr/2025/tableau/04_EL2D/04_FORMCOL\" target=\"_blank\">Les formations en coll\u00e8ge : sexe, \u00e2ge, flux,\u00a0</a><i><a href=\"https://rers.depp.education.fr/2025/tableau/04_EL2D/04_FORMCOL\" target=\"_blank\">RERS 2025</a></i><a href=\"https://rers.depp.education.fr/2025/tableau/04_EL2D/04_FORMCOL\" target=\"_blank\"> Fiche 4.04</a></p>", "theme": ["El\u00e8ves, \u00e9tudiants, et apprentis"], "keyword": ["retard", "sixi\u00e8me", "6\u00e8me", "second degr\u00e9", "2nd degr\u00e9", "\u00e2ge", "\u00e9l\u00e8ve", "d\u00e9partement", "coll\u00e8ge"], "license": "Licence Ouverte v2.0 (Etalab)", "license_url": "http://www.etalab.gouv.fr/wp-content/uploads/2017/04/ETALAB-Licence-Ouverte-v2.0.pdf", "language": "fr", "metadata_languages": ["fr"], "timezone": null, "modified": "2026-02-27T08:30:27.079000+00:00", "modified_updates_on_metadata_change": true, "modified_updates_on_data_change": true, "data_processed": "2026-02-27T08:30:27.079000+00:00", "metadata_processed": "2026-02-27T08:30:27.217000+00:00", "geographic_reference": null, "geographic_reference_auto": false, "territory": null, "geometry_types": null, "bbox": null, "publisher": "DEPP \u2013 Minist\u00e8re en charge de l\u2019\u00e9ducation nationale", "references": null, "records_count": 612, "attributions": null, "source_domain": null, "source_domain_title": null, "source_domain_address": null, "source_dataset": null, "shared_catalog": null, "federated": false, "parent_domain": null, "update_frequency": ["ANNUAL"]}, "metadonnees-complementaires": {"date-observation": "01/10/2025", "periode-donnees": "2020-2025", "champ": "coll\u00e8ges publics et priv\u00e9s sous contrat", "couverture-geographique": ["France"], "unite-statistique": "les \u00e9l\u00e8ves", "secret-statistique": null}}}}