{"links": [{"rel": "self", "href": "https://data.education.gouv.fr/api/v2/catalog/datasets/fr-en-academies-ep"}, {"rel": "datasets", "href": "https://data.education.gouv.fr/api/v2/catalog/datasets"}, {"rel": "records", "href": "https://data.education.gouv.fr/api/v2/catalog/datasets/fr-en-academies-ep/records"}, {"rel": "exports", "href": "https://data.education.gouv.fr/api/v2/catalog/datasets/fr-en-academies-ep/exports"}, {"rel": "facets", "href": "https://data.education.gouv.fr/api/v2/catalog/datasets/fr-en-academies-ep/facets"}], "dataset": {"visibility": "domain", "dataset_id": "fr-en-academies-ep", "dataset_uid": "da_khqmn5", "has_records": true, "features": ["analyze"], "attachments": [], "alternative_exports": [], "data_visible": true, "fields": [{"name": "annee", "description": "Ann\u00e9e", "annotations": {"facet": true, "sortable": true, "facetsort": "-count"}, "label": "Ann\u00e9e", "type": "int"}, {"name": "academie_nom_ou_national", "description": "Nom de l'acad\u00e9mie", "annotations": {"facet": true, "sortable": true}, "label": "Acad\u00e9mie nom ou NATIONAL", "type": "text"}, {"name": "appartenance_ep", "description": "Appartenance \u00e0 un groupe d'\u00e9tablissements relevant de l'\u00e9ducation prioritaire ou non (HEP) \u00e0 la rentr\u00e9e scolaire", "annotations": {"facet": true, "sortable": true, "disjunctive": true}, "label": "Appartenance EP", "type": "text"}, {"name": "secteur_code", "description": "Code du secteur d'enseignement", "annotations": {"facet": true}, "label": "Secteur code", "type": "int"}, {"name": "secteur_nom", "description": "Nom du secteur d'enseignement", "annotations": {"facet": true, "sortable": true}, "label": "Secteur nom", "type": "text"}, {"name": "academie_code", "description": "Code de l'acad\u00e9mie", "annotations": {"facetsort": "-count", "facet": true, "sortable": true}, "label": "Academie code", "type": "text"}, {"name": "region_code", "description": "Code de la r\u00e9gion", "annotations": {"facetsort": "-count"}, "label": "Region code", "type": "text"}, {"name": "region_nom", "description": "Nom de la r\u00e9gion", "annotations": {}, "label": "Region nom", "type": "text"}, {"name": "region_2016_code", "description": "Code de la  nouvelle r\u00e9gion", "annotations": {"facetsort": "-count", "facet": true, "sortable": true}, "label": "Region 2016 code", "type": "text"}, {"name": "region_2016_nom", "description": "Nom de la nouvelle r\u00e9gion", "annotations": {"facet": true, "sortable": true}, "label": "Region 2016 nom", "type": "text"}, {"name": "regroupement_geographique", "description": "Niveau du regroupement g\u00e9ographique : acad\u00e9mique ou national", "annotations": {}, "label": "Regroupement geographique", "type": "text"}, {"name": "nb_etp_aed", "description": "Nombre d'ETP d'AED dans les coll\u00e8ges publics appartenant \u00e0 un groupe d'\u00e9tablissements relevant de l'\u00e9ducation prioritaire ou non (HEP) \u00e0 la rentr\u00e9e scolaire N (\u00e0 partir de la rentr\u00e9e N = 2014)", "annotations": {}, "label": "Nb ETP AED", "type": "double"}, {"name": "nb_etp_supplementaires_1d", "description": "Nombre d'ETP suppl\u00e9mentaires  dans les \u00e9coles appartenant \u00e0 un groupe d'\u00e9coles publiques relevant de l'\u00e9ducation prioritaire \u00e0 la rentr\u00e9e scolaire N (\u00e0 partir de la rentr\u00e9e N = 2014)", "annotations": {}, "label": "Nb ETP suppl\u00e9mentaires 1D", "type": "double"}, {"name": "nb_etp_en_ep_1d", "description": "Nombre d'ETP dans les \u00e9coles appartenant \u00e0 un groupe d'\u00e9coles publiques relevant de l'\u00e9ducation prioritaire \u00e0 la rentr\u00e9e scolaire N (\u00e0 partir de la rentr\u00e9e N = 2014)", "annotations": {}, "label": "Nb ETP en EP 1D", "type": "double"}, {"name": "nb_entrants_6e", "description": "Effectif d'\u00e9l\u00e8ves entrant en 6\u00e8me hors SEGPA dans un coll\u00e8ge de France m\u00e9tropolitaine + 5 DOM \u00e0 la rentr\u00e9e N, scolaris\u00e9s dans l'\u00e9cole en CM2 ou CM1 \u00e0 la rentr\u00e9e N-1", "annotations": {}, "label": "Nb Entrants 6e", "type": "int"}, {"name": "nb_eleves", "description": "Effectif d'\u00e9l\u00e8ves \u00e0 la rentr\u00e9e N", "annotations": {}, "label": "Nb Eleves", "type": "int"}, {"name": "nb_classes", "description": "Nombre de classes \u00e0 la rentr\u00e9e N", "annotations": {}, "label": "Nb Classes", "type": "int"}, {"name": "nb_entrants_6e_retardataires", "description": "Effectif d'\u00e9l\u00e8ves ayant 12 ans r\u00e9volus au 31 d\u00e9cembre  de l'ann\u00e9e N parmi les entrants en 6\u00e8me hors SEGPA dans un coll\u00e8ge de France m\u00e9tropolitaine + 5 DOM \u00e0 la rentr\u00e9e N, scolaris\u00e9s dans l'\u00e9cole en CM2 ou CM1 \u00e0 la rentr\u00e9e N-1", "annotations": {}, "label": "Nb Entrants 6e retardataires", "type": "int"}, {"name": "nb_emplois_pmqc", "description": "Stock d'emplois sur le dispositif \"plus de ma\u00eetres que de classes\" dans l'\u00e9cole \u00e0 la rentr\u00e9e N (\u00e0 partir de rentr\u00e9e 2014)", "annotations": {}, "label": "Nb emplois PMQC", "type": "double"}, {"name": "nb_emplois_sco_moins_3_ans", "description": "Stock d'emplois sur le dispositif \"scolarisation des moins de 3 ans\" dans l'\u00e9cole \u00e0 la rentr\u00e9e N (\u00e0 partir de rentr\u00e9e 2014)", "annotations": {}, "label": "Nb emplois Sco moins 3 ans", "type": "double"}, {"name": "nb_classes_elementaires", "description": "Nombre de classes \u00e9l\u00e9mentaires \u00e0 la rentr\u00e9e N", "annotations": {}, "label": "Nb classes \u00e9l\u00e9mentaires", "type": "int"}, {"name": "nb_eleves_de_2_ans", "description": "Effectif d'\u00e9l\u00e8ves de 2 ans dans le pr\u00e9\u00e9l\u00e9m\u00e9ntaire \u00e0 la rentr\u00e9e N", "annotations": {}, "label": "Nb \u00e9l\u00e8ves de 2 ans", "type": "int"}, {"name": "nb_eleves_dans_preelementaire", "description": "Effectif d'\u00e9l\u00e8ves dans le pr\u00e9\u00e9l\u00e9m\u00e9ntaire rentr\u00e9e N", "annotations": {}, "label": "Nb \u00e9l\u00e8ves dans pr\u00e9\u00e9lementaire", "type": "int"}, {"name": "enseignement_preelementaire", "description": "Indicatrice d'existence d'un enseignement pr\u00e9\u00e9l\u00e9mentaire \u00e0 la rentr\u00e9e N", "annotations": {}, "label": "Enseignement pr\u00e9\u00e9lementaire", "type": "int"}, {"name": "nb_colleges_tetes_de_reseau", "description": "Si l'\u00e9cole appartient \u00e0 un r\u00e9seau REP ou REP+ : nombre de UAI (coll\u00e8ges) t\u00eates de ce r\u00e9seau \u00e0 la rentr\u00e9e N (\u00e0 partir de la rentr\u00e9e 2015)", "annotations": {}, "label": "Nb coll\u00e8ges t\u00eates de r\u00e9seau", "type": "text"}, {"name": "nb_collegiens", "description": "Effectif de coll\u00e9giens \u00e0 la rentr\u00e9e N", "annotations": {}, "label": "Nb coll\u00e9giens", "type": "int"}, {"name": "nb_divisions", "description": "Nombre de divisions \u00e0 la rentr\u00e9e N", "annotations": {}, "label": "Nb divisions", "type": "int"}, {"name": "nb_collegiens_boursiers", "description": "Effectif de coll\u00e9giens boursiers ann\u00e9e scolaire N/N+1", "annotations": {}, "label": "Nb coll\u00e9giens boursiers", "type": "int"}, {"name": "nb_collegiens_boursiers_taux1", "description": "Effectif de coll\u00e9giens boursiers de taux 1 ann\u00e9e scolaire N/N+1", "annotations": {}, "label": "Nb coll\u00e9giens boursiers taux1", "type": "int"}, {"name": "nb_collegiens_boursiers_taux2", "description": "Effectif de coll\u00e9giens boursiers de taux 2 ann\u00e9e scolaire N/N+1", "annotations": {}, "label": "Nb coll\u00e9giens boursiers taux2", "type": "int"}, {"name": "nb_collegiens_boursiers_taux3", "description": "Effectif de coll\u00e9giens boursiers de taux 3 ann\u00e9e scolaire N/N+1", "annotations": {}, "label": "Nb coll\u00e9giens boursiers taux3", "type": "int"}, {"name": "nb_collegiens_pcs_defavorisees", "description": "Effectif de coll\u00e9giens issus de PCS d\u00e9favoris\u00e9es \u00e0 la rentr\u00e9e N", "annotations": {}, "label": "Nb coll\u00e9giens PCS d\u00e9favoris\u00e9es", "type": "int"}, {"name": "nb_collegiens_pcs_moyennes", "description": "Effectif de coll\u00e9giens issus de PCS moyennes \u00e0 la rentr\u00e9e N", "annotations": {}, "label": "Nb coll\u00e9giens PCS moyennes", "type": "int"}, {"name": "nb_collegiens_pcs_favorisees", "description": "Effectif de coll\u00e9giens issus de PCS favoris\u00e9es \u00e0 la rentr\u00e9e N", "annotations": {}, "label": "Nb coll\u00e9giens PCS favoris\u00e9es", "type": "int"}, {"name": "nb_collegiens_ulis", "description": "Effectifs de coll\u00e9giens en ULIS \u00e0 la rentr\u00e9e N", "annotations": {}, "label": "Nb coll\u00e9giens ULIS", "type": "int"}, {"name": "nb_presents_dnb_serie_generale", "description": "Effectif de coll\u00e9giens pr\u00e9sents \u00e0 l'examen du brevet des coll\u00e8ges, s\u00e9rie g\u00e9n\u00e9rale session N", "annotations": {}, "label": "Nb pr\u00e9sents DNB s\u00e9rie g\u00e9n\u00e9rale", "type": "int"}, {"name": "nb_admis_dnb_serie_generale", "description": "Effectif de coll\u00e9giens admis \u00e0 l'examen du brevet des coll\u00e8ges, s\u00e9rie g\u00e9n\u00e9rale session N", "annotations": {}, "label": "Nb admis DNB s\u00e9rie g\u00e9n\u00e9rale", "type": "int"}, {"name": "nb_presents_dnb_toutes_series", "description": "Effectif de coll\u00e9giens pr\u00e9sents \u00e0 l'examen du brevet des coll\u00e8ges session N", "annotations": {}, "label": "Nb pr\u00e9sents DNB toutes s\u00e9ries", "type": "int"}, {"name": "nb_admis_dnb_toutes_series", "description": "Effectif de coll\u00e9giens admis \u00e0 l'examen du brevet des coll\u00e8ges session N", "annotations": {}, "label": "Nb admis DNB toutes s\u00e9ries", "type": "int"}, {"name": "nb_collegiens_h_e_college", "description": "Nombre de coll\u00e9giens  dans division (coll\u00e8ge hors SEGPA) ann\u00e9e scolaire N/N+1", "annotations": {}, "label": "Nb coll\u00e9giens (H/E coll\u00e8ge)", "type": "int"}, {"name": "nb_etp_enseignants", "description": "Nombre d'ETP enseignant ann\u00e9e scolaire N/N+1", "annotations": {}, "label": "Nb ETP enseignants", "type": "double"}, {"name": "nb_etp_enseignants_rs_n_1", "description": "Nombre d'ETP enseignant ann\u00e9e scolaire N-1/N", "annotations": {}, "label": "Nb ETP enseignants Rs N-1", "type": "double"}, {"name": "nb_personnels_enseignants", "description": "Effectif de personnels enseignants ann\u00e9e scolaire N/N+1", "annotations": {}, "label": "Nb personnels enseignants", "type": "int"}, {"name": "nb_etp_non_titulaires", "description": "Nombre d'ETP d'enseignants non titulaires ann\u00e9e scolaire N/N+1", "annotations": {}, "label": "Nb ETP non Titulaires", "type": "double"}, {"name": "nb_personnels_age_moins_35_ans", "description": "Effectif d'enseignants \u00e2g\u00e9s de moins de 35 ans ann\u00e9e scolaire N/N+1", "annotations": {}, "label": "Nb Personnels Age Moins 35 ans", "type": "int"}], "metas": {"dcat": {"created": "2016-10-25", "issued": null, "creator": null, "contributor": null, "contact_name": null, "contact_email": null, "accrualperiodicity": "Annuelle", "spatial": "France", "temporal": "2011-2019", "granularity": null, "dataquality": null, "publisher_type": null, "conforms_to": null, "temporal_coverage_start": "2010-12-31T23:00:00+00:00", "temporal_coverage_end": "2019-12-30T23:00:00+00:00", "accessRights": null, "relation": null}, "default": {"title": "Acad\u00e9mies Education Prioritaire", "description": "<p>Indicateurs acad\u00e9miques relatifs \u00e0 l'\u00e9ducation prioritaire, avec cumuls nationaux</p>", "theme": ["Politique \u00e9ducative (dont \u00e9ducation prioritaire)"], "keyword": ["\u00e9ducation prioritaire", "\u00e9cole", "\u00e9l\u00e8ves", "\u00e9tablissement", "REP", "REP+"], "license": "Licence Ouverte v2.0 (Etalab)", "license_url": "http://www.etalab.gouv.fr/wp-content/uploads/2017/04/ETALAB-Licence-Ouverte-v2.0.pdf", "language": "fr", "metadata_languages": ["fr"], "timezone": null, "modified": "2026-01-29T18:25:25.059000+00:00", "modified_updates_on_metadata_change": false, "modified_updates_on_data_change": true, "data_processed": "2026-01-29T18:25:25.059000+00:00", "metadata_processed": "2026-01-29T18:25:25.185000+00:00", "geographic_reference": ["world_fr"], "geographic_reference_auto": true, "territory": ["France"], "geometry_types": null, "bbox": null, "publisher": "DGESCO - Minist\u00e8re de l'\u00e9ducation nationale", "references": null, "records_count": 1658, "attributions": null, "source_domain": null, "source_domain_title": null, "source_domain_address": null, "source_dataset": null, "shared_catalog": null, "federated": false, "parent_domain": null, "update_frequency": null}, "metadonnees-complementaires": {"date-observation": null, "periode-donnees": null, "champ": null, "couverture-geographique": null, "unite-statistique": null, "secret-statistique": null}}}}